{"id":2067,"date":"2023-04-02T10:31:25","date_gmt":"2023-04-02T13:31:25","guid":{"rendered":"https:\/\/lasilusiones.com.ar\/blog\/?p=2067"},"modified":"2023-04-02T10:31:25","modified_gmt":"2023-04-02T13:31:25","slug":"2-de-abril-dia-mundial-de-concientizacion-sobre-el-autismo","status":"publish","type":"post","link":"https:\/\/lasilusiones.com.ar\/blog\/2-de-abril-dia-mundial-de-concientizacion-sobre-el-autismo\/","title":{"rendered":"2 de abril: D\u00eda Mundial de Concientizaci\u00f3n sobre el Autismo"},"content":{"rendered":"\n<p>En el a\u00f1o 2007, la Organizaci\u00f3n de Naciones Unidas design\u00f3 esta fecha para promover la aceptaci\u00f3n, apoyo, inclusi\u00f3n y la defensa de los derechos de todas las personas con autismo,&nbsp;reivindicar su dignidad y autoestima, con el objetivo de que puedan integrarse plenamente como parte valiosa de sus familias y de la sociedad.<\/p>\n\n\n\n<p>Pudimos conversar con Sandra, mam\u00e1 de Sim\u00f3n, artista de teatro de San Isidro. Los invitamos a leer su testimonio.<\/p>\n\n\n\n<p><\/p>\n\n\n\n<div class=\"wp-block-media-text alignwide has-media-on-the-right is-stacked-on-mobile\"><div class=\"wp-block-media-text__content\">\n<p>Sim\u00f3n, c\u00f3mo suelo&nbsp; decir, es \u201c<em>el autista m\u00e1s sociable del mundo<\/em>\u201d. Al momento de su diagn\u00f3stico (cercano a los 3 a\u00f1os) me dijo su neur\u00f3loga: <em>\u201cSim\u00f3n no va a ser el alma de la fiesta, pero las fiestas le van a encantar\u201d. <\/em>&nbsp;Y as\u00ed result\u00f3.<\/p>\n\n\n\n<p>Naci\u00f3 sin ning\u00fan problema, pero yo not\u00e9 un retraso en el habla. Todas las consultas ten\u00edan como resultado que yo era muy ansiosa y que lo comparaba con el hermano que habl\u00f3 muy pronto y mucho (\u00a1y sigue igual!). Al no avanzar en el habla, l\u00f3gicamente, empez\u00f3 a tener berrinches. Ah\u00ed me puse en contacto con otro neur\u00f3logo quien le indic\u00f3 fonoaudiolog\u00eda, psicopedagog\u00eda, psicolog\u00eda y dem\u00e1s. Ven\u00edan a casa, a diario. Eran un ej\u00e9rcito de terapeutas y la situaci\u00f3n, de a poco, empez\u00f3 a mejorar. Supongo que fue una combinaci\u00f3n de causas, porque tambi\u00e9n cambi\u00f3 mi preocupaci\u00f3n y con eso, tal vez, el tratamiento pudo ser m\u00e1s efectivo.<\/p>\n<\/div><figure class=\"wp-block-media-text__media\"><img loading=\"lazy\" decoding=\"async\" width=\"1024\" height=\"576\" src=\"https:\/\/lasilusiones.com.ar\/blog\/wp-content\/uploads\/2023\/03\/WhatsApp-Image-2023-03-30-at-11.24.31-1024x576.jpeg\" alt=\"\" class=\"wp-image-2069 size-full\" srcset=\"https:\/\/lasilusiones.com.ar\/blog\/wp-content\/uploads\/2023\/03\/WhatsApp-Image-2023-03-30-at-11.24.31-1024x576.jpeg 1024w, https:\/\/lasilusiones.com.ar\/blog\/wp-content\/uploads\/2023\/03\/WhatsApp-Image-2023-03-30-at-11.24.31-300x169.jpeg 300w, https:\/\/lasilusiones.com.ar\/blog\/wp-content\/uploads\/2023\/03\/WhatsApp-Image-2023-03-30-at-11.24.31-768x432.jpeg 768w, https:\/\/lasilusiones.com.ar\/blog\/wp-content\/uploads\/2023\/03\/WhatsApp-Image-2023-03-30-at-11.24.31.jpeg 1280w\" sizes=\"auto, (max-width: 1024px) 100vw, 1024px\" \/><\/figure><\/div>\n\n\n\n<p>Un d\u00eda, descubrimos que Sim\u00f3n sab\u00eda leer y escribir, tendr\u00eda unos 4 a\u00f1os y medio. \u00a1Y con eso se abri\u00f3 un mundo! Un sistema alternativo de lenguaje que nos permiti\u00f3 un acceso diferente. Sim\u00f3n es as\u00ed: piensa mucho, habla poco. No te cuenta casi nada, est\u00e1 atento a todo. Es muy emp\u00e1tico y respetuoso con el otro, contrariamente a lo que dice el <em>folklore popular. <\/em>Muy poco expresivo oralmente pero muy expresivo con su cuerpo. Por eso pens\u00e9 que un taller de teatro ser\u00eda bueno para \u00e9l. Tambi\u00e9n va a dibujo, que le encanta, a hockey y a basket. Hizo escuela y colegio en escolaridad \u201c<em>com\u00fan<\/em>\u201d, logrando un hermoso v\u00ednculo con sus compa\u00f1eros, sobre todo, del secundario. Fue MUY feliz y tiene un hermoso recuerdo de su viaje de egresados.<\/p>\n\n\n\n<p>En verdad, a\u00fan muerta de miedo, siempre lo aliento a m\u00e1s. A qu\u00e9 se equivoque si es necesario, pero nunca limitarlo. A veces, <em>escondida entre los arbustos<\/em>, como cuando empez\u00f3 a usar el transporte p\u00fablico y yo iba en el auto en la misma direcci\u00f3n, por si ocurr\u00eda algo.<\/p>\n\n\n\n<div class=\"wp-block-media-text alignwide is-stacked-on-mobile\" style=\"grid-template-columns:40% auto\"><figure class=\"wp-block-media-text__media\"><img loading=\"lazy\" decoding=\"async\" width=\"771\" height=\"1024\" src=\"https:\/\/lasilusiones.com.ar\/blog\/wp-content\/uploads\/2023\/03\/WhatsApp-Image-2023-03-30-at-11.25.48-1-771x1024.jpeg\" alt=\"\" class=\"wp-image-2070 size-full\" srcset=\"https:\/\/lasilusiones.com.ar\/blog\/wp-content\/uploads\/2023\/03\/WhatsApp-Image-2023-03-30-at-11.25.48-1-771x1024.jpeg 771w, https:\/\/lasilusiones.com.ar\/blog\/wp-content\/uploads\/2023\/03\/WhatsApp-Image-2023-03-30-at-11.25.48-1-226x300.jpeg 226w, https:\/\/lasilusiones.com.ar\/blog\/wp-content\/uploads\/2023\/03\/WhatsApp-Image-2023-03-30-at-11.25.48-1-768x1021.jpeg 768w, https:\/\/lasilusiones.com.ar\/blog\/wp-content\/uploads\/2023\/03\/WhatsApp-Image-2023-03-30-at-11.25.48-1-1156x1536.jpeg 1156w, https:\/\/lasilusiones.com.ar\/blog\/wp-content\/uploads\/2023\/03\/WhatsApp-Image-2023-03-30-at-11.25.48-1.jpeg 1204w\" sizes=\"auto, (max-width: 771px) 100vw, 771px\" \/><\/figure><div class=\"wp-block-media-text__content\">\n<p><strong>Me parece muy importante destacar que el hecho de que Sim\u00f3n haya logrado tantas cosas es multicausal y, seguramente, sobre todo se deba a sus caracter\u00edsticas. Digo esto porque muchas veces escucho decir que quienes no tienen estos logros es porque <em>\u201cno fueron estimulados, ayudados, o no se ocuparon de ellos\u201d.<\/em>&nbsp; <\/strong><\/p>\n\n\n\n<p><strong>Y no, no estoy de acuerdo con agregar esa carga a una familia que hace lo que puede, c\u00f3mo puede.<\/strong><\/p>\n<\/div><\/div>\n\n\n\n<p><\/p>\n\n\n\n<p>Gracias Sandra por compartir con nosotros esta historia.<\/p>\n","protected":false},"excerpt":{"rendered":"<p>En el a\u00f1o 2007, la Organizaci\u00f3n de Naciones Unidas design\u00f3 esta fecha para promover la aceptaci\u00f3n, apoyo, inclusi\u00f3n y la defensa de los derechos de&hellip;<\/p>\n","protected":false},"author":2,"featured_media":2071,"comment_status":"open","ping_status":"open","sticky":false,"template":"","format":"standard","meta":{"_monsterinsights_skip_tracking":false,"_monsterinsights_sitenote_active":false,"_monsterinsights_sitenote_note":"","_monsterinsights_sitenote_category":0,"footnotes":""},"categories":[4],"tags":[],"class_list":["post-2067","post","type-post","status-publish","format-standard","has-post-thumbnail","hentry","category-articulo"],"_links":{"self":[{"href":"https:\/\/lasilusiones.com.ar\/blog\/wp-json\/wp\/v2\/posts\/2067","targetHints":{"allow":["GET"]}}],"collection":[{"href":"https:\/\/lasilusiones.com.ar\/blog\/wp-json\/wp\/v2\/posts"}],"about":[{"href":"https:\/\/lasilusiones.com.ar\/blog\/wp-json\/wp\/v2\/types\/post"}],"author":[{"embeddable":true,"href":"https:\/\/lasilusiones.com.ar\/blog\/wp-json\/wp\/v2\/users\/2"}],"replies":[{"embeddable":true,"href":"https:\/\/lasilusiones.com.ar\/blog\/wp-json\/wp\/v2\/comments?post=2067"}],"version-history":[{"count":2,"href":"https:\/\/lasilusiones.com.ar\/blog\/wp-json\/wp\/v2\/posts\/2067\/revisions"}],"predecessor-version":[{"id":2073,"href":"https:\/\/lasilusiones.com.ar\/blog\/wp-json\/wp\/v2\/posts\/2067\/revisions\/2073"}],"wp:featuredmedia":[{"embeddable":true,"href":"https:\/\/lasilusiones.com.ar\/blog\/wp-json\/wp\/v2\/media\/2071"}],"wp:attachment":[{"href":"https:\/\/lasilusiones.com.ar\/blog\/wp-json\/wp\/v2\/media?parent=2067"}],"wp:term":[{"taxonomy":"category","embeddable":true,"href":"https:\/\/lasilusiones.com.ar\/blog\/wp-json\/wp\/v2\/categories?post=2067"},{"taxonomy":"post_tag","embeddable":true,"href":"https:\/\/lasilusiones.com.ar\/blog\/wp-json\/wp\/v2\/tags?post=2067"}],"curies":[{"name":"wp","href":"https:\/\/api.w.org\/{rel}","templated":true}]}}