{"id":2080,"date":"2023-04-07T10:50:18","date_gmt":"2023-04-07T13:50:18","guid":{"rendered":"https:\/\/lasilusiones.com.ar\/blog\/?p=2080"},"modified":"2023-04-07T10:50:18","modified_gmt":"2023-04-07T13:50:18","slug":"conociendo-a-nuestra-comunidad-6","status":"publish","type":"post","link":"https:\/\/lasilusiones.com.ar\/blog\/conociendo-a-nuestra-comunidad-6\/","title":{"rendered":"Conociendo a nuestra comunidad"},"content":{"rendered":"\n<p><\/p>\n\n\n\n<p>Empezamos el mes de abril con el testimonio de Cristina, mam\u00e1 de Lorena. Nos cuenta el recorrido que hicieron juntas, impulsadas por las ganas de salir adelante. Los invitamos a conocer esta nueva historia.<\/p>\n\n\n\n<p><\/p>\n\n\n\n<div class=\"wp-block-media-text alignwide is-stacked-on-mobile\" style=\"grid-template-columns:37% auto\"><figure class=\"wp-block-media-text__media\"><img loading=\"lazy\" decoding=\"async\" width=\"540\" height=\"960\" src=\"https:\/\/lasilusiones.com.ar\/blog\/wp-content\/uploads\/2023\/04\/WhatsApp-Image-2023-03-31-at-15.15.55.jpeg\" alt=\"\" class=\"wp-image-2081 size-full\" srcset=\"https:\/\/lasilusiones.com.ar\/blog\/wp-content\/uploads\/2023\/04\/WhatsApp-Image-2023-03-31-at-15.15.55.jpeg 540w, https:\/\/lasilusiones.com.ar\/blog\/wp-content\/uploads\/2023\/04\/WhatsApp-Image-2023-03-31-at-15.15.55-169x300.jpeg 169w\" sizes=\"auto, (max-width: 540px) 100vw, 540px\" \/><\/figure><div class=\"wp-block-media-text__content\">\n<p>Mi nombre es Cristina Garc\u00eda, tengo 68 a\u00f1os y soy orgullosa mam\u00e1 de tres hijos: Daniel de 43, J\u00e9ssica de 40 y Lorena de 30; y soy abuela de dos hermosas nietas.<\/p>\n\n\n\n<p>La llegada de Lorena, con s\u00edndrome de Down, gener\u00f3 sorpresa, temor y angustia. Esa sensaci\u00f3n fue superada r\u00e1pidamente al recibir el apoyo y la aceptaci\u00f3n de mis hijos; lo m\u00e1s importante era que sus hermanos la estaban aceptando. En los primeros controles m\u00e9dicos se descubri\u00f3 que su coraz\u00f3n necesitaba una cirug\u00eda, que era complicada porque era muy peque\u00f1a, ten\u00eda tres meses de vida y porque ten\u00eda sangre -B (muy dif\u00edcil conseguir la sangre). Gracias a la bendici\u00f3n de Dios y a las manos de los maravillosos cirujanos que la intervinieron, se pudo reparar su coraz\u00f3n y as\u00ed comenz\u00f3 a disfrutar de la vida. Una vez operada y en franca recuperaci\u00f3n creci\u00f3 con amor y estimulaci\u00f3n temprana. Cuando Lore ten\u00eda 3 a\u00f1os tuve el apoyo de una terapista que me dijo que ten\u00eda que hacerle vida dif\u00edcil <em>\u201csi usted la quiere realmente, no le d\u00e9 nada servido, tiene que tratar de que ella se esfuerce si quiere conseguir algo, no se lo alcance, que se arrastre, que busque la forma de alcanzarlo; pero hay que hacerle la vida dif\u00edcil para que ella ponga ganas\u201d. <\/em>Fue muy importante ese mensaje y, adem\u00e1s, me cambi\u00f3 la mirada hacia mis otros hijos. Todo lo que nuestros hijos hacen en forma habitual y normal, en un hijo con S\u00edndrome de Down, es mucho m\u00e1s esfuerzo y mucho m\u00e1s sacrificio. Para ellos, alcanzar los mismos logros que los hermanos es m\u00e1s dif\u00edcil.&nbsp;<\/p>\n\n\n\n<p>En ese momento tambi\u00e9n comenc\u00e9 la lucha golpeando puertas, porque todav\u00eda no exist\u00eda la integraci\u00f3n. Y la lucha fue exitosa porque a sus 3 a\u00f1os se integr\u00f3 al jard\u00edn y a los 5 al preescolar en el Colegio San Cayetano, de Villa Adelina, siendo as\u00ed, la pionera en integraci\u00f3n. Eran pocos los colegios que recib\u00edan chicos con discapacidad. En cuarto grado pas\u00f3 al colegio 504, pero la integraci\u00f3n no estaba tan preparada ni aceitada como hoy en d\u00eda. A partir de entonces, comenz\u00f3 una etapa de terapias de crecimiento, gimnasio y paseos sociales.<\/p>\n<\/div><\/div>\n\n\n\n<p>A los 15 a\u00f1os, por decisi\u00f3n de ambas, se terminaron las terapias, era mucho ida, con progreso s\u00ed, pero <em>hasta ah\u00ed. <\/em>Entonces, pasamos a hacer lo que m\u00e1s disfrutaba, todo divertimento, baile, gimnasio, expresi\u00f3n corporal. En todos los talleres estuvo integrada sin ning\u00fan inconveniente. Ante una posible negativa yo solo le ped\u00eda a los representantes que le dieran una oportunidad,que le permitieran hacer una prueba y, obviamente, luego de esa prueba ella era aceptada. Lore pon\u00eda muchas ganas y entusiasmo, siempre fue muy respetuosa, porque, al igual que sus hermanos, Lore fue educada en el respeto, la paciencia y la comprensi\u00f3n.<\/p>\n\n\n\n<p>En junio de 2014 conocimos a Nacho y quien nos cont\u00f3 que quer\u00eda expandir Las Ilusiones y que llegue a Olivos. As\u00ed que Lorena fue una de las seis fundadoras de la sede y comenz\u00f3 una hermosa etapa en su vida que hasta hoy disfruta. Pudo crecer como actriz en teatro, teatro musical y danza. Como persona, form\u00f3 un gran grupo de amigos entra\u00f1able, perdi\u00f3 su timidez, afirm\u00f3 su voz, logr\u00f3 soltura y, todo esto, dio paso a una Independencia y una autonom\u00eda important\u00edsima. Lorena actualmente trabaja los lunes en un dispositivo de inclusi\u00f3n sociolaboral de Olivos, de martes a jueves asiste al Centro de D\u00eda Santa Mar\u00eda de Luj\u00e1n y, en forma independiente, realiza alfombras que vende por difusi\u00f3n entre conocidos. Los s\u00e1bados va a teatro en San Isidro. Su vida transcurre integrada en la sociedad con actividades de disfrute, con alegr\u00eda, con pasi\u00f3n por actuar y por compartir con su familia: abuela, hermanos y sus amadas sobrinas, est\u00e1 totalmente integrada en reuniones y forma parte de conversaciones habituales como cualquier otra persona.&nbsp;<\/p>\n\n\n\n<div class=\"wp-block-media-text alignwide has-media-on-the-right is-stacked-on-mobile\"><div class=\"wp-block-media-text__content\">\n<p>El comienzo de la integraci\u00f3n no fue para nada f\u00e1cil pero ninguna de las dos bajamos los brazos. La pandemia nos golpe\u00f3 bastante, como a muchos. Su grupo de amigos se reun\u00eda a menudo para cumplea\u00f1os y salidas y ese tiempo encerrados por la pandemia, m\u00e1s las cuestiones econ\u00f3micas o de salud, a muchos los fue alejando. Pero Lore se est\u00e1 reponiendo perfectamente y, adem\u00e1s, durante esos dos a\u00f1os tuvo el acompa\u00f1amiento de Las Ilusiones por Zoom, algo que le ayud\u00f3 much\u00edsimo y que siempre tiene presente.&nbsp;<\/p>\n\n\n\n<p><strong>Lore tiene esas ganas important\u00edsimas de salir adelante, de ponerle mucho empe\u00f1o y cuando algo va a ser algo y por ah\u00ed uno intenta ayudarla, me dice, <em>\u201cesper\u00e1, esper\u00e1, dejarme probar\u201d. <\/em>Es lo que m\u00e1s rescato de ella, esa fuerza de voluntad, ese entusiasmo y esas ganas. Realmente soy feliz teniendo a mis tres hijos, y a Lore, que es una luz que alumbra mi vida, todos los d\u00edas.&nbsp;<\/strong><\/p>\n<\/div><figure class=\"wp-block-media-text__media\"><img loading=\"lazy\" decoding=\"async\" width=\"960\" height=\"540\" src=\"https:\/\/lasilusiones.com.ar\/blog\/wp-content\/uploads\/2023\/04\/WhatsApp-Image-2023-03-31-at-15.15.15.jpeg\" alt=\"\" class=\"wp-image-2082 size-full\" srcset=\"https:\/\/lasilusiones.com.ar\/blog\/wp-content\/uploads\/2023\/04\/WhatsApp-Image-2023-03-31-at-15.15.15.jpeg 960w, https:\/\/lasilusiones.com.ar\/blog\/wp-content\/uploads\/2023\/04\/WhatsApp-Image-2023-03-31-at-15.15.15-300x169.jpeg 300w, https:\/\/lasilusiones.com.ar\/blog\/wp-content\/uploads\/2023\/04\/WhatsApp-Image-2023-03-31-at-15.15.15-768x432.jpeg 768w\" sizes=\"auto, (max-width: 960px) 100vw, 960px\" \/><\/figure><\/div>\n\n\n\n<p><\/p>\n\n\n\n<p>Gracias Cristina por tu testimonio. <\/p>\n","protected":false},"excerpt":{"rendered":"<p>Empezamos el mes de abril con el testimonio de Cristina, mam\u00e1 de Lorena. Nos cuenta el recorrido que hicieron juntas, impulsadas por las ganas de&hellip;<\/p>\n","protected":false},"author":2,"featured_media":1973,"comment_status":"open","ping_status":"open","sticky":false,"template":"","format":"standard","meta":{"_monsterinsights_skip_tracking":false,"_monsterinsights_sitenote_active":false,"_monsterinsights_sitenote_note":"","_monsterinsights_sitenote_category":0,"footnotes":""},"categories":[4],"tags":[],"class_list":["post-2080","post","type-post","status-publish","format-standard","has-post-thumbnail","hentry","category-articulo"],"_links":{"self":[{"href":"https:\/\/lasilusiones.com.ar\/blog\/wp-json\/wp\/v2\/posts\/2080","targetHints":{"allow":["GET"]}}],"collection":[{"href":"https:\/\/lasilusiones.com.ar\/blog\/wp-json\/wp\/v2\/posts"}],"about":[{"href":"https:\/\/lasilusiones.com.ar\/blog\/wp-json\/wp\/v2\/types\/post"}],"author":[{"embeddable":true,"href":"https:\/\/lasilusiones.com.ar\/blog\/wp-json\/wp\/v2\/users\/2"}],"replies":[{"embeddable":true,"href":"https:\/\/lasilusiones.com.ar\/blog\/wp-json\/wp\/v2\/comments?post=2080"}],"version-history":[{"count":2,"href":"https:\/\/lasilusiones.com.ar\/blog\/wp-json\/wp\/v2\/posts\/2080\/revisions"}],"predecessor-version":[{"id":2084,"href":"https:\/\/lasilusiones.com.ar\/blog\/wp-json\/wp\/v2\/posts\/2080\/revisions\/2084"}],"wp:featuredmedia":[{"embeddable":true,"href":"https:\/\/lasilusiones.com.ar\/blog\/wp-json\/wp\/v2\/media\/1973"}],"wp:attachment":[{"href":"https:\/\/lasilusiones.com.ar\/blog\/wp-json\/wp\/v2\/media?parent=2080"}],"wp:term":[{"taxonomy":"category","embeddable":true,"href":"https:\/\/lasilusiones.com.ar\/blog\/wp-json\/wp\/v2\/categories?post=2080"},{"taxonomy":"post_tag","embeddable":true,"href":"https:\/\/lasilusiones.com.ar\/blog\/wp-json\/wp\/v2\/tags?post=2080"}],"curies":[{"name":"wp","href":"https:\/\/api.w.org\/{rel}","templated":true}]}}