{"id":2087,"date":"2023-04-14T08:16:20","date_gmt":"2023-04-14T11:16:20","guid":{"rendered":"https:\/\/lasilusiones.com.ar\/blog\/?p=2087"},"modified":"2023-04-14T08:16:20","modified_gmt":"2023-04-14T11:16:20","slug":"conociendo-a-nuestra-comunidad-7","status":"publish","type":"post","link":"https:\/\/lasilusiones.com.ar\/blog\/conociendo-a-nuestra-comunidad-7\/","title":{"rendered":"Conociendo a nuestra comunidad"},"content":{"rendered":"\n<p>Hoy nos toca conocer a Noem\u00ed y Eva, otra historia llena de desaf\u00edos superados y de palabras que nos invitan a la reflexi\u00f3n.<\/p>\n\n\n\n<p><\/p>\n\n\n\n<div class=\"wp-block-media-text alignwide is-stacked-on-mobile\" style=\"grid-template-columns:34% auto\"><figure class=\"wp-block-media-text__media\"><img loading=\"lazy\" decoding=\"async\" width=\"485\" height=\"1024\" src=\"https:\/\/lasilusiones.com.ar\/blog\/wp-content\/uploads\/2023\/04\/WhatsApp-Image-2023-04-04-at-13.49.35-1-485x1024.jpeg\" alt=\"\" class=\"wp-image-2088 size-full\" srcset=\"https:\/\/lasilusiones.com.ar\/blog\/wp-content\/uploads\/2023\/04\/WhatsApp-Image-2023-04-04-at-13.49.35-1-485x1024.jpeg 485w, https:\/\/lasilusiones.com.ar\/blog\/wp-content\/uploads\/2023\/04\/WhatsApp-Image-2023-04-04-at-13.49.35-1-142x300.jpeg 142w, https:\/\/lasilusiones.com.ar\/blog\/wp-content\/uploads\/2023\/04\/WhatsApp-Image-2023-04-04-at-13.49.35-1-728x1536.jpeg 728w, https:\/\/lasilusiones.com.ar\/blog\/wp-content\/uploads\/2023\/04\/WhatsApp-Image-2023-04-04-at-13.49.35-1.jpeg 758w\" sizes=\"auto, (max-width: 485px) 100vw, 485px\" \/><\/figure><div class=\"wp-block-media-text__content\">\n<p>En el embarazo, creo que a los 6 meses, so\u00f1\u00e9 con que iba a tener una hija con S\u00edndrome de Down, incre\u00edble. Eso me fue acompa\u00f1ando y, de alguna manera, yo ya ten\u00eda alg\u00fan saber. Cuando la gorda nace y me la entregan, vi sus ojitos y ah\u00ed tuve todas mis certezas. Despu\u00e9s, conversando con otras personas, me enter\u00e9 de que les hab\u00eda pasado algo similar. Tanto su pap\u00e1 como yo <strong>amamos a Eva desde el primer instante que la vimos.<\/strong> Ella siempre tuvo una gran fortaleza y energ\u00eda, desde que naci\u00f3 mov\u00eda las piernas, los brazos. Estuvo dos d\u00edas en incubadora y ella quer\u00eda salir de ah\u00ed adentro, as\u00ed que <strong>toda su energ\u00eda fue la que me gui\u00f3 el camino<\/strong>. Un camino que fue hermoso, una \u00e9poca de crecimiento personal, creo que no fui la misma mam\u00e1 con mi primer hijo. Hubo un aprendizaje incre\u00edble, un cambio de posici\u00f3n, un desaf\u00edo.<\/p>\n\n\n\n<p>La inclusi\u00f3n fue un camino a trav\u00e9s el desconocimiento, de aprender cosas, recorrer jardines; porque mi apuesta siempre fue por una educaci\u00f3n inclusiva. En uno de los primeros jardines me dijeron \u201c<em>ya tenemos dos y m\u00e1s no queremos<\/em>\u201d, pero logr\u00f3 incluirse en un jard\u00edn y en primaria comunes. No sin obst\u00e1culos, con maestras de apoyo y hab\u00eda muchas cuestiones relacionadas con la generalizaci\u00f3n, con preconceptos o prejuicios y desconocimiento. Considero que muchos no se atrev\u00edan a tomar el desaf\u00edo, a hacer una apuesta. En primaria me dijeron \u201c<em>no va a poder aprender ingl\u00e9s<\/em>\u201d, as\u00ed de contundente. Y no aprendi\u00f3 pero, despu\u00e9s de un tiempo, me enter\u00e9 que era porque no la hac\u00edan participar de las clases. En cambio, en secundaria, con acompa\u00f1amiento y apoyo, aprendi\u00f3 ingl\u00e9s. Por eso, la inclusi\u00f3n deber\u00eda ser desde el primer d\u00eda, con la disponibilidad de que se pueda escuchar y remarcar la singularidad de la persona, eliminando las generalizaciones porque todos los humanos, podemos hacer algunas cosas y otras que podemos hacer menos, cada uno con sus particularidades. <strong>El pensar que somos todos iguales genera obst\u00e1culos<\/strong>. Todos somos diferentes y todos tenemos un potencial, cada vez vemos m\u00e1s personas con discapacidad que son deportistas, artistas o logran conseguir un trabajo.<\/p>\n<\/div><\/div>\n\n\n\n<p>Y a veces las familias tambi\u00e9n generalizamos o ponemos l\u00edmites. Me he encontrado con personas que me dec\u00edan \u201c<em>yo tengo una igual<\/em>\u201d. Y yo pensaba <em>\u201c\u00bfigual de qu\u00e9? \u00bfde qu\u00e9 me est\u00e1s hablando?<\/em> <em>\u00bfde una cartera?<\/em>\u201d. Al principio me enojaba, pero despu\u00e9s me di cuenta que las familias tambi\u00e9n tenemos que ir eliminando estas barreras y transmitiendo algo diferente.<\/p>\n\n\n\n<p>Cuando empez\u00f3 la secundaria Eva me dijo \u201c<em>no tengas miedo, yo voy a poder<\/em>\u201d y esas son las cosas que me a mi me han dado la energ\u00eda para seguir acompa\u00f1ando lo que ella fue y va deseando. <strong>La autonom\u00eda de ellos tiene que ver con escuchar lo que ellos van deseando<\/strong>. Porque a veces se cree que solo es andar en colectivo y hacer una compra, pero tambi\u00e9n tiene que ver <strong>con respetar el deseo, la sexualidad, la intimidad, los momentos<\/strong>. A veces hay un esfuerzo por normatizar. Y no est\u00e1 bueno forzar para que \u201cparezcan que entran dentro de la norma\u201d.&nbsp; Tambi\u00e9n <strong>est\u00e1 bueno salirse de la norma y romper esquemas porque eso hace que el otro se interrogue tambi\u00e9n<\/strong>. Son cosas que hoy voy pensando en la actualidad porque Eva tiene 25 a\u00f1os, y en cada uno de sus momentos me fui haciendo distintas preguntas.<\/p>\n\n\n\n<p>Ojal\u00e1 llegue el d\u00eda en que dejemos de hablar de inclusi\u00f3n, no solo para las personas con S\u00edndrome de Down, sino para todos.<\/p>\n\n\n\n<figure class=\"wp-block-image size-large\"><img loading=\"lazy\" decoding=\"async\" width=\"1024\" height=\"469\" src=\"https:\/\/lasilusiones.com.ar\/blog\/wp-content\/uploads\/2023\/04\/eva-1024x469.png\" alt=\"\" class=\"wp-image-2093\" srcset=\"https:\/\/lasilusiones.com.ar\/blog\/wp-content\/uploads\/2023\/04\/eva-1024x469.png 1024w, https:\/\/lasilusiones.com.ar\/blog\/wp-content\/uploads\/2023\/04\/eva-300x137.png 300w, https:\/\/lasilusiones.com.ar\/blog\/wp-content\/uploads\/2023\/04\/eva-768x352.png 768w, https:\/\/lasilusiones.com.ar\/blog\/wp-content\/uploads\/2023\/04\/eva.png 1107w\" sizes=\"auto, (max-width: 1024px) 100vw, 1024px\" \/><figcaption class=\"wp-element-caption\">Eva con su hermano Mat\u00edas y con Noem\u00ed, su mam\u00e1.<\/figcaption><\/figure>\n\n\n\n<p><\/p>\n\n\n\n<p>Gracias Noem\u00ed por compartir tu historia.<\/p>\n","protected":false},"excerpt":{"rendered":"<p>Hoy nos toca conocer a Noem\u00ed y Eva, otra historia llena de desaf\u00edos superados y de palabras que nos invitan a la reflexi\u00f3n. En el&hellip;<\/p>\n","protected":false},"author":2,"featured_media":1973,"comment_status":"open","ping_status":"open","sticky":false,"template":"","format":"standard","meta":{"_monsterinsights_skip_tracking":false,"_monsterinsights_sitenote_active":false,"_monsterinsights_sitenote_note":"","_monsterinsights_sitenote_category":0,"footnotes":""},"categories":[4],"tags":[],"class_list":["post-2087","post","type-post","status-publish","format-standard","has-post-thumbnail","hentry","category-articulo"],"_links":{"self":[{"href":"https:\/\/lasilusiones.com.ar\/blog\/wp-json\/wp\/v2\/posts\/2087","targetHints":{"allow":["GET"]}}],"collection":[{"href":"https:\/\/lasilusiones.com.ar\/blog\/wp-json\/wp\/v2\/posts"}],"about":[{"href":"https:\/\/lasilusiones.com.ar\/blog\/wp-json\/wp\/v2\/types\/post"}],"author":[{"embeddable":true,"href":"https:\/\/lasilusiones.com.ar\/blog\/wp-json\/wp\/v2\/users\/2"}],"replies":[{"embeddable":true,"href":"https:\/\/lasilusiones.com.ar\/blog\/wp-json\/wp\/v2\/comments?post=2087"}],"version-history":[{"count":3,"href":"https:\/\/lasilusiones.com.ar\/blog\/wp-json\/wp\/v2\/posts\/2087\/revisions"}],"predecessor-version":[{"id":2113,"href":"https:\/\/lasilusiones.com.ar\/blog\/wp-json\/wp\/v2\/posts\/2087\/revisions\/2113"}],"wp:featuredmedia":[{"embeddable":true,"href":"https:\/\/lasilusiones.com.ar\/blog\/wp-json\/wp\/v2\/media\/1973"}],"wp:attachment":[{"href":"https:\/\/lasilusiones.com.ar\/blog\/wp-json\/wp\/v2\/media?parent=2087"}],"wp:term":[{"taxonomy":"category","embeddable":true,"href":"https:\/\/lasilusiones.com.ar\/blog\/wp-json\/wp\/v2\/categories?post=2087"},{"taxonomy":"post_tag","embeddable":true,"href":"https:\/\/lasilusiones.com.ar\/blog\/wp-json\/wp\/v2\/tags?post=2087"}],"curies":[{"name":"wp","href":"https:\/\/api.w.org\/{rel}","templated":true}]}}