{"id":210,"date":"2019-03-20T12:32:23","date_gmt":"2019-03-20T15:32:23","guid":{"rendered":"https:\/\/lasilusiones.com.ar\/blog\/?p=210"},"modified":"2019-03-20T12:32:23","modified_gmt":"2019-03-20T15:32:23","slug":"actividades-pro-el-dia-mundial-de-la-persona-con-sindrome-de-down-nota-en-mshow-canal-magazine","status":"publish","type":"post","link":"https:\/\/lasilusiones.com.ar\/blog\/actividades-pro-el-dia-mundial-de-la-persona-con-sindrome-de-down-nota-en-mshow-canal-magazine\/","title":{"rendered":"Actividades por el D\u00eda Mundial de la Persona con S\u00edndrome de Down -Nota en MShow canal Magazine"},"content":{"rendered":"<p>El Director General de la Compa\u00f1\u00eda, Juan Ignacio Acosta, brind\u00f3 una entrevista en el programa MShow del canal Magazine en donde cont\u00f3 todas las actividades que se realizaron por el D\u00eda Internacional de la Persona con S\u00edndrome de down tanto en la Sede de CABA como en Col\u00f3n, Entre R\u00edos. Enterate de todo en esta nota:<\/p>\n<p><iframe loading=\"lazy\" title=\"Las ilusiones en MShow de canal Magazine\" width=\"525\" height=\"295\" src=\"https:\/\/www.youtube.com\/embed\/sdi6Cj31Nqs?feature=oembed\" frameborder=\"0\" allow=\"accelerometer; autoplay; clipboard-write; encrypted-media; gyroscope; picture-in-picture; web-share\" referrerpolicy=\"strict-origin-when-cross-origin\" allowfullscreen><\/iframe><\/p>\n","protected":false},"excerpt":{"rendered":"<p>El Director General de la Compa\u00f1\u00eda, Juan Ignacio Acosta, brind\u00f3 una entrevista en el programa MShow del canal Magazine en donde cont\u00f3 todas las actividades&hellip;<\/p>\n","protected":false},"author":1,"featured_media":211,"comment_status":"open","ping_status":"open","sticky":false,"template":"","format":"standard","meta":{"_monsterinsights_skip_tracking":false,"_monsterinsights_sitenote_active":false,"_monsterinsights_sitenote_note":"","_monsterinsights_sitenote_category":0,"footnotes":""},"categories":[3,6,8],"tags":[],"class_list":["post-210","post","type-post","status-publish","format-standard","has-post-thumbnail","hentry","category-actividades","category-funciones","category-prensa"],"_links":{"self":[{"href":"https:\/\/lasilusiones.com.ar\/blog\/wp-json\/wp\/v2\/posts\/210","targetHints":{"allow":["GET"]}}],"collection":[{"href":"https:\/\/lasilusiones.com.ar\/blog\/wp-json\/wp\/v2\/posts"}],"about":[{"href":"https:\/\/lasilusiones.com.ar\/blog\/wp-json\/wp\/v2\/types\/post"}],"author":[{"embeddable":true,"href":"https:\/\/lasilusiones.com.ar\/blog\/wp-json\/wp\/v2\/users\/1"}],"replies":[{"embeddable":true,"href":"https:\/\/lasilusiones.com.ar\/blog\/wp-json\/wp\/v2\/comments?post=210"}],"version-history":[{"count":0,"href":"https:\/\/lasilusiones.com.ar\/blog\/wp-json\/wp\/v2\/posts\/210\/revisions"}],"wp:featuredmedia":[{"embeddable":true,"href":"https:\/\/lasilusiones.com.ar\/blog\/wp-json\/"}],"wp:attachment":[{"href":"https:\/\/lasilusiones.com.ar\/blog\/wp-json\/wp\/v2\/media?parent=210"}],"wp:term":[{"taxonomy":"category","embeddable":true,"href":"https:\/\/lasilusiones.com.ar\/blog\/wp-json\/wp\/v2\/categories?post=210"},{"taxonomy":"post_tag","embeddable":true,"href":"https:\/\/lasilusiones.com.ar\/blog\/wp-json\/wp\/v2\/tags?post=210"}],"curies":[{"name":"wp","href":"https:\/\/api.w.org\/{rel}","templated":true}]}}