{"id":2120,"date":"2023-04-21T08:09:13","date_gmt":"2023-04-21T11:09:13","guid":{"rendered":"https:\/\/lasilusiones.com.ar\/blog\/?p=2120"},"modified":"2023-04-21T08:09:13","modified_gmt":"2023-04-21T11:09:13","slug":"conociendo-a-nuestra-comunidad-8","status":"publish","type":"post","link":"https:\/\/lasilusiones.com.ar\/blog\/conociendo-a-nuestra-comunidad-8\/","title":{"rendered":"Conociendo a nuestra comunidad"},"content":{"rendered":"\n<p><\/p>\n\n\n\n<p>Este viernes nos toca presentar a Myriam que nos cuenta el recorrido en familia junto a Yamile. Invitamos a que lean esta nueva historia y nos dejen sus comentarios.<\/p>\n\n\n\n<p><em>Mi nombre es Myriam y soy la mam\u00e1 de Yamile. Ella tiene 29 a\u00f1os y lleg\u00f3 a nuestra vida cuando con mi marido ten\u00edamos 23. Es nuestra primera hija y, como todos los padres primerizos, hicimos much\u00edsimos planes para ella, pero no sab\u00edamos de su condici\u00f3n hasta que naci\u00f3. Fue ah\u00ed cuando los m\u00e9dicos nos comunicaron que Yamile hab\u00eda nacido con S\u00edndrome de Down, pero a pesar de que fue un golpe duro, el <strong>tenerla a ella con nosotros fue lo m\u00e1s importante y la amamos m\u00e1s que a nada en el mundo<\/strong>.<\/em><\/p>\n\n\n\n<p><em>Inmediatamente que salimos del hospital nos pusimos en contacto con ASDRA quienes nos dieron toda la informaci\u00f3n que necesit\u00e1bamos, as\u00ed que, a los 15 d\u00edas de nacida ya estaba comenzando estimulaci\u00f3n temprana en el CeTyPe de Ramos Mej\u00eda. A los 2 a\u00f1os comenz\u00f3 salita de 2 en el Instituto Gandini, un colegio integrado de Mataderos, donde termin\u00f3 7mo grado, pasando luego al Colegio Especial Nuevo D\u00eda, de Ramos Mej\u00eda, donde termin\u00f3 el CFI en el a\u00f1o 2017.<\/em><\/p>\n\n\n\n<div class=\"wp-block-media-text alignwide is-stacked-on-mobile\" style=\"grid-template-columns:42% auto\"><figure class=\"wp-block-media-text__media\"><img loading=\"lazy\" decoding=\"async\" width=\"768\" height=\"1024\" src=\"https:\/\/lasilusiones.com.ar\/blog\/wp-content\/uploads\/2023\/04\/WhatsApp-Image-2023-04-20-at-13.59.44-768x1024.jpeg\" alt=\"\" class=\"wp-image-2122 size-full\" srcset=\"https:\/\/lasilusiones.com.ar\/blog\/wp-content\/uploads\/2023\/04\/WhatsApp-Image-2023-04-20-at-13.59.44-768x1024.jpeg 768w, https:\/\/lasilusiones.com.ar\/blog\/wp-content\/uploads\/2023\/04\/WhatsApp-Image-2023-04-20-at-13.59.44-225x300.jpeg 225w, https:\/\/lasilusiones.com.ar\/blog\/wp-content\/uploads\/2023\/04\/WhatsApp-Image-2023-04-20-at-13.59.44-1152x1536.jpeg 1152w, https:\/\/lasilusiones.com.ar\/blog\/wp-content\/uploads\/2023\/04\/WhatsApp-Image-2023-04-20-at-13.59.44.jpeg 1200w\" sizes=\"auto, (max-width: 768px) 100vw, 768px\" \/><\/figure><div class=\"wp-block-media-text__content\">\n<p><em>Durante su infancia adem\u00e1s de todas las terapias fue tambi\u00e9n a gimnasia aer\u00f3bica integrada, en el Tapiales Tenis Club, y particip\u00f3 de las selectivas \u201cAll The Gym 2002\u201d, en el Teatro Astral obteniendo un premio.<\/em><\/p>\n\n\n\n<p><em>A sus casi 4 a\u00f1os naci\u00f3 su hermano Leonel y fue muy bueno para ella ya que compart\u00edan muchas cosas juntos. Eso la ayud\u00f3 much\u00edsimo en la confianza en s\u00ed misma, ya que, como hermana mayor lo &#8220;ayudaba&#8221; y le &#8220;ense\u00f1aba&#8221; muchas cosas de la vida diaria.<\/em><\/p>\n\n\n\n<p><em>A\u00f1os m\u00e1s tarde, gracias a nuestro trabajo de prensa, Yamile iba a muchos eventos del espect\u00e1culo donde se sacaba fotos con muchos artistas, pero ve\u00eda a su hermano que los entrevistaba y eso era lo que le encantaba. As\u00ed que, por pedido de ella, comenz\u00f3 a hacer notas a famosos entre ellos a Karol Sevilla o Nico V\u00e1zquez.<\/em><\/p>\n<\/div><\/div>\n\n\n\n<p><em>Como vimos lo mucho que le gustaba el mundo del espect\u00e1culo hablamos con ella y le propusimos ir a teatro, cosa que ella acept\u00f3 entusiasmada. Fue as\u00ed que nos pusimos en contacto con Las Ilusiones y, en el a\u00f1o 2017, comenz\u00f3 teatro musical. Actualmente hace tres talleres, dos en Ramos Mej\u00eda (danza teatro y teatro musical) y teatro en Olivos.<\/em><\/p>\n\n\n\n<p><em>Durante su paso por el colegio Nuevo D\u00eda una de sus profesoras vio en Yamile una potencial escritora y comenz\u00f3 con el taller de literatura. Escribi\u00f3 varios cuentos de amor, dos de los cuales fueron publicados en el libro editado por el colegio llamado &#8220;Uno que contemos todos&#8221; y, uno de ellos, fue finalista del Certamen Internacional de Lenguas Vivas 2021; adem\u00e1s, ese mismo a\u00f1o recibi\u00f3 una menci\u00f3n de honor con premiaci\u00f3n de Aunando Artes.<\/em><\/p>\n\n\n\n<p><em>Lamentablemente, a sus 10 a\u00f1os, comenz\u00f3 con epilepsia refractaria (la cual contin\u00faa en&nbsp;la actualidad) lo que condicion\u00f3 bastante su independencia, pero no la limit\u00f3 ya que <strong>sigue persiguiendo sus sue\u00f1os y logrando todo lo que se propone.<\/strong><\/em><\/p>\n\n\n\n<p><em>Adem\u00e1s de ser escritora y actriz, es Atleta L\u00edder de Olimpiadas Especiales Argentina, modelo (desfil\u00f3 para 47 Street en un evento a beneficio de Olimpiadas y particip\u00f3 de varios desfiles de moda en embajadas y museos con el Foro de la Discapacidad). Como actriz particip\u00f3 de extra en una serie de HBO y POLKA llamada &#8220;Entre hombres&#8221;, adem\u00e1s de varias obras con Las Ilusiones.<\/em><\/p>\n\n\n\n<p><em><strong>Ella es un gran ejemplo de superaci\u00f3n y resiliencia y estamos muy orgullosos de todos sus logros, pero sobre todo nos sentimos muy satisfechos de verla tan pero tan feliz haciendo lo que a ella le gusta y ese fue siempre nuestro objetivo<\/strong>. Nosotros estamos convencidos de que no hay techo,&nbsp;de que <strong>hay puertas que se cierran, pero siempre se abren ventanas que permiten a nuestros hijos cumplir sus sue\u00f1os.<\/strong> Solo hay que seguir intentando como nos ense\u00f1\u00f3 Yamile. Nunca darse por vencidos y seguir adelante. Y ah\u00ed estamos nosotros, como familia, apoyando y acompa\u00f1\u00e1ndola incondicionalmente y ese es nuestro rol como padres.<\/em><\/p>\n\n\n\n<figure class=\"wp-block-gallery has-nested-images columns-default is-cropped wp-block-gallery-1 is-layout-flex wp-block-gallery-is-layout-flex\">\n<figure class=\"wp-block-image size-large\"><img loading=\"lazy\" decoding=\"async\" width=\"1024\" height=\"768\" data-id=\"2123\" src=\"https:\/\/lasilusiones.com.ar\/blog\/wp-content\/uploads\/2023\/04\/WhatsApp-Image-2023-04-20-at-13.59.45-1024x768.jpeg\" alt=\"\" class=\"wp-image-2123\" srcset=\"https:\/\/lasilusiones.com.ar\/blog\/wp-content\/uploads\/2023\/04\/WhatsApp-Image-2023-04-20-at-13.59.45-1024x768.jpeg 1024w, https:\/\/lasilusiones.com.ar\/blog\/wp-content\/uploads\/2023\/04\/WhatsApp-Image-2023-04-20-at-13.59.45-300x225.jpeg 300w, https:\/\/lasilusiones.com.ar\/blog\/wp-content\/uploads\/2023\/04\/WhatsApp-Image-2023-04-20-at-13.59.45-768x576.jpeg 768w, https:\/\/lasilusiones.com.ar\/blog\/wp-content\/uploads\/2023\/04\/WhatsApp-Image-2023-04-20-at-13.59.45.jpeg 1296w\" sizes=\"auto, (max-width: 1024px) 100vw, 1024px\" \/><\/figure>\n<\/figure>\n","protected":false},"excerpt":{"rendered":"<p>Este viernes nos toca presentar a Myriam que nos cuenta el recorrido en familia junto a Yamile. Invitamos a que lean esta nueva historia y&hellip;<\/p>\n","protected":false},"author":2,"featured_media":1973,"comment_status":"open","ping_status":"open","sticky":false,"template":"","format":"standard","meta":{"_monsterinsights_skip_tracking":false,"_monsterinsights_sitenote_active":false,"_monsterinsights_sitenote_note":"","_monsterinsights_sitenote_category":0,"footnotes":""},"categories":[4],"tags":[],"class_list":["post-2120","post","type-post","status-publish","format-standard","has-post-thumbnail","hentry","category-articulo"],"_links":{"self":[{"href":"https:\/\/lasilusiones.com.ar\/blog\/wp-json\/wp\/v2\/posts\/2120","targetHints":{"allow":["GET"]}}],"collection":[{"href":"https:\/\/lasilusiones.com.ar\/blog\/wp-json\/wp\/v2\/posts"}],"about":[{"href":"https:\/\/lasilusiones.com.ar\/blog\/wp-json\/wp\/v2\/types\/post"}],"author":[{"embeddable":true,"href":"https:\/\/lasilusiones.com.ar\/blog\/wp-json\/wp\/v2\/users\/2"}],"replies":[{"embeddable":true,"href":"https:\/\/lasilusiones.com.ar\/blog\/wp-json\/wp\/v2\/comments?post=2120"}],"version-history":[{"count":3,"href":"https:\/\/lasilusiones.com.ar\/blog\/wp-json\/wp\/v2\/posts\/2120\/revisions"}],"predecessor-version":[{"id":2125,"href":"https:\/\/lasilusiones.com.ar\/blog\/wp-json\/wp\/v2\/posts\/2120\/revisions\/2125"}],"wp:featuredmedia":[{"embeddable":true,"href":"https:\/\/lasilusiones.com.ar\/blog\/wp-json\/wp\/v2\/media\/1973"}],"wp:attachment":[{"href":"https:\/\/lasilusiones.com.ar\/blog\/wp-json\/wp\/v2\/media?parent=2120"}],"wp:term":[{"taxonomy":"category","embeddable":true,"href":"https:\/\/lasilusiones.com.ar\/blog\/wp-json\/wp\/v2\/categories?post=2120"},{"taxonomy":"post_tag","embeddable":true,"href":"https:\/\/lasilusiones.com.ar\/blog\/wp-json\/wp\/v2\/tags?post=2120"}],"curies":[{"name":"wp","href":"https:\/\/api.w.org\/{rel}","templated":true}]}}