{"id":2142,"date":"2023-05-05T08:42:06","date_gmt":"2023-05-05T11:42:06","guid":{"rendered":"https:\/\/lasilusiones.com.ar\/blog\/?p=2142"},"modified":"2023-05-05T12:44:24","modified_gmt":"2023-05-05T15:44:24","slug":"conociendo-a-nuestra-comunidad-10","status":"publish","type":"post","link":"https:\/\/lasilusiones.com.ar\/blog\/conociendo-a-nuestra-comunidad-10\/","title":{"rendered":"Conociendo a nuestra comunidad"},"content":{"rendered":"\n<p><\/p>\n\n\n\n<p>Comenzamos mayo con la historia de Gaby y Luc\u00eda, artista de la sede Olivos. Un camino lleno de amor y empuje.<\/p>\n\n\n\n<p><\/p>\n\n\n\n<p><\/p>\n\n\n\n<div class=\"wp-block-media-text alignwide has-media-on-the-right is-stacked-on-mobile\" style=\"grid-template-columns:auto 37%\"><div class=\"wp-block-media-text__content\">\n<p>Hola, mi nombre es Mar\u00eda Gabriela, y soy la mam\u00e1 de Luc\u00eda, \u00a1Luchi, como la llaman sus profes! Ella cumpli\u00f3 en marzo, 24 a\u00f1os. Es mi tercera hija, \u00a1un sol, que lleg\u00f3 a mi vida!<\/p>\n\n\n\n<p>Cuando naci\u00f3, el m\u00e9dico enseguida me la mostr\u00f3 y su hermosura, una gordita preciosa, me llen\u00f3 de emoci\u00f3n y ternura. Su condici\u00f3n, S\u00edndrome de Down, pas\u00f3 de largo, ya que estaba muy enferma. Su coraz\u00f3n estaba demasiado da\u00f1ado y su pron\u00f3stico m\u00e9dico no era bueno. Como es una&nbsp;gran luchadora, con una fuerza y unas ganas de vivir tremendas, \u00a1lo logr\u00f3!<\/p>\n\n\n\n<p><em>Tuvo muchas internaciones en el Hospital Garrahan, hasta que, a los siete meses fue operada. Rezamos infinidad de veces para que se quedara con nosotros. No me imaginaba la vida sin ella.<\/em><\/p>\n\n\n\n<p><em>La siguiente etapa fue su desarrollo cognitivo, del cual, yo no ten\u00eda ni la menor idea de nada. Comenc\u00e9 a leer por internet, que no lo recomiendo, porque es bastante desfavorable. Visit\u00e9 ASDRA, en una reuni\u00f3n de \u201cpadres nuevos\u201d, pero <strong>todos estaban muy tristes y no quer\u00eda encarar la vida de esa manera,<\/strong> luego de haber pasado su enfermedad. <strong>Estaba concentrada en que \u201ctodos sali\u00e9ramos adelante y ser muy felices\u201d.<\/strong> Yo ten\u00eda 35 a\u00f1os y no ten\u00eda pareja.<\/em><\/p>\n\n\n\n<p><em>Luc\u00eda todo lo hac\u00eda perfecto, que me parec\u00eda mentira lo que escuchaba y le\u00eda sobre el S\u00edndrome. Comenz\u00f3 estimulaci\u00f3n temprana un poco m\u00e1s tarde, aunque ya caminaba, controlaba esf\u00ednteres, y todo estaba muy bien, muy r\u00e1pido.<\/em><\/p>\n<\/div><figure class=\"wp-block-media-text__media\"><img loading=\"lazy\" decoding=\"async\" width=\"584\" height=\"1024\" src=\"https:\/\/lasilusiones.com.ar\/blog\/wp-content\/uploads\/2023\/04\/WhatsApp-Image-2023-04-24-at-18.06.35-584x1024.jpeg\" alt=\"\" class=\"wp-image-2143 size-full\" srcset=\"https:\/\/lasilusiones.com.ar\/blog\/wp-content\/uploads\/2023\/04\/WhatsApp-Image-2023-04-24-at-18.06.35-584x1024.jpeg 584w, https:\/\/lasilusiones.com.ar\/blog\/wp-content\/uploads\/2023\/04\/WhatsApp-Image-2023-04-24-at-18.06.35-171x300.jpeg 171w, https:\/\/lasilusiones.com.ar\/blog\/wp-content\/uploads\/2023\/04\/WhatsApp-Image-2023-04-24-at-18.06.35-768x1347.jpeg 768w, https:\/\/lasilusiones.com.ar\/blog\/wp-content\/uploads\/2023\/04\/WhatsApp-Image-2023-04-24-at-18.06.35-876x1536.jpeg 876w, https:\/\/lasilusiones.com.ar\/blog\/wp-content\/uploads\/2023\/04\/WhatsApp-Image-2023-04-24-at-18.06.35.jpeg 912w\" sizes=\"auto, (max-width: 584px) 100vw, 584px\" \/><\/figure><\/div>\n\n\n\n<p><em>Viviendo en Florida, la anot\u00e9 (previa observaci\u00f3n muy minuciosa por parte de la directora de jard\u00edn), en el colegio La Salle, salita de cuatro, hasta quinto grado. &nbsp;<strong>\u00a1Acad\u00e9micamente aprendi\u00f3 un mont\u00f3n!&nbsp; <\/strong>A escribir y leer sin ning\u00fan problema. Varios a\u00f1os, tambi\u00e9n realiz\u00f3 danza cl\u00e1sica, y nataci\u00f3n, todo integrado. \u00a1Un placer verla!<\/em><\/p>\n\n\n\n<p><em><strong>El gran problema fue su sociabilizaci\u00f3n en el colegio. <\/strong>Ya desde jard\u00edn mostraba enojos ante situaciones que se presentaban con sus compa\u00f1eros o se\u00f1oritas. Yo tambi\u00e9n ve\u00eda la discriminaci\u00f3n y era ella la que estaba en ese lugar, poniendo su cuerpito. Por ejemplo, no invitarla a un cumplea\u00f1os, participar de lo cotidiano, comentarios, actitudes, burlas, etc. Y a ella no se le escapaba nada. Reaccionaba p\u00e9simo. La estaba pasando realmente mal. Y yo tambi\u00e9n.<\/em> <em>Me d\u00ed cuenta de que Luc\u00eda n<strong>ecesitaba un cambio inmediatamente,<\/strong> a pesar de que todos me dec\u00edan lo contrario. &nbsp;Por suerte, tom\u00e9 la decisi\u00f3n acertada: \u00a1borr\u00f3n y cuenta nueva! Con Luli no hubo manera de continuar\u2026<strong>Busqu\u00e9, durante meses, un colegio con pares. <\/strong>Encontr\u00e9 Armon\u00eda, que la ayud\u00f3 much\u00edsimo, y sus maravillosas profesionales, la sacaron adelante. <strong>Luc\u00eda me dijo antes de entrar, \u201cgracias mam\u00e1\u201d,<\/strong> \u00a1no me olvido m\u00e1s!<\/em><\/p>\n\n\n\n<p><em>En el secundario, la cambi\u00e9 al CFI Lucero del Alba, porque hab\u00eda m\u00e1s alumnos. \u00a1Todo maravilloso! El a\u00f1o pasado, 2022, termin\u00f3 muy feliz.<\/em><\/p>\n\n\n\n<p><em>Realiz\u00f3 un curso de Huertera org\u00e1nica del INTA, se recibi\u00f3 y est\u00e1 trabajando en Puerto Libre, San Isidro. \u00a1Le encanta! Vegana a full, por decisi\u00f3n personal, ya que me ocup\u00e9 de ense\u00f1arle el origen de los alimentos y vivimos con seis perritos rescatados. Participa en Las Ilusiones, sede Olivos, desde el 2019, en teatro, teatro musical y danza, \u00a1feliz porque le encanta el arte!<\/em><\/p>\n\n\n<div class=\"wp-block-image\">\n<figure class=\"aligncenter size-large is-resized\"><img loading=\"lazy\" decoding=\"async\" src=\"https:\/\/lasilusiones.com.ar\/blog\/wp-content\/uploads\/2023\/04\/WhatsApp-Image-2023-04-24-at-17.11.13-1024x768.jpeg\" alt=\"\" class=\"wp-image-2144\" width=\"643\" height=\"482\" srcset=\"https:\/\/lasilusiones.com.ar\/blog\/wp-content\/uploads\/2023\/04\/WhatsApp-Image-2023-04-24-at-17.11.13-1024x768.jpeg 1024w, https:\/\/lasilusiones.com.ar\/blog\/wp-content\/uploads\/2023\/04\/WhatsApp-Image-2023-04-24-at-17.11.13-300x225.jpeg 300w, https:\/\/lasilusiones.com.ar\/blog\/wp-content\/uploads\/2023\/04\/WhatsApp-Image-2023-04-24-at-17.11.13-768x576.jpeg 768w, https:\/\/lasilusiones.com.ar\/blog\/wp-content\/uploads\/2023\/04\/WhatsApp-Image-2023-04-24-at-17.11.13.jpeg 1280w\" sizes=\"auto, (max-width: 643px) 100vw, 643px\" \/><\/figure>\n<\/div>\n\n\n<p><em>Luc\u00eda es un derroche de amor y pasi\u00f3n en todo lo que emprende. Ama profundamente a sus dos hermanos, Sergio y Nahuel y, rec\u00edprocamente, los tres est\u00e1n pendientes de sus vidas. Todos los d\u00edas se comunican porque ya no viven con nosotras. Su gran dolor, fue la p\u00e9rdida de su abuela, desde hace un a\u00f1o, pero<strong> demuestra una fortaleza, que me sostiene a m\u00ed y me sirve de ejemplo todos los d\u00edas.<\/strong><\/em><\/p>\n\n\n\n<p><strong><em>Le agradezco a la vida, al universo, poder compartir mi vida con ella. \u00a1Somos muy afortunados!<\/em><\/strong><\/p>\n\n\n\n<p><\/p>\n\n\n\n<p><strong>Gracias Gaby por compartir tu historia.<\/strong><\/p>\n\n\n\n<p><\/p>\n","protected":false},"excerpt":{"rendered":"<p>Comenzamos mayo con la historia de Gaby y Luc\u00eda, artista de la sede Olivos. Un camino lleno de amor y empuje. Hola, mi nombre es&hellip;<\/p>\n","protected":false},"author":2,"featured_media":1973,"comment_status":"open","ping_status":"open","sticky":false,"template":"","format":"standard","meta":{"_monsterinsights_skip_tracking":false,"_monsterinsights_sitenote_active":false,"_monsterinsights_sitenote_note":"","_monsterinsights_sitenote_category":0,"footnotes":""},"categories":[4],"tags":[],"class_list":["post-2142","post","type-post","status-publish","format-standard","has-post-thumbnail","hentry","category-articulo"],"_links":{"self":[{"href":"https:\/\/lasilusiones.com.ar\/blog\/wp-json\/wp\/v2\/posts\/2142","targetHints":{"allow":["GET"]}}],"collection":[{"href":"https:\/\/lasilusiones.com.ar\/blog\/wp-json\/wp\/v2\/posts"}],"about":[{"href":"https:\/\/lasilusiones.com.ar\/blog\/wp-json\/wp\/v2\/types\/post"}],"author":[{"embeddable":true,"href":"https:\/\/lasilusiones.com.ar\/blog\/wp-json\/wp\/v2\/users\/2"}],"replies":[{"embeddable":true,"href":"https:\/\/lasilusiones.com.ar\/blog\/wp-json\/wp\/v2\/comments?post=2142"}],"version-history":[{"count":4,"href":"https:\/\/lasilusiones.com.ar\/blog\/wp-json\/wp\/v2\/posts\/2142\/revisions"}],"predecessor-version":[{"id":2154,"href":"https:\/\/lasilusiones.com.ar\/blog\/wp-json\/wp\/v2\/posts\/2142\/revisions\/2154"}],"wp:featuredmedia":[{"embeddable":true,"href":"https:\/\/lasilusiones.com.ar\/blog\/wp-json\/wp\/v2\/media\/1973"}],"wp:attachment":[{"href":"https:\/\/lasilusiones.com.ar\/blog\/wp-json\/wp\/v2\/media?parent=2142"}],"wp:term":[{"taxonomy":"category","embeddable":true,"href":"https:\/\/lasilusiones.com.ar\/blog\/wp-json\/wp\/v2\/categories?post=2142"},{"taxonomy":"post_tag","embeddable":true,"href":"https:\/\/lasilusiones.com.ar\/blog\/wp-json\/wp\/v2\/tags?post=2142"}],"curies":[{"name":"wp","href":"https:\/\/api.w.org\/{rel}","templated":true}]}}