{"id":2155,"date":"2023-05-12T09:30:46","date_gmt":"2023-05-12T12:30:46","guid":{"rendered":"https:\/\/lasilusiones.com.ar\/blog\/?p=2155"},"modified":"2023-05-12T09:30:46","modified_gmt":"2023-05-12T12:30:46","slug":"conociendo-a-nuestra-comunidad-11","status":"publish","type":"post","link":"https:\/\/lasilusiones.com.ar\/blog\/conociendo-a-nuestra-comunidad-11\/","title":{"rendered":"Conociendo a nuestra comunidad"},"content":{"rendered":"\n<p>Mi nombre es Claudia, estoy casada con Javier, desde hace 30 a\u00f1os, somos pap\u00e1s de Alejo, Ramiro y Francisco.<\/p>\n\n\n\n<div class=\"wp-block-media-text alignwide is-stacked-on-mobile\"><figure class=\"wp-block-media-text__media\"><img loading=\"lazy\" decoding=\"async\" width=\"1024\" height=\"768\" src=\"https:\/\/lasilusiones.com.ar\/blog\/wp-content\/uploads\/2023\/05\/WhatsApp-Image-2023-05-05-at-17.20.29-1024x768.jpeg\" alt=\"\" class=\"wp-image-2157 size-full\" srcset=\"https:\/\/lasilusiones.com.ar\/blog\/wp-content\/uploads\/2023\/05\/WhatsApp-Image-2023-05-05-at-17.20.29-1024x768.jpeg 1024w, https:\/\/lasilusiones.com.ar\/blog\/wp-content\/uploads\/2023\/05\/WhatsApp-Image-2023-05-05-at-17.20.29-300x225.jpeg 300w, https:\/\/lasilusiones.com.ar\/blog\/wp-content\/uploads\/2023\/05\/WhatsApp-Image-2023-05-05-at-17.20.29-768x576.jpeg 768w, https:\/\/lasilusiones.com.ar\/blog\/wp-content\/uploads\/2023\/05\/WhatsApp-Image-2023-05-05-at-17.20.29.jpeg 1190w\" sizes=\"auto, (max-width: 1024px) 100vw, 1024px\" \/><\/figure><div class=\"wp-block-media-text__content\">\n<p>Francisco lleg\u00f3 a nuestras vidas un 29 de agosto del a\u00f1o 2002, mi embarazo fue pleno y sin complicaciones y su nacimiento, tambi\u00e9n. <strong>Cuando lo vi por primera vez, vi un beb\u00e9 hermoso, sano, que me llenaba de amor con su mirada<\/strong>. A las horas me fueron informando que tal vez\u2026pod\u00eda ser que\u2026etc. Sent\u00ed mucha ansiedad y, al mismo tiempo, confianza y tranquilidad. <strong>Algo en mi dec\u00eda que todo iba a estar bien y, sobre todo, lo sab\u00eda cuando ten\u00eda a Francisco en mis brazos.<\/strong><\/p>\n\n\n\n<p>Me sent\u00eda entera a pesar de la noticia y tambi\u00e9n sosten\u00eda a la familia y a los hermanos, dando la informaci\u00f3n necesaria, acompa\u00f1\u00e1ndonos en familia y, al mismo tiempo, buscaba informaci\u00f3n acerca del S\u00edndrome de Down, tratamientos, terapias, etc.<\/p>\n<\/div><\/div>\n\n\n\n<p>Tuvimos grandes desaf\u00edos: b\u00fasqueda de colegio, maestras integradoras, fonoaudi\u00f3logas, psicopedagogas, grupitos de pares, actividades deportivas (nataci\u00f3n, taekwondo, f\u00fatbol y b\u00e1squet) y actividades art\u00edsticas (arte, comedia, teatro, canto). Hubo cambios de colegio y sus \u00faltimos a\u00f1os de la escuela secundaria, en una escuela especial. <\/p>\n\n\n\n<p>Fran es muy buen cocinero, organizado con sus cosas y se desenvuelve bien con las tareas en la casa. Est\u00e1 siempre de buen humor y bien predispuesto. Es un gran socializador, tiene el don de \u201chacer amigos y amigos de amigos\u201d, es muy familiero. Actualmente, trabaja en la Fundaci\u00f3n Cedemil, en el taller de pasteler\u00eda, hace b\u00e1squet y tambi\u00e9n Teatro en Las Ilusiones.<\/p>\n\n\n\n<figure class=\"wp-block-image size-large\"><img loading=\"lazy\" decoding=\"async\" width=\"1024\" height=\"304\" src=\"https:\/\/lasilusiones.com.ar\/blog\/wp-content\/uploads\/2023\/05\/fran-1024x304.png\" alt=\"\" class=\"wp-image-2158\" srcset=\"https:\/\/lasilusiones.com.ar\/blog\/wp-content\/uploads\/2023\/05\/fran-1024x304.png 1024w, https:\/\/lasilusiones.com.ar\/blog\/wp-content\/uploads\/2023\/05\/fran-300x89.png 300w, https:\/\/lasilusiones.com.ar\/blog\/wp-content\/uploads\/2023\/05\/fran-768x228.png 768w, https:\/\/lasilusiones.com.ar\/blog\/wp-content\/uploads\/2023\/05\/fran-1536x456.png 1536w, https:\/\/lasilusiones.com.ar\/blog\/wp-content\/uploads\/2023\/05\/fran-2048x608.png 2048w\" sizes=\"auto, (max-width: 1024px) 100vw, 1024px\" \/><\/figure>\n\n\n\n<p><\/p>\n\n\n\n<p>Fran, siempre esta atento a lo que est\u00e1 sucedi\u00e9ndole a las personas que lo rodean, es muy perceptivo y emp\u00e1tico.<\/p>\n\n\n\n<p>La llegada de Fran, a mi vida me permiti\u00f3 despegarme de muchas creencias, prejuicios, miedos, etc. \u00c9l nos ense\u00f1a, que es posible cuando se ama lo que se tiene. Agradezco a la vida su presencia. No nos damos pausa como familia, buscando siempre las mejores opciones para que Fran logre autonom\u00eda y estar bien m\u00e1s all\u00e1 de nosotros.<\/p>\n\n\n\n<p><strong>El nos da la energ\u00eda y la fuerza para hacer este camino.<\/strong><\/p>\n\n\n<div class=\"wp-block-image\">\n<figure class=\"aligncenter size-large is-resized\"><img loading=\"lazy\" decoding=\"async\" src=\"https:\/\/lasilusiones.com.ar\/blog\/wp-content\/uploads\/2023\/05\/WhatsApp-Image-2023-05-05-at-17.20.30-1024x768.jpeg\" alt=\"\" class=\"wp-image-2159\" width=\"578\" height=\"434\" srcset=\"https:\/\/lasilusiones.com.ar\/blog\/wp-content\/uploads\/2023\/05\/WhatsApp-Image-2023-05-05-at-17.20.30-1024x768.jpeg 1024w, https:\/\/lasilusiones.com.ar\/blog\/wp-content\/uploads\/2023\/05\/WhatsApp-Image-2023-05-05-at-17.20.30-300x225.jpeg 300w, https:\/\/lasilusiones.com.ar\/blog\/wp-content\/uploads\/2023\/05\/WhatsApp-Image-2023-05-05-at-17.20.30-768x576.jpeg 768w, https:\/\/lasilusiones.com.ar\/blog\/wp-content\/uploads\/2023\/05\/WhatsApp-Image-2023-05-05-at-17.20.30.jpeg 1190w\" sizes=\"auto, (max-width: 578px) 100vw, 578px\" \/><\/figure>\n<\/div>\n\n\n<p><\/p>\n\n\n\n<p>Gracias a Claudia y Javier por compartir esta nueva historia.<\/p>\n","protected":false},"excerpt":{"rendered":"<p>Mi nombre es Claudia, estoy casada con Javier, desde hace 30 a\u00f1os, somos pap\u00e1s de Alejo, Ramiro y Francisco. Francisco lleg\u00f3 a nuestras vidas un&hellip;<\/p>\n","protected":false},"author":2,"featured_media":1973,"comment_status":"open","ping_status":"open","sticky":false,"template":"","format":"standard","meta":{"_monsterinsights_skip_tracking":false,"_monsterinsights_sitenote_active":false,"_monsterinsights_sitenote_note":"","_monsterinsights_sitenote_category":0,"footnotes":""},"categories":[4],"tags":[],"class_list":["post-2155","post","type-post","status-publish","format-standard","has-post-thumbnail","hentry","category-articulo"],"_links":{"self":[{"href":"https:\/\/lasilusiones.com.ar\/blog\/wp-json\/wp\/v2\/posts\/2155","targetHints":{"allow":["GET"]}}],"collection":[{"href":"https:\/\/lasilusiones.com.ar\/blog\/wp-json\/wp\/v2\/posts"}],"about":[{"href":"https:\/\/lasilusiones.com.ar\/blog\/wp-json\/wp\/v2\/types\/post"}],"author":[{"embeddable":true,"href":"https:\/\/lasilusiones.com.ar\/blog\/wp-json\/wp\/v2\/users\/2"}],"replies":[{"embeddable":true,"href":"https:\/\/lasilusiones.com.ar\/blog\/wp-json\/wp\/v2\/comments?post=2155"}],"version-history":[{"count":2,"href":"https:\/\/lasilusiones.com.ar\/blog\/wp-json\/wp\/v2\/posts\/2155\/revisions"}],"predecessor-version":[{"id":2160,"href":"https:\/\/lasilusiones.com.ar\/blog\/wp-json\/wp\/v2\/posts\/2155\/revisions\/2160"}],"wp:featuredmedia":[{"embeddable":true,"href":"https:\/\/lasilusiones.com.ar\/blog\/wp-json\/wp\/v2\/media\/1973"}],"wp:attachment":[{"href":"https:\/\/lasilusiones.com.ar\/blog\/wp-json\/wp\/v2\/media?parent=2155"}],"wp:term":[{"taxonomy":"category","embeddable":true,"href":"https:\/\/lasilusiones.com.ar\/blog\/wp-json\/wp\/v2\/categories?post=2155"},{"taxonomy":"post_tag","embeddable":true,"href":"https:\/\/lasilusiones.com.ar\/blog\/wp-json\/wp\/v2\/tags?post=2155"}],"curies":[{"name":"wp","href":"https:\/\/api.w.org\/{rel}","templated":true}]}}