{"id":2162,"date":"2023-05-19T11:01:03","date_gmt":"2023-05-19T14:01:03","guid":{"rendered":"https:\/\/lasilusiones.com.ar\/blog\/?p=2162"},"modified":"2023-05-19T11:01:03","modified_gmt":"2023-05-19T14:01:03","slug":"conociendo-a-nuestra-comunidad-12","status":"publish","type":"post","link":"https:\/\/lasilusiones.com.ar\/blog\/conociendo-a-nuestra-comunidad-12\/","title":{"rendered":"Conociendo a nuestra comunidad"},"content":{"rendered":"\n<div class=\"wp-block-media-text alignwide is-stacked-on-mobile\" style=\"grid-template-columns:45% auto\"><figure class=\"wp-block-media-text__media\"><img loading=\"lazy\" decoding=\"async\" width=\"768\" height=\"1024\" src=\"https:\/\/lasilusiones.com.ar\/blog\/wp-content\/uploads\/2023\/05\/WhatsApp-Image-2023-05-15-at-20.32.58-768x1024.jpeg\" alt=\"\" class=\"wp-image-2163 size-full\" srcset=\"https:\/\/lasilusiones.com.ar\/blog\/wp-content\/uploads\/2023\/05\/WhatsApp-Image-2023-05-15-at-20.32.58-768x1024.jpeg 768w, https:\/\/lasilusiones.com.ar\/blog\/wp-content\/uploads\/2023\/05\/WhatsApp-Image-2023-05-15-at-20.32.58-225x300.jpeg 225w, https:\/\/lasilusiones.com.ar\/blog\/wp-content\/uploads\/2023\/05\/WhatsApp-Image-2023-05-15-at-20.32.58.jpeg 960w\" sizes=\"auto, (max-width: 768px) 100vw, 768px\" \/><\/figure><div class=\"wp-block-media-text__content\">\n<p><em>Hola, soy Ren\u00e9, el pap\u00e1 de Hern\u00e1n. Cuando naci\u00f3 Hern\u00e1n, con Liliana \u00e9ramos muy j\u00f3venes y nunca hubi\u00e9ramos imaginado lo que sucedi\u00f3 despu\u00e9s. Cuando Hern\u00e1n era muy chiquito tuvo meningitis, por suerte se salv\u00f3, porque es una enfermedad letal, pr\u00e1cticamente. Al a\u00f1o de haberse curado, \u00e9l ten\u00eda dos o tres a\u00f1os, empezamos a notar que no llegaba a realizar algunas cosas que otros chicos s\u00ed. Cuando naci\u00f3 Juan Manuel, nuestro segundo hijo, ve\u00edamos que Juan progresaba y que a Hern\u00e1n le costaba. Ese fue un periodo de incertidumbre por la preocupaci\u00f3n y por la inexperiencia de nuestra edad. Lo empezamos a llevar al m\u00e9dico y al psic\u00f3logo y nos dijeron que ten\u00eda un retraso madurativo y que ten\u00eda que ir a una escuela diferencial. Eso fue bastante complicado para nosotros porque no lo pod\u00edamos entender, no pod\u00edamos entender que \u00e9l tenga un retraso y no pueda ir a una escuela com\u00fan. Lo llevamos a distintos lugares para ver si alguien nos dec\u00eda que no era cierto, que hab\u00eda una posibilidad, pero la realidad era otra y tuvimos que entenderlo. Nos cost\u00f3 porque nosotros seguimos teniendo hijos y ellos tambi\u00e9n avanzaban y a Hern\u00e1n le costaba mucho cada cosa que hac\u00eda.<\/em><\/p>\n<\/div><\/div>\n\n\n\n<p><em>Despu\u00e9s de eso, cuando logramos entender el problema, porque uno no quiere entender, ah\u00ed empezamos a tomar al toro por las astas. Porque uno si cree que no hay problema, nunca lo va a resolver y con ese reconocimiento empezamos a buscar escuelas diferenciales, a entender que a Hern\u00e1n le costaban mucho m\u00e1s que a otros chicos las actividades, a compartir con otros chicos que por ah\u00ed estaban en las mismas condiciones y aprendimos algo muy importante en esta vida. Gracias a Hern\u00e1n encontramos sentimientos y acciones que se despertaron en nuestra alma, en nuestro interior. Sentimientos que creo que si no lo hubi\u00e9ramos tenido Hern\u00e1n, no hubi\u00e9ramos conocido. La profundidad del sentimiento del ser humano aparece en estas situaciones de la discapacidad, al enterarse de que hay miles de chicos con discapacidad, poder comprenderlos, ver que son sanos interiormente, de mente sana, que no tienen maldad y esa pureza de sentimientos, solo la vivimos padres, hermanos o amigos de chicos con discapacidad. Porque<strong> hay cosas tan simples, tan simples, como atarse los cordones de un zapato, que puede ser lo m\u00e1s grandioso para un padre con un chico con discapacidad. Y quiz\u00e1s una persona que desconoce la discapacidad, no le da importancia. Pero para nosotros es important\u00edsimo<\/strong>. Otra cosa, tambi\u00e9n importante, es dar a conocer, explicar a la gente; porque hay gente que por ah\u00ed no sabe c\u00f3mo actuar, no es que sea mala o que no quiere estar al lado de la persona con discapacidad. Simplemente, no conoce, entonces nosotros tenemos que explicarle, no hay que enojarse porque lo miran o porque hacen cara fea. La mayor\u00eda de la gente no sabe y cuando entienden son los mejores amigos y las personas que m\u00e1s ayudan.<\/em><\/p>\n\n\n\n<p><em>Y as\u00ed seguimos la vivencia con Liliana, con los hermanos. <strong>Hern\u00e1n para nuestra familia es vital.<\/strong> Este es un comentario que surge de la propia vivencia que tuvimos, es decir, no es que uno ley\u00f3 algo o se lo contaron, esta es pura vivencia y, la verdad, es que estamos muy felices.<strong> Lo material muchas veces es secundario para nosotros, aprendimos a que la vida interior, los sentimientos, cosas que no se compran son muy fuertes y, gracias a eso, uno puede entender a otras personas.<\/strong><\/em><\/p>\n\n\n\n<figure class=\"wp-block-image size-full\"><img loading=\"lazy\" decoding=\"async\" width=\"964\" height=\"446\" src=\"https:\/\/lasilusiones.com.ar\/blog\/wp-content\/uploads\/2023\/05\/Rene.png\" alt=\"\" class=\"wp-image-2164\" srcset=\"https:\/\/lasilusiones.com.ar\/blog\/wp-content\/uploads\/2023\/05\/Rene.png 964w, https:\/\/lasilusiones.com.ar\/blog\/wp-content\/uploads\/2023\/05\/Rene-300x139.png 300w, https:\/\/lasilusiones.com.ar\/blog\/wp-content\/uploads\/2023\/05\/Rene-768x355.png 768w\" sizes=\"auto, (max-width: 964px) 100vw, 964px\" \/><\/figure>\n","protected":false},"excerpt":{"rendered":"<p>Hola, soy Ren\u00e9, el pap\u00e1 de Hern\u00e1n. Cuando naci\u00f3 Hern\u00e1n, con Liliana \u00e9ramos muy j\u00f3venes y nunca hubi\u00e9ramos imaginado lo que sucedi\u00f3 despu\u00e9s. Cuando Hern\u00e1n&hellip;<\/p>\n","protected":false},"author":2,"featured_media":1973,"comment_status":"open","ping_status":"open","sticky":false,"template":"","format":"standard","meta":{"_monsterinsights_skip_tracking":false,"_monsterinsights_sitenote_active":false,"_monsterinsights_sitenote_note":"","_monsterinsights_sitenote_category":0,"footnotes":""},"categories":[4],"tags":[],"class_list":["post-2162","post","type-post","status-publish","format-standard","has-post-thumbnail","hentry","category-articulo"],"_links":{"self":[{"href":"https:\/\/lasilusiones.com.ar\/blog\/wp-json\/wp\/v2\/posts\/2162","targetHints":{"allow":["GET"]}}],"collection":[{"href":"https:\/\/lasilusiones.com.ar\/blog\/wp-json\/wp\/v2\/posts"}],"about":[{"href":"https:\/\/lasilusiones.com.ar\/blog\/wp-json\/wp\/v2\/types\/post"}],"author":[{"embeddable":true,"href":"https:\/\/lasilusiones.com.ar\/blog\/wp-json\/wp\/v2\/users\/2"}],"replies":[{"embeddable":true,"href":"https:\/\/lasilusiones.com.ar\/blog\/wp-json\/wp\/v2\/comments?post=2162"}],"version-history":[{"count":1,"href":"https:\/\/lasilusiones.com.ar\/blog\/wp-json\/wp\/v2\/posts\/2162\/revisions"}],"predecessor-version":[{"id":2165,"href":"https:\/\/lasilusiones.com.ar\/blog\/wp-json\/wp\/v2\/posts\/2162\/revisions\/2165"}],"wp:featuredmedia":[{"embeddable":true,"href":"https:\/\/lasilusiones.com.ar\/blog\/wp-json\/wp\/v2\/media\/1973"}],"wp:attachment":[{"href":"https:\/\/lasilusiones.com.ar\/blog\/wp-json\/wp\/v2\/media?parent=2162"}],"wp:term":[{"taxonomy":"category","embeddable":true,"href":"https:\/\/lasilusiones.com.ar\/blog\/wp-json\/wp\/v2\/categories?post=2162"},{"taxonomy":"post_tag","embeddable":true,"href":"https:\/\/lasilusiones.com.ar\/blog\/wp-json\/wp\/v2\/tags?post=2162"}],"curies":[{"name":"wp","href":"https:\/\/api.w.org\/{rel}","templated":true}]}}