{"id":2168,"date":"2023-05-22T11:09:08","date_gmt":"2023-05-22T14:09:08","guid":{"rendered":"https:\/\/lasilusiones.com.ar\/blog\/?p=2168"},"modified":"2023-05-29T14:53:34","modified_gmt":"2023-05-29T17:53:34","slug":"estuvimos-presentes-en-la-47a-feria-internacional-del-libro-de-buenos-aires","status":"publish","type":"post","link":"https:\/\/lasilusiones.com.ar\/blog\/estuvimos-presentes-en-la-47a-feria-internacional-del-libro-de-buenos-aires\/","title":{"rendered":"Estuvimos presentes en la 47a Feria Internacional del Libro de Buenos Aires"},"content":{"rendered":"\n<p><\/p>\n\n\n\n<p>El s\u00e1bado 13 de mayo, dentro del Espacio de Diversidad Funcional y Discapacidad, Las Ilusiones se hizo presente con la presentaci\u00f3n del libro de Juan Ignacio Acosta y una producci\u00f3n y muestra art\u00edstica.<\/p>\n\n\n\n<p>Nacho narr\u00f3 partes de su libro, Los Bonette hicieron un show ac\u00fastico y el elenco de teatro musical de la sede Olivos, realiz\u00f3 una presentaci\u00f3n de la obra <em>Grease<\/em>, producci\u00f3n del 2022.<\/p>\n\n\n\n<p>Les dejamos algunas fotos. <\/p>\n\n\n<div class=\"wp-block-image\">\n<figure class=\"aligncenter size-large is-resized\"><img loading=\"lazy\" decoding=\"async\" src=\"https:\/\/lasilusiones.com.ar\/blog\/wp-content\/uploads\/2023\/05\/Danza-feria-1-1024x683.png\" alt=\"\" class=\"wp-image-2172\" width=\"710\" height=\"474\" srcset=\"https:\/\/lasilusiones.com.ar\/blog\/wp-content\/uploads\/2023\/05\/Danza-feria-1-1024x683.png 1024w, https:\/\/lasilusiones.com.ar\/blog\/wp-content\/uploads\/2023\/05\/Danza-feria-1-300x200.png 300w, https:\/\/lasilusiones.com.ar\/blog\/wp-content\/uploads\/2023\/05\/Danza-feria-1-768x512.png 768w, https:\/\/lasilusiones.com.ar\/blog\/wp-content\/uploads\/2023\/05\/Danza-feria-1-1536x1024.png 1536w, https:\/\/lasilusiones.com.ar\/blog\/wp-content\/uploads\/2023\/05\/Danza-feria-1-2048x1366.png 2048w\" sizes=\"auto, (max-width: 710px) 100vw, 710px\" \/><\/figure>\n<\/div>\n\n\n<figure class=\"wp-block-gallery has-nested-images columns-default is-cropped wp-block-gallery-1 is-layout-flex wp-block-gallery-is-layout-flex\">\n<figure class=\"wp-block-image size-large\"><img loading=\"lazy\" decoding=\"async\" width=\"1024\" height=\"683\" data-id=\"2176\" src=\"https:\/\/lasilusiones.com.ar\/blog\/wp-content\/uploads\/2023\/05\/IMG_8820-1024x683.jpg\" alt=\"\" class=\"wp-image-2176\" srcset=\"https:\/\/lasilusiones.com.ar\/blog\/wp-content\/uploads\/2023\/05\/IMG_8820-1024x683.jpg 1024w, https:\/\/lasilusiones.com.ar\/blog\/wp-content\/uploads\/2023\/05\/IMG_8820-300x200.jpg 300w, https:\/\/lasilusiones.com.ar\/blog\/wp-content\/uploads\/2023\/05\/IMG_8820-768x512.jpg 768w, https:\/\/lasilusiones.com.ar\/blog\/wp-content\/uploads\/2023\/05\/IMG_8820-1536x1024.jpg 1536w, https:\/\/lasilusiones.com.ar\/blog\/wp-content\/uploads\/2023\/05\/IMG_8820-2048x1365.jpg 2048w\" sizes=\"auto, (max-width: 1024px) 100vw, 1024px\" \/><\/figure>\n\n\n\n<figure class=\"wp-block-image size-large\"><img loading=\"lazy\" decoding=\"async\" width=\"683\" height=\"1024\" data-id=\"2177\" src=\"https:\/\/lasilusiones.com.ar\/blog\/wp-content\/uploads\/2023\/05\/IMG_8786-1-683x1024.jpg\" alt=\"\" class=\"wp-image-2177\" srcset=\"https:\/\/lasilusiones.com.ar\/blog\/wp-content\/uploads\/2023\/05\/IMG_8786-1-683x1024.jpg 683w, https:\/\/lasilusiones.com.ar\/blog\/wp-content\/uploads\/2023\/05\/IMG_8786-1-200x300.jpg 200w, https:\/\/lasilusiones.com.ar\/blog\/wp-content\/uploads\/2023\/05\/IMG_8786-1-768x1152.jpg 768w, https:\/\/lasilusiones.com.ar\/blog\/wp-content\/uploads\/2023\/05\/IMG_8786-1-1024x1536.jpg 1024w, https:\/\/lasilusiones.com.ar\/blog\/wp-content\/uploads\/2023\/05\/IMG_8786-1-1365x2048.jpg 1365w, https:\/\/lasilusiones.com.ar\/blog\/wp-content\/uploads\/2023\/05\/IMG_8786-1-rotated.jpg 1568w\" sizes=\"auto, (max-width: 683px) 100vw, 683px\" \/><\/figure>\n<\/figure>\n\n\n\n<p><\/p>\n\n\n\n<p>Gracias a todos los que nos acompa\u00f1aron en una nueva oportunidad para dar difusi\u00f3n al arte inclusivo.<\/p>\n","protected":false},"excerpt":{"rendered":"<p>El s\u00e1bado 13 de mayo, dentro del Espacio de Diversidad Funcional y Discapacidad, Las Ilusiones se hizo presente con la presentaci\u00f3n del libro de Juan&hellip;<\/p>\n","protected":false},"author":2,"featured_media":0,"comment_status":"open","ping_status":"open","sticky":false,"template":"","format":"standard","meta":{"_monsterinsights_skip_tracking":false,"_monsterinsights_sitenote_active":false,"_monsterinsights_sitenote_note":"","_monsterinsights_sitenote_category":0,"footnotes":""},"categories":[4],"tags":[],"class_list":["post-2168","post","type-post","status-publish","format-standard","hentry","category-articulo"],"_links":{"self":[{"href":"https:\/\/lasilusiones.com.ar\/blog\/wp-json\/wp\/v2\/posts\/2168","targetHints":{"allow":["GET"]}}],"collection":[{"href":"https:\/\/lasilusiones.com.ar\/blog\/wp-json\/wp\/v2\/posts"}],"about":[{"href":"https:\/\/lasilusiones.com.ar\/blog\/wp-json\/wp\/v2\/types\/post"}],"author":[{"embeddable":true,"href":"https:\/\/lasilusiones.com.ar\/blog\/wp-json\/wp\/v2\/users\/2"}],"replies":[{"embeddable":true,"href":"https:\/\/lasilusiones.com.ar\/blog\/wp-json\/wp\/v2\/comments?post=2168"}],"version-history":[{"count":5,"href":"https:\/\/lasilusiones.com.ar\/blog\/wp-json\/wp\/v2\/posts\/2168\/revisions"}],"predecessor-version":[{"id":2187,"href":"https:\/\/lasilusiones.com.ar\/blog\/wp-json\/wp\/v2\/posts\/2168\/revisions\/2187"}],"wp:attachment":[{"href":"https:\/\/lasilusiones.com.ar\/blog\/wp-json\/wp\/v2\/media?parent=2168"}],"wp:term":[{"taxonomy":"category","embeddable":true,"href":"https:\/\/lasilusiones.com.ar\/blog\/wp-json\/wp\/v2\/categories?post=2168"},{"taxonomy":"post_tag","embeddable":true,"href":"https:\/\/lasilusiones.com.ar\/blog\/wp-json\/wp\/v2\/tags?post=2168"}],"curies":[{"name":"wp","href":"https:\/\/api.w.org\/{rel}","templated":true}]}}