{"id":2182,"date":"2023-05-26T01:47:37","date_gmt":"2023-05-26T04:47:37","guid":{"rendered":"https:\/\/lasilusiones.com.ar\/blog\/?p=2182"},"modified":"2023-05-26T01:47:37","modified_gmt":"2023-05-26T04:47:37","slug":"conociendo-a-nuestra-comunidad-13","status":"publish","type":"post","link":"https:\/\/lasilusiones.com.ar\/blog\/conociendo-a-nuestra-comunidad-13\/","title":{"rendered":"Conociendo a nuestra comunidad"},"content":{"rendered":"\n<p>Hoy conocemos la historia de Claudia y Gast\u00f3n. Un camino con altos y bajos pero lleno de perseverancia y de compa\u00f1\u00eda mutua.\u00a0<\/p>\n\n\n\n<div class=\"wp-block-media-text alignwide is-stacked-on-mobile\"><figure class=\"wp-block-media-text__media\"><img loading=\"lazy\" decoding=\"async\" width=\"576\" height=\"1024\" src=\"https:\/\/lasilusiones.com.ar\/blog\/wp-content\/uploads\/2023\/05\/IMG-20230515-WA0009-576x1024.jpg\" alt=\"\" class=\"wp-image-2183 size-full\" srcset=\"https:\/\/lasilusiones.com.ar\/blog\/wp-content\/uploads\/2023\/05\/IMG-20230515-WA0009-576x1024.jpg 576w, https:\/\/lasilusiones.com.ar\/blog\/wp-content\/uploads\/2023\/05\/IMG-20230515-WA0009-169x300.jpg 169w, https:\/\/lasilusiones.com.ar\/blog\/wp-content\/uploads\/2023\/05\/IMG-20230515-WA0009-768x1365.jpg 768w, https:\/\/lasilusiones.com.ar\/blog\/wp-content\/uploads\/2023\/05\/IMG-20230515-WA0009-864x1536.jpg 864w, https:\/\/lasilusiones.com.ar\/blog\/wp-content\/uploads\/2023\/05\/IMG-20230515-WA0009.jpg 900w\" sizes=\"auto, (max-width: 576px) 100vw, 576px\" \/><\/figure><div class=\"wp-block-media-text__content\">\n<p><\/p>\n\n\n\n<p>Gast\u00f3n tendr\u00eda que haber nacido el 31 de diciembre de 1990 pero lo dejaron dos d\u00edas m\u00e1s. As\u00ed que naci\u00f3 el 2 de enero. Cuando ten\u00eda 8 meses lo tuvimos que internar en terapia intensiva y le dieron remedios incorrectos, por lo que se agrav\u00f3 su situaci\u00f3n, al punto de que se estaba muriendo, pr\u00e1cticamente. Apareci\u00f3 mi hermana, que fue como Superman, porque nos ayud\u00f3 econ\u00f3micamente para trasladar a Gast\u00f3n y,\u00a0 en 15 d\u00edas, gracias a Dios lo pudieron recuperar. Despu\u00e9s fue un beb\u00e9 normal, hasta que se empez\u00f3 a chupar el dedo. Yo le pon\u00eda el chupete, lo escup\u00eda y se chupaba el dedo. Hasta el d\u00eda de hoy lo hace.\u00a0A los 3 a\u00f1os empez\u00f3 jard\u00edn pero no se quer\u00eda quedar, era imposible dejarlo, as\u00ed que despu\u00e9s de algunos meses, no lo llev\u00e9 m\u00e1s. A los 4 a\u00f1os empez\u00f3 doble escolaridad y, aunque lloraba todos los d\u00edas, lo dejaba igual. Repiti\u00f3 3 veces primer grado, as\u00ed que lo empec\u00e9 a atender con psic\u00f3loga y psicopedagoga que lo ayudaban con sus estudios. Hasta que me tuve que mudar a Marcos Paz porque mi pap\u00e1 falleci\u00f3. Comenz\u00f3 en segundo grado com\u00fan y me dijeron que lo ten\u00eda que mandar a una escuela de recuperaci\u00f3n. Fue, pero no nos gust\u00f3 porque le hac\u00eda un bullying, entonces, lo sacamos de ah\u00ed. En cuarto grado vinimos a vivir a Capital donde termin\u00f3 sus estudios en escuela com\u00fan. Gast\u00f3n desde chico aprend\u00eda todas las cosas cantando, yo les ense\u00f1aba todo cantando; la direcci\u00f3n de casa, el tel\u00e9fono. Cuando fue m\u00e1s grande pod\u00eda aprender todo sin problemas.\u00a0En todo el tiempo que fue a terapia, nunca le diagnosticaron lo que ten\u00eda. Un d\u00eda, cuando viv\u00edamos en Lomas, me dijo &#8220;mam\u00e1 me voy&#8221;. Y no apareci\u00f3 hasta el d\u00eda siguiente: se hab\u00eda ido a Luj\u00e1n, caminando.\u00a0En el 2011 fue su primera internaci\u00f3n, por distintos motivos de su comportamiento. Despu\u00e9s de la internaci\u00f3n se recuper\u00f3 y pudimos dar con su diagn\u00f3stico: esquizofrenia y retraso madurativo. En 2013, despu\u00e9s de otra internaci\u00f3n empez\u00f3 a mejorar, aunque tuvo otros episodios, pero ordenaba su habitaci\u00f3n, hac\u00eda sus cosas.\u00a0 En 2018, con Claudia su psic\u00f3loga, comenz\u00f3 a tomar su medicaci\u00f3n solo.\u00a0<\/p>\n\n\n\n<figure class=\"wp-block-image size-large\"><img loading=\"lazy\" decoding=\"async\" width=\"671\" height=\"1024\" src=\"https:\/\/lasilusiones.com.ar\/blog\/wp-content\/uploads\/2023\/05\/IMG-20230515-WA0010-1-671x1024.jpg\" alt=\"\" class=\"wp-image-2185\" srcset=\"https:\/\/lasilusiones.com.ar\/blog\/wp-content\/uploads\/2023\/05\/IMG-20230515-WA0010-1-671x1024.jpg 671w, https:\/\/lasilusiones.com.ar\/blog\/wp-content\/uploads\/2023\/05\/IMG-20230515-WA0010-1-197x300.jpg 197w, https:\/\/lasilusiones.com.ar\/blog\/wp-content\/uploads\/2023\/05\/IMG-20230515-WA0010-1.jpg 720w\" sizes=\"auto, (max-width: 671px) 100vw, 671px\" \/><\/figure>\n<\/div><\/div>\n\n\n\n<p>La verdad es que no me puedo quejar. Es un chico muy dado, muy atento, tiene sus rayes, bueno, como todo el mundo.<\/p>\n","protected":false},"excerpt":{"rendered":"<p>Hoy conocemos la historia de Claudia y Gast\u00f3n. Un camino con altos y bajos pero lleno de perseverancia y de compa\u00f1\u00eda mutua.\u00a0 La verdad es&hellip;<\/p>\n","protected":false},"author":2,"featured_media":1973,"comment_status":"open","ping_status":"open","sticky":false,"template":"","format":"standard","meta":{"_monsterinsights_skip_tracking":false,"_monsterinsights_sitenote_active":false,"_monsterinsights_sitenote_note":"","_monsterinsights_sitenote_category":0,"footnotes":""},"categories":[4],"tags":[],"class_list":["post-2182","post","type-post","status-publish","format-standard","has-post-thumbnail","hentry","category-articulo"],"_links":{"self":[{"href":"https:\/\/lasilusiones.com.ar\/blog\/wp-json\/wp\/v2\/posts\/2182","targetHints":{"allow":["GET"]}}],"collection":[{"href":"https:\/\/lasilusiones.com.ar\/blog\/wp-json\/wp\/v2\/posts"}],"about":[{"href":"https:\/\/lasilusiones.com.ar\/blog\/wp-json\/wp\/v2\/types\/post"}],"author":[{"embeddable":true,"href":"https:\/\/lasilusiones.com.ar\/blog\/wp-json\/wp\/v2\/users\/2"}],"replies":[{"embeddable":true,"href":"https:\/\/lasilusiones.com.ar\/blog\/wp-json\/wp\/v2\/comments?post=2182"}],"version-history":[{"count":1,"href":"https:\/\/lasilusiones.com.ar\/blog\/wp-json\/wp\/v2\/posts\/2182\/revisions"}],"predecessor-version":[{"id":2186,"href":"https:\/\/lasilusiones.com.ar\/blog\/wp-json\/wp\/v2\/posts\/2182\/revisions\/2186"}],"wp:featuredmedia":[{"embeddable":true,"href":"https:\/\/lasilusiones.com.ar\/blog\/wp-json\/wp\/v2\/media\/1973"}],"wp:attachment":[{"href":"https:\/\/lasilusiones.com.ar\/blog\/wp-json\/wp\/v2\/media?parent=2182"}],"wp:term":[{"taxonomy":"category","embeddable":true,"href":"https:\/\/lasilusiones.com.ar\/blog\/wp-json\/wp\/v2\/categories?post=2182"},{"taxonomy":"post_tag","embeddable":true,"href":"https:\/\/lasilusiones.com.ar\/blog\/wp-json\/wp\/v2\/tags?post=2182"}],"curies":[{"name":"wp","href":"https:\/\/api.w.org\/{rel}","templated":true}]}}