{"id":219,"date":"2019-05-03T18:57:02","date_gmt":"2019-05-03T21:57:02","guid":{"rendered":"https:\/\/lasilusiones.com.ar\/blog\/?p=219"},"modified":"2019-05-03T18:57:02","modified_gmt":"2019-05-03T21:57:02","slug":"las-ilusiones-teatro-inclusivo-en-todo-el-pais-entrevista-en-la-tv-publica","status":"publish","type":"post","link":"https:\/\/lasilusiones.com.ar\/blog\/las-ilusiones-teatro-inclusivo-en-todo-el-pais-entrevista-en-la-tv-publica\/","title":{"rendered":"Las Ilusiones: Teatro inclusivo en todo el pa\u00eds &#8211; Entrevista en la TV P\u00fablica"},"content":{"rendered":"<h2>Las Ilusiones: Teatro Inclusivo en todo el pa\u00eds<\/h2>\n<p>El Director General de Las Ilusiones fue invitado a la Tv P\u00fablica junto al actor Santiago Demarco para hablar de la compa\u00f1\u00eda y su experiencia en esta propuesta teatral inclusiva que recorre todo el pa\u00eds buscando cambiar la mirada de la sociedad.<\/p>\n<p>Podes ver toda la nota haciendo click en el siguiente video:<\/p>\n<p><iframe loading=\"lazy\" title=\"Compa\u00f1ia &quot;Las Ilusiones&quot; en #TPANoticias\" width=\"525\" height=\"295\" src=\"https:\/\/www.youtube.com\/embed\/2WF231z0L9g?start=109&#038;feature=oembed\" frameborder=\"0\" allow=\"accelerometer; autoplay; clipboard-write; encrypted-media; gyroscope; picture-in-picture; web-share\" referrerpolicy=\"strict-origin-when-cross-origin\" allowfullscreen><\/iframe><\/p>\n<p>&nbsp;<\/p>\n<p><img loading=\"lazy\" decoding=\"async\" class=\"alignnone size-medium wp-image-220\" src=\"https:\/\/lasilusiones.com.ar\/blog\/wp-content\/uploads\/2019\/08\/movil-tv-publica-mayo-300x159.jpg\" alt=\"\" width=\"300\" height=\"159\" \/> <img loading=\"lazy\" decoding=\"async\" class=\"alignnone size-medium wp-image-221\" src=\"https:\/\/lasilusiones.com.ar\/blog\/wp-content\/uploads\/2019\/08\/m\u00f3vil-tv-publica-noticiero-mediodia-300x154.jpg\" alt=\"\" width=\"300\" height=\"154\" \/><\/p>\n","protected":false},"excerpt":{"rendered":"<p>Las Ilusiones: Teatro Inclusivo en todo el pa\u00eds El Director General de Las Ilusiones fue invitado a la Tv P\u00fablica junto al actor Santiago Demarco&hellip;<\/p>\n","protected":false},"author":1,"featured_media":220,"comment_status":"open","ping_status":"open","sticky":false,"template":"","format":"standard","meta":{"_monsterinsights_skip_tracking":false,"_monsterinsights_sitenote_active":false,"_monsterinsights_sitenote_note":"","_monsterinsights_sitenote_category":0,"footnotes":""},"categories":[8],"tags":[],"class_list":["post-219","post","type-post","status-publish","format-standard","has-post-thumbnail","hentry","category-prensa"],"_links":{"self":[{"href":"https:\/\/lasilusiones.com.ar\/blog\/wp-json\/wp\/v2\/posts\/219","targetHints":{"allow":["GET"]}}],"collection":[{"href":"https:\/\/lasilusiones.com.ar\/blog\/wp-json\/wp\/v2\/posts"}],"about":[{"href":"https:\/\/lasilusiones.com.ar\/blog\/wp-json\/wp\/v2\/types\/post"}],"author":[{"embeddable":true,"href":"https:\/\/lasilusiones.com.ar\/blog\/wp-json\/wp\/v2\/users\/1"}],"replies":[{"embeddable":true,"href":"https:\/\/lasilusiones.com.ar\/blog\/wp-json\/wp\/v2\/comments?post=219"}],"version-history":[{"count":0,"href":"https:\/\/lasilusiones.com.ar\/blog\/wp-json\/wp\/v2\/posts\/219\/revisions"}],"wp:featuredmedia":[{"embeddable":true,"href":"https:\/\/lasilusiones.com.ar\/blog\/wp-json\/"}],"wp:attachment":[{"href":"https:\/\/lasilusiones.com.ar\/blog\/wp-json\/wp\/v2\/media?parent=219"}],"wp:term":[{"taxonomy":"category","embeddable":true,"href":"https:\/\/lasilusiones.com.ar\/blog\/wp-json\/wp\/v2\/categories?post=219"},{"taxonomy":"post_tag","embeddable":true,"href":"https:\/\/lasilusiones.com.ar\/blog\/wp-json\/wp\/v2\/tags?post=219"}],"curies":[{"name":"wp","href":"https:\/\/api.w.org\/{rel}","templated":true}]}}