{"id":2197,"date":"2023-06-01T10:29:08","date_gmt":"2023-06-01T13:29:08","guid":{"rendered":"https:\/\/lasilusiones.com.ar\/blog\/?p=2197"},"modified":"2023-06-01T11:07:43","modified_gmt":"2023-06-01T14:07:43","slug":"las-ilusiones-llevo-su-arte-a-italia","status":"publish","type":"post","link":"https:\/\/lasilusiones.com.ar\/blog\/las-ilusiones-llevo-su-arte-a-italia\/","title":{"rendered":"Las Ilusiones llev\u00f3 su arte a Italia"},"content":{"rendered":"\n<p><\/p>\n\n\n\n<p>El martes 23\/5 a las 21 horas, en el Teatro Binario 7, se present\u00f3 la obra &#8220;<em>Venecia<\/em>&#8220;, en el marco del <strong>Festival de Teatro Inclusivo LI SEI VERO<\/strong>, organizado por Il Veliero Monza. Il Veliero Monza es una compa\u00f1\u00eda de teatro inclusivo, similar a Las Ilusiones.&nbsp;Durante los d\u00edas que dur\u00f3 el festival tambi\u00e9n se presentaron elencos de Italia, Espa\u00f1a y Alemania; <strong>de Argentina, \u00fanicamente, Las Ilusiones.<\/strong><\/p>\n\n\n\n<p>\u201c<em>Llegamos el 20 de mayo a Mil\u00e1n, donde recorrimos y conocimos lugares tur\u00edsticos de Mil\u00e1n: Duomo, Castello Sforzesco, Galler\u00eda Vittorio Emanuelle y almorzamos la t\u00edpica pizza italiana en un restaurante del centro de la ciudad. Fuimos a la chocolater\u00eda Lindt a degustar chocolates y al otro d\u00eda, viajamos en tren a Monza<\/em>\u201d, cont\u00f3 Nina. <\/p>\n\n\n\n<figure class=\"wp-block-gallery has-nested-images columns-default is-cropped wp-block-gallery-1 is-layout-flex wp-block-gallery-is-layout-flex\">\n<figure class=\"wp-block-image size-large\"><img loading=\"lazy\" decoding=\"async\" width=\"768\" height=\"1024\" data-id=\"2203\" src=\"https:\/\/lasilusiones.com.ar\/blog\/wp-content\/uploads\/2023\/06\/WhatsApp-Image-2023-05-30-at-14.55.10-768x1024.jpeg\" alt=\"\" class=\"wp-image-2203\" srcset=\"https:\/\/lasilusiones.com.ar\/blog\/wp-content\/uploads\/2023\/06\/WhatsApp-Image-2023-05-30-at-14.55.10-768x1024.jpeg 768w, https:\/\/lasilusiones.com.ar\/blog\/wp-content\/uploads\/2023\/06\/WhatsApp-Image-2023-05-30-at-14.55.10-225x300.jpeg 225w, https:\/\/lasilusiones.com.ar\/blog\/wp-content\/uploads\/2023\/06\/WhatsApp-Image-2023-05-30-at-14.55.10-1152x1536.jpeg 1152w, https:\/\/lasilusiones.com.ar\/blog\/wp-content\/uploads\/2023\/06\/WhatsApp-Image-2023-05-30-at-14.55.10.jpeg 1200w\" sizes=\"auto, (max-width: 768px) 100vw, 768px\" \/><figcaption class=\"wp-element-caption\">Catedral de Mil\u00e1n<\/figcaption><\/figure>\n\n\n\n<figure class=\"wp-block-image size-large\"><img loading=\"lazy\" decoding=\"async\" width=\"768\" height=\"1024\" data-id=\"2201\" src=\"https:\/\/lasilusiones.com.ar\/blog\/wp-content\/uploads\/2023\/06\/WhatsApp-Image-2023-05-30-at-14.55.47-768x1024.jpeg\" alt=\"\" class=\"wp-image-2201\" srcset=\"https:\/\/lasilusiones.com.ar\/blog\/wp-content\/uploads\/2023\/06\/WhatsApp-Image-2023-05-30-at-14.55.47-768x1024.jpeg 768w, https:\/\/lasilusiones.com.ar\/blog\/wp-content\/uploads\/2023\/06\/WhatsApp-Image-2023-05-30-at-14.55.47-225x300.jpeg 225w, https:\/\/lasilusiones.com.ar\/blog\/wp-content\/uploads\/2023\/06\/WhatsApp-Image-2023-05-30-at-14.55.47-1152x1536.jpeg 1152w, https:\/\/lasilusiones.com.ar\/blog\/wp-content\/uploads\/2023\/06\/WhatsApp-Image-2023-05-30-at-14.55.47.jpeg 1200w\" sizes=\"auto, (max-width: 768px) 100vw, 768px\" \/><figcaption class=\"wp-element-caption\">Castello<\/figcaption><\/figure>\n<\/figure>\n\n\n<div class=\"wp-block-image\">\n<figure class=\"aligncenter size-large is-resized\"><img loading=\"lazy\" decoding=\"async\" src=\"https:\/\/lasilusiones.com.ar\/blog\/wp-content\/uploads\/2023\/06\/WhatsApp-Image-2023-05-30-at-14.56.30-1024x768.jpeg\" alt=\"\" class=\"wp-image-2202\" width=\"838\" height=\"629\" srcset=\"https:\/\/lasilusiones.com.ar\/blog\/wp-content\/uploads\/2023\/06\/WhatsApp-Image-2023-05-30-at-14.56.30-1024x768.jpeg 1024w, https:\/\/lasilusiones.com.ar\/blog\/wp-content\/uploads\/2023\/06\/WhatsApp-Image-2023-05-30-at-14.56.30-300x225.jpeg 300w, https:\/\/lasilusiones.com.ar\/blog\/wp-content\/uploads\/2023\/06\/WhatsApp-Image-2023-05-30-at-14.56.30-768x576.jpeg 768w, https:\/\/lasilusiones.com.ar\/blog\/wp-content\/uploads\/2023\/06\/WhatsApp-Image-2023-05-30-at-14.56.30-1536x1152.jpeg 1536w, https:\/\/lasilusiones.com.ar\/blog\/wp-content\/uploads\/2023\/06\/WhatsApp-Image-2023-05-30-at-14.56.30.jpeg 1600w\" sizes=\"auto, (max-width: 838px) 100vw, 838px\" \/><\/figure>\n<\/div>\n\n\n<p><\/p>\n\n\n\n<p>El 23 fue el festival y el 24 a la ma\u00f1ana tambi\u00e9n aprovecharon para recorrer distintos puntos tur\u00edsticos de Monza: Duomo, Museo e tesoro duomo di Monza, Villa Real y Parco di Monza.<\/p>\n\n\n\n<figure class=\"wp-block-gallery has-nested-images columns-default is-cropped wp-block-gallery-2 is-layout-flex wp-block-gallery-is-layout-flex\">\n<figure class=\"wp-block-image size-large\"><img loading=\"lazy\" decoding=\"async\" width=\"768\" height=\"1024\" data-id=\"2200\" src=\"https:\/\/lasilusiones.com.ar\/blog\/wp-content\/uploads\/2023\/06\/WhatsApp-Image-2023-05-30-at-14.59.40-768x1024.jpeg\" alt=\"\" class=\"wp-image-2200\" srcset=\"https:\/\/lasilusiones.com.ar\/blog\/wp-content\/uploads\/2023\/06\/WhatsApp-Image-2023-05-30-at-14.59.40-768x1024.jpeg 768w, https:\/\/lasilusiones.com.ar\/blog\/wp-content\/uploads\/2023\/06\/WhatsApp-Image-2023-05-30-at-14.59.40-225x300.jpeg 225w, https:\/\/lasilusiones.com.ar\/blog\/wp-content\/uploads\/2023\/06\/WhatsApp-Image-2023-05-30-at-14.59.40-1152x1536.jpeg 1152w, https:\/\/lasilusiones.com.ar\/blog\/wp-content\/uploads\/2023\/06\/WhatsApp-Image-2023-05-30-at-14.59.40.jpeg 1536w\" sizes=\"auto, (max-width: 768px) 100vw, 768px\" \/><figcaption class=\"wp-element-caption\">Llegada a Monza<\/figcaption><\/figure>\n\n\n\n<figure class=\"wp-block-image size-large\"><img loading=\"lazy\" decoding=\"async\" width=\"768\" height=\"1024\" data-id=\"2198\" src=\"https:\/\/lasilusiones.com.ar\/blog\/wp-content\/uploads\/2023\/06\/WhatsApp-Image-2023-05-30-at-15.01.08-768x1024.jpeg\" alt=\"\" class=\"wp-image-2198\" srcset=\"https:\/\/lasilusiones.com.ar\/blog\/wp-content\/uploads\/2023\/06\/WhatsApp-Image-2023-05-30-at-15.01.08-768x1024.jpeg 768w, https:\/\/lasilusiones.com.ar\/blog\/wp-content\/uploads\/2023\/06\/WhatsApp-Image-2023-05-30-at-15.01.08-225x300.jpeg 225w, https:\/\/lasilusiones.com.ar\/blog\/wp-content\/uploads\/2023\/06\/WhatsApp-Image-2023-05-30-at-15.01.08-1152x1536.jpeg 1152w, https:\/\/lasilusiones.com.ar\/blog\/wp-content\/uploads\/2023\/06\/WhatsApp-Image-2023-05-30-at-15.01.08.jpeg 1200w\" sizes=\"auto, (max-width: 768px) 100vw, 768px\" \/><figcaption class=\"wp-element-caption\">Centro de la ciudad<\/figcaption><\/figure>\n\n\n\n<figure class=\"wp-block-image size-large\"><img loading=\"lazy\" decoding=\"async\" width=\"768\" height=\"1024\" data-id=\"2199\" src=\"https:\/\/lasilusiones.com.ar\/blog\/wp-content\/uploads\/2023\/06\/villa-real-monza-768x1024.jpeg\" alt=\"\" class=\"wp-image-2199\" srcset=\"https:\/\/lasilusiones.com.ar\/blog\/wp-content\/uploads\/2023\/06\/villa-real-monza-768x1024.jpeg 768w, https:\/\/lasilusiones.com.ar\/blog\/wp-content\/uploads\/2023\/06\/villa-real-monza-225x300.jpeg 225w, https:\/\/lasilusiones.com.ar\/blog\/wp-content\/uploads\/2023\/06\/villa-real-monza-1152x1536.jpeg 1152w, https:\/\/lasilusiones.com.ar\/blog\/wp-content\/uploads\/2023\/06\/villa-real-monza.jpeg 1200w\" sizes=\"auto, (max-width: 768px) 100vw, 768px\" \/><figcaption class=\"wp-element-caption\">Villa Real<\/figcaption><\/figure>\n<\/figure>\n\n\n\n<p><\/p>\n\n\n\n<p>\u201c<em>Con respecto a nuestra presentaci\u00f3n en el festival, fue una experiencia art\u00edstica muy significativa para todos, nos emocion\u00f3 mucho representar a nuestro pa\u00eds, visibilizar lo que hacemos de una manera profesional y observar las repercusiones en un p\u00fablico tan diverso culturalmente.<strong> Los tres artistas que viajaron realmente lucieron todo su potencial arriba y abajo del escenario<\/strong>, fue un placer compartir este viaje y estamos inmensamente agradecidos de esta oportunidad<\/em>\u201d, agreg\u00f3 Nina.<\/p>\n\n\n\n<figure class=\"wp-block-gallery has-nested-images columns-default is-cropped wp-block-gallery-3 is-layout-flex wp-block-gallery-is-layout-flex\">\n<figure class=\"wp-block-image size-large\"><img loading=\"lazy\" decoding=\"async\" width=\"1024\" height=\"768\" data-id=\"2204\" src=\"https:\/\/lasilusiones.com.ar\/blog\/wp-content\/uploads\/2023\/06\/WhatsApp-Image-2023-05-30-at-15.01.33-1024x768.jpeg\" alt=\"\" class=\"wp-image-2204\" srcset=\"https:\/\/lasilusiones.com.ar\/blog\/wp-content\/uploads\/2023\/06\/WhatsApp-Image-2023-05-30-at-15.01.33-1024x768.jpeg 1024w, https:\/\/lasilusiones.com.ar\/blog\/wp-content\/uploads\/2023\/06\/WhatsApp-Image-2023-05-30-at-15.01.33-300x225.jpeg 300w, https:\/\/lasilusiones.com.ar\/blog\/wp-content\/uploads\/2023\/06\/WhatsApp-Image-2023-05-30-at-15.01.33-768x576.jpeg 768w, https:\/\/lasilusiones.com.ar\/blog\/wp-content\/uploads\/2023\/06\/WhatsApp-Image-2023-05-30-at-15.01.33.jpeg 1296w\" sizes=\"auto, (max-width: 1024px) 100vw, 1024px\" \/><figcaption class=\"wp-element-caption\">En camarines<\/figcaption><\/figure>\n\n\n\n<figure class=\"wp-block-image size-large\"><img loading=\"lazy\" decoding=\"async\" width=\"1024\" height=\"866\" data-id=\"2205\" src=\"https:\/\/lasilusiones.com.ar\/blog\/wp-content\/uploads\/2023\/06\/WhatsApp-Image-2023-05-30-at-14.57.27-1024x866.jpeg\" alt=\"\" class=\"wp-image-2205\" srcset=\"https:\/\/lasilusiones.com.ar\/blog\/wp-content\/uploads\/2023\/06\/WhatsApp-Image-2023-05-30-at-14.57.27-1024x866.jpeg 1024w, https:\/\/lasilusiones.com.ar\/blog\/wp-content\/uploads\/2023\/06\/WhatsApp-Image-2023-05-30-at-14.57.27-300x254.jpeg 300w, https:\/\/lasilusiones.com.ar\/blog\/wp-content\/uploads\/2023\/06\/WhatsApp-Image-2023-05-30-at-14.57.27-768x649.jpeg 768w, https:\/\/lasilusiones.com.ar\/blog\/wp-content\/uploads\/2023\/06\/WhatsApp-Image-2023-05-30-at-14.57.27.jpeg 1280w\" sizes=\"auto, (max-width: 1024px) 100vw, 1024px\" \/><figcaption class=\"wp-element-caption\">Apertura del festival<\/figcaption><\/figure>\n<\/figure>\n\n\n\n<p><\/p>\n\n\n\n<p>De Italia viajaron a Madrid donde tambi\u00e9n recorrieron varios puntos tur\u00edsticos: Parque del Retiro, Puerta del Sol, Plaza Mayor y el Palacio Real. &#8220;<em>Fue importante estar all\u00e1 porque realizamos una <strong>entrevista con Down Espa\u00f1a<\/strong>, contando todo lo que hacemos en Argentina. Tambi\u00e9n <strong>fuimos a conocer las viviendas tuteladas de la Fundaci\u00f3n a la Par,<\/strong> y compartimos un almuerzo con los directivos de la fundaci\u00f3n y con parte de los j\u00f3venes con discapacidad intelectual que trabajan en ella<\/em>\u201d, finaliz\u00f3 nuestra vice, Nina.\u00a0<\/p>\n\n\n\n<figure class=\"wp-block-gallery has-nested-images columns-default is-cropped wp-block-gallery-4 is-layout-flex wp-block-gallery-is-layout-flex\">\n<figure class=\"wp-block-image size-large\"><img loading=\"lazy\" decoding=\"async\" width=\"1024\" height=\"768\" data-id=\"2206\" src=\"https:\/\/lasilusiones.com.ar\/blog\/wp-content\/uploads\/2023\/06\/WhatsApp-Image-2023-05-30-at-15.03.28-1024x768.jpeg\" alt=\"\" class=\"wp-image-2206\" srcset=\"https:\/\/lasilusiones.com.ar\/blog\/wp-content\/uploads\/2023\/06\/WhatsApp-Image-2023-05-30-at-15.03.28-1024x768.jpeg 1024w, https:\/\/lasilusiones.com.ar\/blog\/wp-content\/uploads\/2023\/06\/WhatsApp-Image-2023-05-30-at-15.03.28-300x225.jpeg 300w, https:\/\/lasilusiones.com.ar\/blog\/wp-content\/uploads\/2023\/06\/WhatsApp-Image-2023-05-30-at-15.03.28-768x576.jpeg 768w, https:\/\/lasilusiones.com.ar\/blog\/wp-content\/uploads\/2023\/06\/WhatsApp-Image-2023-05-30-at-15.03.28.jpeg 1296w\" sizes=\"auto, (max-width: 1024px) 100vw, 1024px\" \/><figcaption class=\"wp-element-caption\">Fundaci\u00f3n a la Par<\/figcaption><\/figure>\n\n\n\n<figure class=\"wp-block-image size-large\"><img loading=\"lazy\" decoding=\"async\" width=\"1024\" height=\"998\" data-id=\"2207\" src=\"https:\/\/lasilusiones.com.ar\/blog\/wp-content\/uploads\/2023\/06\/WhatsApp-Image-2023-05-30-at-15.04.32-1024x998.jpeg\" alt=\"\" class=\"wp-image-2207\" srcset=\"https:\/\/lasilusiones.com.ar\/blog\/wp-content\/uploads\/2023\/06\/WhatsApp-Image-2023-05-30-at-15.04.32-1024x998.jpeg 1024w, https:\/\/lasilusiones.com.ar\/blog\/wp-content\/uploads\/2023\/06\/WhatsApp-Image-2023-05-30-at-15.04.32-300x292.jpeg 300w, https:\/\/lasilusiones.com.ar\/blog\/wp-content\/uploads\/2023\/06\/WhatsApp-Image-2023-05-30-at-15.04.32-768x748.jpeg 768w, https:\/\/lasilusiones.com.ar\/blog\/wp-content\/uploads\/2023\/06\/WhatsApp-Image-2023-05-30-at-15.04.32.jpeg 1280w\" sizes=\"auto, (max-width: 1024px) 100vw, 1024px\" \/><figcaption class=\"wp-element-caption\">Down Espa\u00f1a<\/figcaption><\/figure>\n<\/figure>\n\n\n\n<p><\/p>\n\n\n\n<p>\u201c<em>Estoy orgullosa de haber hecho este viaje. Fue importante <strong>cumplir mi sue\u00f1o de actuar en el teatro de Mil\u00e1n.<\/strong> Me encant\u00f3 compartir con Romi y Santi, nos organizamos muy bien entre todos y con todo. Con el coraz\u00f3n le digo gracias a Las Ilusiones por este maravilloso viaje<\/em>.\u201d &#8211; <strong>Cecilia De Rose<\/strong>.<\/p>\n\n\n\n<p>\u201c<em>Les quiero agradecer a Nacho y a Nina por este viaje. <strong>Nunca lo voy a olvidar porque es mi primer viaje internacional. <\/strong>Con Chechu y Romi la&nbsp; mejor onda y tambi\u00e9n con Agos. Muchas gracias por este viaje y ojal\u00e1 haya muchos viajes m\u00e1s.&nbsp; Fue divertido, fue un viaje maravilloso, incre\u00edble. Gracias a todos por la mejor onda, los quiero.<\/em>\u201d &#8211; <strong>Santiago Puiggari<\/strong>.<\/p>\n\n\n\n<p>\u201c<em><strong>Me emocion\u00f3 mucho viajar por primera vez en avi\u00f3n. <\/strong>Me encant\u00f3 haber conocido otros pa\u00edses, Madrid es lo m\u00e1s. Un viaje que nunca pens\u00e9 hacer. Santiago y Ceci una masa<\/em>. <em>Los profes Nacho y Cintia, los m\u00e1s lindos que hay. Agos, Fernando y Alejandra fueron muy divertidos. Me encant\u00f3 actuar en Italia, los paseos, sacar fotos, comprarme ropa y compartir con todos. Me encantar\u00eda viajar m\u00e1s por el mundo<\/em>\u201d. &#8211; <strong>Romina Ramirez<\/strong>.<\/p>\n\n\n\n<p>Les compartimos las \u00faltimas fotos del viaje, paseando por Madrid.<\/p>\n\n\n\n<figure class=\"wp-block-gallery has-nested-images columns-default is-cropped wp-block-gallery-5 is-layout-flex wp-block-gallery-is-layout-flex\">\n<figure class=\"wp-block-image size-large\"><img loading=\"lazy\" decoding=\"async\" width=\"768\" height=\"1024\" data-id=\"2208\" src=\"https:\/\/lasilusiones.com.ar\/blog\/wp-content\/uploads\/2023\/06\/WhatsApp-Image-2023-05-30-at-15.03.07-768x1024.jpeg\" alt=\"\" class=\"wp-image-2208\" srcset=\"https:\/\/lasilusiones.com.ar\/blog\/wp-content\/uploads\/2023\/06\/WhatsApp-Image-2023-05-30-at-15.03.07-768x1024.jpeg 768w, https:\/\/lasilusiones.com.ar\/blog\/wp-content\/uploads\/2023\/06\/WhatsApp-Image-2023-05-30-at-15.03.07-225x300.jpeg 225w, https:\/\/lasilusiones.com.ar\/blog\/wp-content\/uploads\/2023\/06\/WhatsApp-Image-2023-05-30-at-15.03.07-1152x1536.jpeg 1152w, https:\/\/lasilusiones.com.ar\/blog\/wp-content\/uploads\/2023\/06\/WhatsApp-Image-2023-05-30-at-15.03.07.jpeg 1200w\" sizes=\"auto, (max-width: 768px) 100vw, 768px\" \/><figcaption class=\"wp-element-caption\">Parque del Retiro<\/figcaption><\/figure>\n\n\n\n<figure class=\"wp-block-image size-large\"><img loading=\"lazy\" decoding=\"async\" width=\"768\" height=\"1024\" data-id=\"2210\" src=\"https:\/\/lasilusiones.com.ar\/blog\/wp-content\/uploads\/2023\/06\/WhatsApp-Image-2023-05-30-at-15.02.33-768x1024.jpeg\" alt=\"\" class=\"wp-image-2210\" srcset=\"https:\/\/lasilusiones.com.ar\/blog\/wp-content\/uploads\/2023\/06\/WhatsApp-Image-2023-05-30-at-15.02.33-768x1024.jpeg 768w, https:\/\/lasilusiones.com.ar\/blog\/wp-content\/uploads\/2023\/06\/WhatsApp-Image-2023-05-30-at-15.02.33-225x300.jpeg 225w, https:\/\/lasilusiones.com.ar\/blog\/wp-content\/uploads\/2023\/06\/WhatsApp-Image-2023-05-30-at-15.02.33-1152x1536.jpeg 1152w, https:\/\/lasilusiones.com.ar\/blog\/wp-content\/uploads\/2023\/06\/WhatsApp-Image-2023-05-30-at-15.02.33.jpeg 1200w\" sizes=\"auto, (max-width: 768px) 100vw, 768px\" \/><figcaption class=\"wp-element-caption\">Plaza Mayor<\/figcaption><\/figure>\n\n\n\n<figure class=\"wp-block-image size-large\"><img loading=\"lazy\" decoding=\"async\" width=\"768\" height=\"1024\" data-id=\"2209\" src=\"https:\/\/lasilusiones.com.ar\/blog\/wp-content\/uploads\/2023\/06\/WhatsApp-Image-2023-05-30-at-15.02.01-768x1024.jpeg\" alt=\"\" class=\"wp-image-2209\" srcset=\"https:\/\/lasilusiones.com.ar\/blog\/wp-content\/uploads\/2023\/06\/WhatsApp-Image-2023-05-30-at-15.02.01-768x1024.jpeg 768w, https:\/\/lasilusiones.com.ar\/blog\/wp-content\/uploads\/2023\/06\/WhatsApp-Image-2023-05-30-at-15.02.01-225x300.jpeg 225w, https:\/\/lasilusiones.com.ar\/blog\/wp-content\/uploads\/2023\/06\/WhatsApp-Image-2023-05-30-at-15.02.01-1152x1536.jpeg 1152w, https:\/\/lasilusiones.com.ar\/blog\/wp-content\/uploads\/2023\/06\/WhatsApp-Image-2023-05-30-at-15.02.01.jpeg 1200w\" sizes=\"auto, (max-width: 768px) 100vw, 768px\" \/><figcaption class=\"wp-element-caption\">Palacio Real<\/figcaption><\/figure>\n<\/figure>\n\n\n\n<p><\/p>\n\n\n\n<p>Queremos agradecer a todas las organizaciones que colaboraron con la realizaci\u00f3n de este viaje, lleno de arte y de vivencias inolvidables: Tije Travel, Teatro Coliseo, Il Veliero, Banco Comafi, ONG Despuntado, Down Espa\u00f1a y Fundaci\u00f3n a la Par.<\/p>\n","protected":false},"excerpt":{"rendered":"<p>El martes 23\/5 a las 21 horas, en el Teatro Binario 7, se present\u00f3 la obra &#8220;Venecia&#8220;, en el marco del Festival de Teatro Inclusivo&hellip;<\/p>\n","protected":false},"author":2,"featured_media":0,"comment_status":"open","ping_status":"open","sticky":false,"template":"","format":"standard","meta":{"_monsterinsights_skip_tracking":false,"_monsterinsights_sitenote_active":false,"_monsterinsights_sitenote_note":"","_monsterinsights_sitenote_category":0,"footnotes":""},"categories":[4],"tags":[],"class_list":["post-2197","post","type-post","status-publish","format-standard","hentry","category-articulo"],"_links":{"self":[{"href":"https:\/\/lasilusiones.com.ar\/blog\/wp-json\/wp\/v2\/posts\/2197","targetHints":{"allow":["GET"]}}],"collection":[{"href":"https:\/\/lasilusiones.com.ar\/blog\/wp-json\/wp\/v2\/posts"}],"about":[{"href":"https:\/\/lasilusiones.com.ar\/blog\/wp-json\/wp\/v2\/types\/post"}],"author":[{"embeddable":true,"href":"https:\/\/lasilusiones.com.ar\/blog\/wp-json\/wp\/v2\/users\/2"}],"replies":[{"embeddable":true,"href":"https:\/\/lasilusiones.com.ar\/blog\/wp-json\/wp\/v2\/comments?post=2197"}],"version-history":[{"count":2,"href":"https:\/\/lasilusiones.com.ar\/blog\/wp-json\/wp\/v2\/posts\/2197\/revisions"}],"predecessor-version":[{"id":2215,"href":"https:\/\/lasilusiones.com.ar\/blog\/wp-json\/wp\/v2\/posts\/2197\/revisions\/2215"}],"wp:attachment":[{"href":"https:\/\/lasilusiones.com.ar\/blog\/wp-json\/wp\/v2\/media?parent=2197"}],"wp:term":[{"taxonomy":"category","embeddable":true,"href":"https:\/\/lasilusiones.com.ar\/blog\/wp-json\/wp\/v2\/categories?post=2197"},{"taxonomy":"post_tag","embeddable":true,"href":"https:\/\/lasilusiones.com.ar\/blog\/wp-json\/wp\/v2\/tags?post=2197"}],"curies":[{"name":"wp","href":"https:\/\/api.w.org\/{rel}","templated":true}]}}