{"id":2224,"date":"2023-06-09T10:32:56","date_gmt":"2023-06-09T13:32:56","guid":{"rendered":"https:\/\/lasilusiones.com.ar\/blog\/?p=2224"},"modified":"2023-06-09T10:32:57","modified_gmt":"2023-06-09T13:32:57","slug":"conociendo-a-nuestra-comunidad-15","status":"publish","type":"post","link":"https:\/\/lasilusiones.com.ar\/blog\/conociendo-a-nuestra-comunidad-15\/","title":{"rendered":"Conociendo a nuestra comunidad"},"content":{"rendered":"\n<p><\/p>\n\n\n\n<p>Hoy conocemos a In\u00e9s que nos presenta a Candelaria y el recorrido amoroso como familia.<\/p>\n\n\n\n<p><\/p>\n\n\n\n<div class=\"wp-block-media-text alignwide is-stacked-on-mobile\" style=\"grid-template-columns:35% auto\"><figure class=\"wp-block-media-text__media\"><img loading=\"lazy\" decoding=\"async\" width=\"768\" height=\"1024\" src=\"https:\/\/lasilusiones.com.ar\/blog\/wp-content\/uploads\/2023\/06\/WhatsApp-Image-2023-06-06-at-15.03.54-768x1024.jpeg\" alt=\"\" class=\"wp-image-2225 size-full\" srcset=\"https:\/\/lasilusiones.com.ar\/blog\/wp-content\/uploads\/2023\/06\/WhatsApp-Image-2023-06-06-at-15.03.54-768x1024.jpeg 768w, https:\/\/lasilusiones.com.ar\/blog\/wp-content\/uploads\/2023\/06\/WhatsApp-Image-2023-06-06-at-15.03.54-225x300.jpeg 225w, https:\/\/lasilusiones.com.ar\/blog\/wp-content\/uploads\/2023\/06\/WhatsApp-Image-2023-06-06-at-15.03.54-1152x1536.jpeg 1152w, https:\/\/lasilusiones.com.ar\/blog\/wp-content\/uploads\/2023\/06\/WhatsApp-Image-2023-06-06-at-15.03.54.jpeg 1200w\" sizes=\"auto, (max-width: 768px) 100vw, 768px\" \/><\/figure><div class=\"wp-block-media-text__content\">\n<p><em>Candelaria es nuestra hija menor. Tiene una hermana mayor, Mar\u00eda, y un hermano var\u00f3n, Chango. Los dos hermanos fueron y son muy protectores y cari\u00f1osos con Cande.<br>A partir de los 6 meses, notamos que las conductas de Cande no eran las esperables para su edad, considerando a sus hermanos como referentes.<br>Consultamos a varios m\u00e9dicos y, finalmente, recomendados por mi hermana Isabel, psicopedagoga, nos contactamos con el Dr Arroyo del Hospital Garraham. \u00c9l fue nuestro m\u00e9dico orientador.<br>As\u00ed comenz\u00f3 nuestro peregrinar por diferentes profesionales, instituciones, diagn\u00f3sticos, \u00bfescuela com\u00fan?, \u00bfescuela especial?.  En fin, el recorrido de tantos padres en b\u00fasqueda de respuestas a situaciones irreversibles. Nunca hab\u00eda un diagn\u00f3stico cerrado, pero siempre supimos que Cande era especial.<\/em><\/p>\n<\/div><\/div>\n\n\n\n<p><br><em><strong>Como tantos padres transitamos este camino donde hubo frustraciones, tristeza, enojo, impotencia, pero tambi\u00e9n, alegr\u00eda, esperanza y amor infinito.<\/strong><\/em><\/p>\n\n\n\n<p><br><em>Hoy Cande es una joven alegre; le encanta cantar (lo hace muy bien), bailar, pasear con el grupo TAO, participar en las obras de teatro, mirar pel\u00edculas (conoce como nadie los nombres de los actores, actrices, cantantes de moda, etc.). Ama a sus t\u00edos\/as, primos\/as y es ella a quien consultamos las fechas de cumplea\u00f1os, \u00a1tiene una incre\u00edble memoria para los nombres y fechas de consultas m\u00e9dicas!<\/em><\/p>\n\n\n\n<p><em><br>\u00a1Te queremos hasta el infinito y mucho m\u00e1s!<\/em><\/p>\n\n\n<div class=\"wp-block-image\">\n<figure class=\"aligncenter size-full\"><img loading=\"lazy\" decoding=\"async\" width=\"1020\" height=\"716\" src=\"https:\/\/lasilusiones.com.ar\/blog\/wp-content\/uploads\/2023\/06\/WhatsApp-Image-2023-06-06-at-20.23.36.jpeg\" alt=\"\" class=\"wp-image-2226\" srcset=\"https:\/\/lasilusiones.com.ar\/blog\/wp-content\/uploads\/2023\/06\/WhatsApp-Image-2023-06-06-at-20.23.36.jpeg 1020w, https:\/\/lasilusiones.com.ar\/blog\/wp-content\/uploads\/2023\/06\/WhatsApp-Image-2023-06-06-at-20.23.36-300x211.jpeg 300w, https:\/\/lasilusiones.com.ar\/blog\/wp-content\/uploads\/2023\/06\/WhatsApp-Image-2023-06-06-at-20.23.36-768x539.jpeg 768w\" sizes=\"auto, (max-width: 1020px) 100vw, 1020px\" \/><figcaption class=\"wp-element-caption\">Jorge, In\u00e9s (pap\u00e1 y mam\u00e1), Le\u00f3n (sobrino), Chango, Candelaria y Mar\u00eda.<\/figcaption><\/figure>\n<\/div>\n\n\n<p><\/p>\n\n\n\n<p>\u00a1Gracias In\u00e9s y familia por este hermoso testimonio!<\/p>\n","protected":false},"excerpt":{"rendered":"<p>Hoy conocemos a In\u00e9s que nos presenta a Candelaria y el recorrido amoroso como familia. Candelaria es nuestra hija menor. Tiene una hermana mayor, Mar\u00eda,&hellip;<\/p>\n","protected":false},"author":2,"featured_media":1973,"comment_status":"open","ping_status":"open","sticky":false,"template":"","format":"standard","meta":{"_monsterinsights_skip_tracking":false,"_monsterinsights_sitenote_active":false,"_monsterinsights_sitenote_note":"","_monsterinsights_sitenote_category":0,"footnotes":""},"categories":[4],"tags":[],"class_list":["post-2224","post","type-post","status-publish","format-standard","has-post-thumbnail","hentry","category-articulo"],"_links":{"self":[{"href":"https:\/\/lasilusiones.com.ar\/blog\/wp-json\/wp\/v2\/posts\/2224","targetHints":{"allow":["GET"]}}],"collection":[{"href":"https:\/\/lasilusiones.com.ar\/blog\/wp-json\/wp\/v2\/posts"}],"about":[{"href":"https:\/\/lasilusiones.com.ar\/blog\/wp-json\/wp\/v2\/types\/post"}],"author":[{"embeddable":true,"href":"https:\/\/lasilusiones.com.ar\/blog\/wp-json\/wp\/v2\/users\/2"}],"replies":[{"embeddable":true,"href":"https:\/\/lasilusiones.com.ar\/blog\/wp-json\/wp\/v2\/comments?post=2224"}],"version-history":[{"count":1,"href":"https:\/\/lasilusiones.com.ar\/blog\/wp-json\/wp\/v2\/posts\/2224\/revisions"}],"predecessor-version":[{"id":2227,"href":"https:\/\/lasilusiones.com.ar\/blog\/wp-json\/wp\/v2\/posts\/2224\/revisions\/2227"}],"wp:featuredmedia":[{"embeddable":true,"href":"https:\/\/lasilusiones.com.ar\/blog\/wp-json\/wp\/v2\/media\/1973"}],"wp:attachment":[{"href":"https:\/\/lasilusiones.com.ar\/blog\/wp-json\/wp\/v2\/media?parent=2224"}],"wp:term":[{"taxonomy":"category","embeddable":true,"href":"https:\/\/lasilusiones.com.ar\/blog\/wp-json\/wp\/v2\/categories?post=2224"},{"taxonomy":"post_tag","embeddable":true,"href":"https:\/\/lasilusiones.com.ar\/blog\/wp-json\/wp\/v2\/tags?post=2224"}],"curies":[{"name":"wp","href":"https:\/\/api.w.org\/{rel}","templated":true}]}}