{"id":2232,"date":"2023-06-14T10:57:23","date_gmt":"2023-06-14T13:57:23","guid":{"rendered":"https:\/\/lasilusiones.com.ar\/blog\/?p=2232"},"modified":"2023-06-14T10:57:23","modified_gmt":"2023-06-14T13:57:23","slug":"el-tour-arrabalero-de-las-ilusiones","status":"publish","type":"post","link":"https:\/\/lasilusiones.com.ar\/blog\/el-tour-arrabalero-de-las-ilusiones\/","title":{"rendered":"El Tour Arrabalero de Las Ilusiones"},"content":{"rendered":"\n<p><\/p>\n\n\n\n<p>El s\u00e1bado 3 de junio, Mariano Carabajal (coordinador de las sedes CABA, Maschwitz y Ramos Mej\u00eda) y Sabrina Martinez Gandini (coordinadora de las sedes Olivos, San Isidro y Ballester), junto a Santiago De Marco y Giuliana Lembo (artistas sede CABA) y al equipo de Abasto Cultural, tuvieron la presentaci\u00f3n del proyecto <em><strong>Tour Arrabalero<\/strong><\/em>. Este proyecto llev\u00f3 dos semanas de intenso trabajo interdisciplinario, con un equipo de profesionales de la danza, el folklore, el tango, las artes y el teatro. Una experiencia transformadora para todos sus participantes y que en s\u00ed misma transform\u00f3 el proyecto inicial. Mariano y Sabrina nos cuentan c\u00f3mo lo vivieron en primera persona.<\/p>\n\n\n\n<p class=\"has-regular-font-size\"><strong>\u00bfC\u00f3mo surgi\u00f3 el proyecto?<\/strong><\/p>\n\n\n\n<p><strong>Mariano: <\/strong>Nacho, era el promotor de este proyecto y me pidi\u00f3 que lo suplantara justo unos d\u00edas antes de empezar con el laboratorio. Fue un laboratorio organizado por la organizaci\u00f3n <em>IC &#8211; Innovaci\u00f3n P\u00fablica y Ciudadana.<\/em> Nos convocaron porque Agostina present\u00f3 un proyecto inclusivo y social llamado Tour Arrabalero, cuyo objetivo era armar un tour tur\u00edstico por la zona del Abasto, contando sus puntos emblem\u00e1ticos. Ese proyecto se aprob\u00f3 y despu\u00e9s nos invitaron a participar, por dos semanas, de un laboratorio con un equipo de personas designado por ellos. Ah\u00ed conocimos a las tres mentoras, Bel\u00e9n, Victoria y Julia y a dos de los organizadores). En esas dos semanas nos formaron sobre c\u00f3mo empezar a impulsar el proyecto, que pas\u00f3 de un tour tur\u00edstico a una marca.&nbsp;<\/p>\n\n\n\n<p><strong>\u00bfC\u00f3mo se dio la transformaci\u00f3n de la idea inicial?<\/strong><\/p>\n\n\n\n<p>Mariano: Cuando planteamos el tour tur\u00edstico nos preguntaron cu\u00e1l pod\u00eda ser el valor agregado de la experiencia para que no sea solamente un tour donde la gente va, escucha, data y ya est\u00e1. As\u00ed fue que creamos <em><strong>\u201cMisterios del Arrabal\u201d<\/strong><\/em>, una experiencia teatral inmersiva. Despu\u00e9s, nos preguntaron si esta idea se pod\u00eda replicar en otros lugares y dijimos que s\u00ed, pero armando una marca que pueda ser tur\u00edstica.<\/p>\n\n\n\n<p>Sabrina:&nbsp; Nos dimos cuenta de que pod\u00eda abarcar m\u00e1s que un tour tur\u00edstico en el Abasto y se pod\u00eda replicar en otros lugares de Argentina o en otros pa\u00edses. Entonces se pens\u00f3 en una <strong><em>experiencia TAI: Turismo art\u00edstico inclusivo<\/em><\/strong>. Una experiencia tur\u00edstica, donde se hace el recorrido del tour, se puede apreciar la cultura, el lugar, las calles, la historia. Experiencia art\u00edstica porque hay artistas dentro del tour que nos lleven a una escena, que nos recrean un misterio, por ejemplo, un asesinato, es decir contamos una obra de teatro. E inclusiva porque esos artistas contadores de la historia son personas con discapacidad formados en arte, en teatro.&nbsp;<\/p>\n\n\n\n<p>Mariano: es tambi\u00e9n es interactiva, inmersiva porque el espectador es parte del espect\u00e1culo, puede ser detective o juez, mientras va haciendo el recorrido, va investigando las pistas hasta el final del tour, momento en que tiene que descubrir el misterio.&nbsp;<\/p>\n\n\n\n<p><strong>\u00bfC\u00f3mo fueron las dos semanas de trabajo?<\/strong><\/p>\n\n\n\n<p>Mariano: Fueron dos semanas de mucho trabajo donde \u00edbamos avanzando con feedback de los mentores que nos ayudaban a poder pensar y darle forma al proyecto. Para m\u00ed fue muy interesante y muy rico porque tuve que trabajar con gente que no conoc\u00eda y eso me hizo poner en pr\u00e1ctica mis herramientas y tambi\u00e9n aprend\u00ed a vender un producto o comunicar una idea.&nbsp;<\/p>\n\n\n\n<p>Sabrina: Todo el laboratorio nos prepar\u00f3 para la presentaci\u00f3n final; el armado, c\u00f3mo ten\u00eda que ser presentado, el impacto visual, qu\u00e9 necesit\u00e1bamos en el escenario, c\u00f3mo pedir sponsor y fondos, etc. Porque m\u00e1s all\u00e1 de que hicimos algo art\u00edstico, tambi\u00e9n aprendimos a pedir ayuda para que otras organizaciones e instituciones se sumen a hacer realidad este proyecto.<\/p>\n\n\n\n<p><strong>\u00bfC\u00f3mo fue la presentaci\u00f3n?<\/strong><\/p>\n\n\n\n<p>Mariano: termin\u00f3 siendo una presentaci\u00f3n frente a diferentes dirigentes pol\u00edticos, gente del barrio del Abasto y tambi\u00e9n amigos, que escucharon seis propuestas distintas. Cada propuesta buscaba algo social o inclusivo, pero, m\u00e1s que nada, un cambio de paradigma donde se intente mejorar la calidad humana y de la sociedad. La gente estaba muy contenta con nuestro proyecto, porque transformamos nuestra propuesta de trabajo en algo mucho m\u00e1s amplio que un tour, creamos una marca, que se puede hacer en cualquier parte<\/p>\n\n\n\n<p><\/p>\n\n\n\n<p>El evento fue en el Parque de la Estaci\u00f3n, hubo un c\u00f3ctel, con m\u00fasica, y un cierre con las presentaciones de cada proyecto. Las Ilusiones fue el \u00faltimo grupo y se realiz\u00f3 una escena teatral protagonizada por Giuliana y Santiago La jornada termin\u00f3 con una banda en vivo.&nbsp;<\/p>\n\n\n\n<figure class=\"wp-block-gallery aligncenter has-nested-images columns-default is-cropped wp-block-gallery-1 is-layout-flex wp-block-gallery-is-layout-flex\">\n<figure class=\"wp-block-image size-large\"><img loading=\"lazy\" decoding=\"async\" width=\"1024\" height=\"872\" data-id=\"2231\" src=\"https:\/\/lasilusiones.com.ar\/blog\/wp-content\/uploads\/2023\/06\/WhatsApp-Image-2023-06-13-at-09.55.00-1024x872.jpeg\" alt=\"\" class=\"wp-image-2231\" srcset=\"https:\/\/lasilusiones.com.ar\/blog\/wp-content\/uploads\/2023\/06\/WhatsApp-Image-2023-06-13-at-09.55.00-1024x872.jpeg 1024w, https:\/\/lasilusiones.com.ar\/blog\/wp-content\/uploads\/2023\/06\/WhatsApp-Image-2023-06-13-at-09.55.00-300x255.jpeg 300w, https:\/\/lasilusiones.com.ar\/blog\/wp-content\/uploads\/2023\/06\/WhatsApp-Image-2023-06-13-at-09.55.00-768x654.jpeg 768w, https:\/\/lasilusiones.com.ar\/blog\/wp-content\/uploads\/2023\/06\/WhatsApp-Image-2023-06-13-at-09.55.00.jpeg 1280w\" sizes=\"auto, (max-width: 1024px) 100vw, 1024px\" \/><\/figure>\n\n\n\n<figure class=\"wp-block-image size-large\"><img loading=\"lazy\" decoding=\"async\" width=\"768\" height=\"1024\" data-id=\"2230\" src=\"https:\/\/lasilusiones.com.ar\/blog\/wp-content\/uploads\/2023\/06\/WhatsApp-Image-2023-06-13-at-09.55.00-1-768x1024.jpeg\" alt=\"\" class=\"wp-image-2230\" srcset=\"https:\/\/lasilusiones.com.ar\/blog\/wp-content\/uploads\/2023\/06\/WhatsApp-Image-2023-06-13-at-09.55.00-1-768x1024.jpeg 768w, https:\/\/lasilusiones.com.ar\/blog\/wp-content\/uploads\/2023\/06\/WhatsApp-Image-2023-06-13-at-09.55.00-1-225x300.jpeg 225w, https:\/\/lasilusiones.com.ar\/blog\/wp-content\/uploads\/2023\/06\/WhatsApp-Image-2023-06-13-at-09.55.00-1-1152x1536.jpeg 1152w, https:\/\/lasilusiones.com.ar\/blog\/wp-content\/uploads\/2023\/06\/WhatsApp-Image-2023-06-13-at-09.55.00-1.jpeg 1200w\" sizes=\"auto, (max-width: 768px) 100vw, 768px\" \/><\/figure>\n<\/figure>\n\n\n\n<p><strong>Felicitamos a este equipo creativo que refuerza el recorrido de Las Ilusiones en estos 15 a\u00f1os de arte inclusivo.<\/strong><\/p>\n","protected":false},"excerpt":{"rendered":"<p>El s\u00e1bado 3 de junio, Mariano Carabajal (coordinador de las sedes CABA, Maschwitz y Ramos Mej\u00eda) y Sabrina Martinez Gandini (coordinadora de las sedes Olivos,&hellip;<\/p>\n","protected":false},"author":2,"featured_media":0,"comment_status":"open","ping_status":"open","sticky":false,"template":"","format":"standard","meta":{"_monsterinsights_skip_tracking":false,"_monsterinsights_sitenote_active":false,"_monsterinsights_sitenote_note":"","_monsterinsights_sitenote_category":0,"footnotes":""},"categories":[3],"tags":[],"class_list":["post-2232","post","type-post","status-publish","format-standard","hentry","category-actividades"],"_links":{"self":[{"href":"https:\/\/lasilusiones.com.ar\/blog\/wp-json\/wp\/v2\/posts\/2232","targetHints":{"allow":["GET"]}}],"collection":[{"href":"https:\/\/lasilusiones.com.ar\/blog\/wp-json\/wp\/v2\/posts"}],"about":[{"href":"https:\/\/lasilusiones.com.ar\/blog\/wp-json\/wp\/v2\/types\/post"}],"author":[{"embeddable":true,"href":"https:\/\/lasilusiones.com.ar\/blog\/wp-json\/wp\/v2\/users\/2"}],"replies":[{"embeddable":true,"href":"https:\/\/lasilusiones.com.ar\/blog\/wp-json\/wp\/v2\/comments?post=2232"}],"version-history":[{"count":2,"href":"https:\/\/lasilusiones.com.ar\/blog\/wp-json\/wp\/v2\/posts\/2232\/revisions"}],"predecessor-version":[{"id":2234,"href":"https:\/\/lasilusiones.com.ar\/blog\/wp-json\/wp\/v2\/posts\/2232\/revisions\/2234"}],"wp:attachment":[{"href":"https:\/\/lasilusiones.com.ar\/blog\/wp-json\/wp\/v2\/media?parent=2232"}],"wp:term":[{"taxonomy":"category","embeddable":true,"href":"https:\/\/lasilusiones.com.ar\/blog\/wp-json\/wp\/v2\/categories?post=2232"},{"taxonomy":"post_tag","embeddable":true,"href":"https:\/\/lasilusiones.com.ar\/blog\/wp-json\/wp\/v2\/tags?post=2232"}],"curies":[{"name":"wp","href":"https:\/\/api.w.org\/{rel}","templated":true}]}}