{"id":2240,"date":"2023-06-16T09:33:53","date_gmt":"2023-06-16T12:33:53","guid":{"rendered":"https:\/\/lasilusiones.com.ar\/blog\/?p=2240"},"modified":"2023-06-16T09:49:59","modified_gmt":"2023-06-16T12:49:59","slug":"conociendo-a-nuestra-comunidad-16","status":"publish","type":"post","link":"https:\/\/lasilusiones.com.ar\/blog\/conociendo-a-nuestra-comunidad-16\/","title":{"rendered":"Conociendo a nuestra comunidad"},"content":{"rendered":"\n<p><\/p>\n\n\n\n<p>En la previa del finde largo les dejamos el hermoso testimonio de Marta, mam\u00e1 de Aldana,&nbsp;artista de la sede Lan\u00fas.<\/p>\n\n\n\n<div class=\"wp-block-media-text alignwide is-stacked-on-mobile\" style=\"grid-template-columns:39% auto\"><figure class=\"wp-block-media-text__media\"><img loading=\"lazy\" decoding=\"async\" width=\"576\" height=\"1024\" src=\"https:\/\/lasilusiones.com.ar\/blog\/wp-content\/uploads\/2023\/06\/WhatsApp-Image-2023-06-15-at-11.55.29-576x1024.jpeg\" alt=\"\" class=\"wp-image-2238 size-full\" srcset=\"https:\/\/lasilusiones.com.ar\/blog\/wp-content\/uploads\/2023\/06\/WhatsApp-Image-2023-06-15-at-11.55.29-576x1024.jpeg 576w, https:\/\/lasilusiones.com.ar\/blog\/wp-content\/uploads\/2023\/06\/WhatsApp-Image-2023-06-15-at-11.55.29-169x300.jpeg 169w, https:\/\/lasilusiones.com.ar\/blog\/wp-content\/uploads\/2023\/06\/WhatsApp-Image-2023-06-15-at-11.55.29-768x1365.jpeg 768w, https:\/\/lasilusiones.com.ar\/blog\/wp-content\/uploads\/2023\/06\/WhatsApp-Image-2023-06-15-at-11.55.29-864x1536.jpeg 864w, https:\/\/lasilusiones.com.ar\/blog\/wp-content\/uploads\/2023\/06\/WhatsApp-Image-2023-06-15-at-11.55.29.jpeg 900w\" sizes=\"auto, (max-width: 576px) 100vw, 576px\" \/><\/figure><div class=\"wp-block-media-text__content\">\n<p><em>Cuando hoy me convocaron para hacer esto, para volcar, mis experiencias, mis sentimientos con respecto a la discapacidad de Aldana, me emocion\u00e9 mucho, realmente. Aldana va a cumplir cuarenta y tres a\u00f1os en agosto. Cuando nos enteramos de su discapacidad fue algo inesperado, algo que no entend\u00edamos nada de lo que estaba pasando. Aldana comenz\u00f3 su jard\u00edn de infantes en una escuela p\u00fablica com\u00fan. La sala rosa de ese jard\u00edn transcurri\u00f3 dentro de los par\u00e1metros \u2018normales\u2019. Pero cuando ingres\u00f3 a la sala celeste, se empezaron a detectar cosas. Conductas distintas o consignas que ella no lograba cumplir y que ten\u00edan que cumplirse de una forma mec\u00e1nica, seg\u00fan me explicaron en ese momento. Y Aldana no las cumpl\u00eda. Entonces, ah\u00ed fue el cimbronazo. Cuando me citaron, me explicaron que hab\u00eda conductas que Aldana no lograba.<\/em><\/p>\n\n\n\n<p><em>Yo voy a estar eternamente agradecida a esa se\u00f1orita de la sala celeste, del jard\u00edn de la Escuela 28 de Avellaneda, que fue la que me coment\u00f3 todo esto, me puso en antecedentes con una humanidad incre\u00edble, me explic\u00f3 lo que estaba pasando. Ah\u00ed comenz\u00f3 un peregrinaje de m\u00e9dicos, de neur\u00f3logos, de psicopedagogos, de un sinf\u00edn de cosas, que uno iba, ven\u00eda, iba, ven\u00eda, iba, ven\u00eda, esperando, por ah\u00ed, escuchar lo que uno quer\u00eda escuchar. <\/em><\/p>\n<\/div><\/div>\n\n\n\n<p><em>Y cost\u00f3 tomar conciencia. Cost\u00f3. Yo creo que cost\u00f3 hasta que aceptamos que hay una situaci\u00f3n, una discapacidad que se presenta, que la vida te puso enfrente y que hay que sacarla adelante. Aldana complet\u00f3 la sala verde, recuerdo esos a\u00f1os del preescolar, yo trabajando mucho, mucho sobre ella<\/em> y <em>comenz\u00f3 el primer grado en una escuela com\u00fan. Esa fue una sugerencia que hab\u00edamos tenido, pero que fue un error. Fue un error porque Aldana perdi\u00f3 much\u00edsima seguridad en s\u00ed misma; porque ella es consciente de su de su discapacidad. Nunca me voy a olvidar cuando sal\u00eda de la escuela y me preguntaba por qu\u00e9 los dem\u00e1s hac\u00edan cosas que ella no pod\u00eda. Luego de completar ese primer grado comenz\u00f3 con escuelas especiales<\/em>.<\/p>\n\n\n\n<p><em>Siempre hay que tirar para adelante, siempre, siempre, siempre, siempre hay que tirar para adelante y pensar que se puede y que las cosas se van logrando y no enojarse (ojo, yo tuve mi temporada de enojo). Pero despu\u00e9s del enojo y del preguntarse por qu\u00e9 te preguntas y \u2018por qu\u00e9 no a m\u00ed\u2019. Y entras en la aceptaci\u00f3n y ah\u00ed es como que cambia un poquito todo. El pap\u00e1 de Aldana y yo nos divorciamos en el a\u00f1o 99 pero segu\u00edamos en contacto, Aldana sab\u00eda que ten\u00eda a su pap\u00e1 y a su mam\u00e1.<\/em><\/p>\n\n\n\n<figure class=\"wp-block-gallery has-nested-images columns-default is-cropped wp-block-gallery-1 is-layout-flex wp-block-gallery-is-layout-flex\">\n<figure class=\"wp-block-image size-large\"><img loading=\"lazy\" decoding=\"async\" width=\"576\" height=\"1024\" data-id=\"2237\" src=\"https:\/\/lasilusiones.com.ar\/blog\/wp-content\/uploads\/2023\/06\/WhatsApp-Image-2023-06-15-at-12.38.20-576x1024.jpeg\" alt=\"\" class=\"wp-image-2237\" srcset=\"https:\/\/lasilusiones.com.ar\/blog\/wp-content\/uploads\/2023\/06\/WhatsApp-Image-2023-06-15-at-12.38.20-576x1024.jpeg 576w, https:\/\/lasilusiones.com.ar\/blog\/wp-content\/uploads\/2023\/06\/WhatsApp-Image-2023-06-15-at-12.38.20-169x300.jpeg 169w, https:\/\/lasilusiones.com.ar\/blog\/wp-content\/uploads\/2023\/06\/WhatsApp-Image-2023-06-15-at-12.38.20.jpeg 720w\" sizes=\"auto, (max-width: 576px) 100vw, 576px\" \/><figcaption class=\"wp-element-caption\">Aldi con su sobrina Luna<\/figcaption><\/figure>\n\n\n\n<figure class=\"wp-block-image size-large\"><img loading=\"lazy\" decoding=\"async\" width=\"360\" height=\"720\" data-id=\"2241\" src=\"https:\/\/lasilusiones.com.ar\/blog\/wp-content\/uploads\/2023\/06\/hno.jpg\" alt=\"\" class=\"wp-image-2241\" srcset=\"https:\/\/lasilusiones.com.ar\/blog\/wp-content\/uploads\/2023\/06\/hno.jpg 360w, https:\/\/lasilusiones.com.ar\/blog\/wp-content\/uploads\/2023\/06\/hno-150x300.jpg 150w\" sizes=\"auto, (max-width: 360px) 100vw, 360px\" \/><figcaption class=\"wp-element-caption\">Su hermano<\/figcaption><\/figure>\n\n\n\n<figure class=\"wp-block-image size-large\"><img loading=\"lazy\" decoding=\"async\" width=\"768\" height=\"1024\" data-id=\"2236\" src=\"https:\/\/lasilusiones.com.ar\/blog\/wp-content\/uploads\/2023\/06\/WhatsApp-Image-2023-06-15-at-12.36.21-768x1024.jpeg\" alt=\"\" class=\"wp-image-2236\" srcset=\"https:\/\/lasilusiones.com.ar\/blog\/wp-content\/uploads\/2023\/06\/WhatsApp-Image-2023-06-15-at-12.36.21-768x1024.jpeg 768w, https:\/\/lasilusiones.com.ar\/blog\/wp-content\/uploads\/2023\/06\/WhatsApp-Image-2023-06-15-at-12.36.21-225x300.jpeg 225w, https:\/\/lasilusiones.com.ar\/blog\/wp-content\/uploads\/2023\/06\/WhatsApp-Image-2023-06-15-at-12.36.21-1152x1536.jpeg 1152w, https:\/\/lasilusiones.com.ar\/blog\/wp-content\/uploads\/2023\/06\/WhatsApp-Image-2023-06-15-at-12.36.21.jpeg 1200w\" sizes=\"auto, (max-width: 768px) 100vw, 768px\" \/><figcaption class=\"wp-element-caption\">Amo esta foto, porque para m\u00ed es una forma de gritarle a la vida: pude, puedo y voy a poder.&nbsp;<br><\/figcaption><\/figure>\n<\/figure>\n\n\n\n<p><\/p>\n\n\n\n<p><em>En septiembre se cumplen 15 a\u00f1os que Aldana perdi\u00f3 a su pap\u00e1 y ella ante un logro, siempre dice \u2018mir\u00e1 si lo viera pap\u00e1\u2019 o \u2018si estuviera pap\u00e1\u2019, y es complicado pero hay que seguir y seguir. Nosotros somos cuatro personas en la familia, Aldana, mi hijo, mi hermana y yo y, a veces hay dificultades, pero lo importante es seguir adelante. En este momento, Aldana vive conmigo y yo vivo con ella, porque entre las dos decimos que <strong>somos socias. Socias para esta tarea de salir adelante, de aceptar que todos tenemos discapacidades, absolutamente todos, <\/strong>yo me pongo mucho de ejemplo con ella, charlamos un mont\u00f3n y todos tenemos cosas. La palabra normal es muy amplia y creo que todos tenemos falencias y cosas que no podemos sacar adelante. Pero es un orgullo para m\u00ed, ver como Aldana est\u00e1 logrando un mont\u00f3n de cosas.<\/em><\/p>\n\n\n\n<p><em>No tengo palabras para agradecerles al grupo de personas de Las Ilusiones por haberse cruzado en mi vida. Aldana hace catorce a\u00f1os que est\u00e1 en Las Ilusiones y yo estoy eternamente agradecida a esa gran familia que se form\u00f3, en donde se incentivan y se busca lo positivo y las posibilidades de cada joven. Aldana logr\u00f3 una autonom\u00eda incre\u00edble, una responsabilidad que le costaba tener ahora con su trabajo. Y para m\u00ed es un orgullo decir que de una situaci\u00f3n de discapacidad, se pueden lograr muchas cosas, que con todas las piedras que se pongan en el camino se pueden lograr muchas cosas.<\/em><\/p>\n\n\n\n<p><em><strong>Quiero que se entienda y que esto no es victimizar nada, ni victimizar ninguna situaci\u00f3n. Es hablar de la realidad. Cada uno, yo creo que en cada hogar, en cada casa, hay situaciones y realidades distintas y cada uno apunta a salir adelante, a empujar y a ganar batallas<\/strong>.&nbsp;<\/em><\/p>\n\n\n\n<p><em>Estoy muy contenta de poder haber volcado esto porque hace mucho que no lo hac\u00eda y por eso creo que me conmovi\u00f3 tanto esta convocatoria. Y quiero cerrar diciendo que los quiero infinitamente, porque dios y la vida los pusieron en el camino de Aldana y m\u00edo para salir adelante.&nbsp;<\/em><\/p>\n\n\n\n<figure class=\"wp-block-gallery has-nested-images columns-default is-cropped wp-block-gallery-2 is-layout-flex wp-block-gallery-is-layout-flex\"><div class=\"wp-block-image\">\n<figure class=\"alignleft size-large\"><img loading=\"lazy\" decoding=\"async\" width=\"405\" height=\"484\" data-id=\"2239\" src=\"https:\/\/lasilusiones.com.ar\/blog\/wp-content\/uploads\/2023\/06\/aldana.jpg\" alt=\"\" class=\"wp-image-2239\" srcset=\"https:\/\/lasilusiones.com.ar\/blog\/wp-content\/uploads\/2023\/06\/aldana.jpg 405w, https:\/\/lasilusiones.com.ar\/blog\/wp-content\/uploads\/2023\/06\/aldana-251x300.jpg 251w\" sizes=\"auto, (max-width: 405px) 100vw, 405px\" \/><figcaption class=\"wp-element-caption\">Aldana y Marta<\/figcaption><\/figure>\n<\/div><\/figure>\n","protected":false},"excerpt":{"rendered":"<p>En la previa del finde largo les dejamos el hermoso testimonio de Marta, mam\u00e1 de Aldana,&nbsp;artista de la sede Lan\u00fas. Cuando hoy me convocaron para&hellip;<\/p>\n","protected":false},"author":2,"featured_media":1973,"comment_status":"open","ping_status":"open","sticky":false,"template":"","format":"standard","meta":{"_monsterinsights_skip_tracking":false,"_monsterinsights_sitenote_active":false,"_monsterinsights_sitenote_note":"","_monsterinsights_sitenote_category":0,"footnotes":""},"categories":[4],"tags":[],"class_list":["post-2240","post","type-post","status-publish","format-standard","has-post-thumbnail","hentry","category-articulo"],"_links":{"self":[{"href":"https:\/\/lasilusiones.com.ar\/blog\/wp-json\/wp\/v2\/posts\/2240","targetHints":{"allow":["GET"]}}],"collection":[{"href":"https:\/\/lasilusiones.com.ar\/blog\/wp-json\/wp\/v2\/posts"}],"about":[{"href":"https:\/\/lasilusiones.com.ar\/blog\/wp-json\/wp\/v2\/types\/post"}],"author":[{"embeddable":true,"href":"https:\/\/lasilusiones.com.ar\/blog\/wp-json\/wp\/v2\/users\/2"}],"replies":[{"embeddable":true,"href":"https:\/\/lasilusiones.com.ar\/blog\/wp-json\/wp\/v2\/comments?post=2240"}],"version-history":[{"count":3,"href":"https:\/\/lasilusiones.com.ar\/blog\/wp-json\/wp\/v2\/posts\/2240\/revisions"}],"predecessor-version":[{"id":2244,"href":"https:\/\/lasilusiones.com.ar\/blog\/wp-json\/wp\/v2\/posts\/2240\/revisions\/2244"}],"wp:featuredmedia":[{"embeddable":true,"href":"https:\/\/lasilusiones.com.ar\/blog\/wp-json\/wp\/v2\/media\/1973"}],"wp:attachment":[{"href":"https:\/\/lasilusiones.com.ar\/blog\/wp-json\/wp\/v2\/media?parent=2240"}],"wp:term":[{"taxonomy":"category","embeddable":true,"href":"https:\/\/lasilusiones.com.ar\/blog\/wp-json\/wp\/v2\/categories?post=2240"},{"taxonomy":"post_tag","embeddable":true,"href":"https:\/\/lasilusiones.com.ar\/blog\/wp-json\/wp\/v2\/tags?post=2240"}],"curies":[{"name":"wp","href":"https:\/\/api.w.org\/{rel}","templated":true}]}}