{"id":2245,"date":"2023-06-21T11:09:44","date_gmt":"2023-06-21T14:09:44","guid":{"rendered":"https:\/\/lasilusiones.com.ar\/blog\/?p=2245"},"modified":"2023-06-21T14:33:25","modified_gmt":"2023-06-21T17:33:25","slug":"encuentro-artistico-y-deportivo-fundacion-empate-junto-a-las-ilusiones","status":"publish","type":"post","link":"https:\/\/lasilusiones.com.ar\/blog\/encuentro-artistico-y-deportivo-fundacion-empate-junto-a-las-ilusiones\/","title":{"rendered":"Encuentro art\u00edstico y deportivo: Fundaci\u00f3n Empate junto a Las Ilusiones"},"content":{"rendered":"\n<p><\/p>\n\n\n\n<p>Este a\u00f1o cumplimos 15 a\u00f1os y cada actividad la vivimos como un festejo. El s\u00e1bado 10 de junio, en el Polideportivo Parque Patricios, de CABA, Sabrina Martinez Gandini estuvo coordinando una actividad deportiva recreativa, junto a <strong>Fundaci\u00f3n Empate<\/strong> <strong>Buenos Aires<\/strong>. La jornada finaliz\u00f3 con una presentaci\u00f3n de Las Ilusiones.<\/p>\n\n\n\n<div class=\"wp-block-media-text alignwide is-stacked-on-mobile\" style=\"grid-template-columns:41% auto\"><figure class=\"wp-block-media-text__media\"><img loading=\"lazy\" decoding=\"async\" width=\"768\" height=\"1024\" src=\"https:\/\/lasilusiones.com.ar\/blog\/wp-content\/uploads\/2023\/06\/WhatsApp-Image-2023-06-20-at-10.55.13-1-768x1024.jpeg\" alt=\"\" class=\"wp-image-2247 size-full\" srcset=\"https:\/\/lasilusiones.com.ar\/blog\/wp-content\/uploads\/2023\/06\/WhatsApp-Image-2023-06-20-at-10.55.13-1-768x1024.jpeg 768w, https:\/\/lasilusiones.com.ar\/blog\/wp-content\/uploads\/2023\/06\/WhatsApp-Image-2023-06-20-at-10.55.13-1-225x300.jpeg 225w, https:\/\/lasilusiones.com.ar\/blog\/wp-content\/uploads\/2023\/06\/WhatsApp-Image-2023-06-20-at-10.55.13-1-1152x1536.jpeg 1152w, https:\/\/lasilusiones.com.ar\/blog\/wp-content\/uploads\/2023\/06\/WhatsApp-Image-2023-06-20-at-10.55.13-1.jpeg 1200w\" sizes=\"auto, (max-width: 768px) 100vw, 768px\" \/><\/figure><div class=\"wp-block-media-text__content\">\n<p>\u201c<em>Estuvo super lindo, fueron dos horas re intensas, porque mientras iban llegando los j\u00f3venes, que ven\u00edan de diferentes organizaciones, se los iba sumando a los grupos que ya estaban armados. Era una cancha donde en cada puesto hab\u00eda un ejercicio diferente: algunos para tirar al arco, otros tirar a un aro m\u00e1s parecido a basket, otros ten\u00edan que hacer sentadillas, otros m\u00e1s aer\u00f3bicos<\/em>\u201d, nos cont\u00f3 Sabri. Todos los equipos pasaron por todas las postas y cada una de ellas era una oportunidad para <strong>conocer gente nueva y de charlar<\/strong>. Adem\u00e1s se jug\u00f3 un partido entre todos los que quer\u00edan participar, no con la idea ganar sino de hacer goles, trabajar en equipo, pero no hab\u00eda una pizarra; luego del partido, merendaron todos.<\/p>\n\n\n\n<p>ll elenco de Teatro musical de la sede Olivos present\u00f3 3 canciones de <em>Grease<\/em>, como cierre de la jornada.<\/p>\n<\/div><\/div>\n\n\n\n<p>Germ\u00e1n, coordinador de Fundaci\u00f3n Empate, nos cont\u00f3 que fue una gran convocatoria, donde participaron 60 j\u00f3venes, tanto de ASDRA, de Las Ilusiones y algunos que asisten habitualmente a actividades en el Polideportivo. Las actividades estuvieron orientadas al trabajo en equipo, la coordinaci\u00f3n y la postura. &#8220;<em>Fueron 2 horas muy movidas, con fr\u00edo, pero con la mejor, porque las familias y los chicos se fueron contentos sabiendo que pueden hacer actividades deportivas que son super necesarias para el desarrollo de la persona porque aumentan la autoestima, el empoderarse y el sentir que se puede y porque adem\u00e1s repercuten tambi\u00e9n en cuestiones comunicativas y sociales <\/em>\u201d, cerr\u00f3 Germ\u00e1n. Pod\u00e9s seguir en las redes a <a href=\"https:\/\/instagram.com\/empatefundacion?igshid=YmM0MjE2YWMzOA==\" data-type=\"URL\" data-id=\"https:\/\/instagram.com\/empatefundacion?igshid=YmM0MjE2YWMzOA==\">Fundaci\u00f3n Empate<\/a> y conocer todas sus propuestas.<\/p>\n\n\n\n<p><strong>Una hermosa jornada compartida. \u00a1Seguimos construyendo redes de inclusi\u00f3n!<\/strong><\/p>\n","protected":false},"excerpt":{"rendered":"<p>Este a\u00f1o cumplimos 15 a\u00f1os y cada actividad la vivimos como un festejo. El s\u00e1bado 10 de junio, en el Polideportivo Parque Patricios, de CABA,&hellip;<\/p>\n","protected":false},"author":2,"featured_media":0,"comment_status":"open","ping_status":"open","sticky":false,"template":"","format":"standard","meta":{"_monsterinsights_skip_tracking":false,"_monsterinsights_sitenote_active":false,"_monsterinsights_sitenote_note":"","_monsterinsights_sitenote_category":0,"footnotes":""},"categories":[3],"tags":[],"class_list":["post-2245","post","type-post","status-publish","format-standard","hentry","category-actividades"],"_links":{"self":[{"href":"https:\/\/lasilusiones.com.ar\/blog\/wp-json\/wp\/v2\/posts\/2245","targetHints":{"allow":["GET"]}}],"collection":[{"href":"https:\/\/lasilusiones.com.ar\/blog\/wp-json\/wp\/v2\/posts"}],"about":[{"href":"https:\/\/lasilusiones.com.ar\/blog\/wp-json\/wp\/v2\/types\/post"}],"author":[{"embeddable":true,"href":"https:\/\/lasilusiones.com.ar\/blog\/wp-json\/wp\/v2\/users\/2"}],"replies":[{"embeddable":true,"href":"https:\/\/lasilusiones.com.ar\/blog\/wp-json\/wp\/v2\/comments?post=2245"}],"version-history":[{"count":8,"href":"https:\/\/lasilusiones.com.ar\/blog\/wp-json\/wp\/v2\/posts\/2245\/revisions"}],"predecessor-version":[{"id":2256,"href":"https:\/\/lasilusiones.com.ar\/blog\/wp-json\/wp\/v2\/posts\/2245\/revisions\/2256"}],"wp:attachment":[{"href":"https:\/\/lasilusiones.com.ar\/blog\/wp-json\/wp\/v2\/media?parent=2245"}],"wp:term":[{"taxonomy":"category","embeddable":true,"href":"https:\/\/lasilusiones.com.ar\/blog\/wp-json\/wp\/v2\/categories?post=2245"},{"taxonomy":"post_tag","embeddable":true,"href":"https:\/\/lasilusiones.com.ar\/blog\/wp-json\/wp\/v2\/tags?post=2245"}],"curies":[{"name":"wp","href":"https:\/\/api.w.org\/{rel}","templated":true}]}}