{"id":2259,"date":"2023-06-23T07:57:34","date_gmt":"2023-06-23T10:57:34","guid":{"rendered":"https:\/\/lasilusiones.com.ar\/blog\/?p=2259"},"modified":"2023-06-23T08:44:26","modified_gmt":"2023-06-23T11:44:26","slug":"conociendo-a-nuestra-comunidad-17","status":"publish","type":"post","link":"https:\/\/lasilusiones.com.ar\/blog\/conociendo-a-nuestra-comunidad-17\/","title":{"rendered":"Conociendo a nuestra comunidad"},"content":{"rendered":"\n<p><\/p>\n\n\n\n<p>Este primer viernes de invierno nos trae el c\u00e1lido testimonio de Adriana, mam\u00e1 de Luc\u00eda, artista de la sede Olivos.<\/p>\n\n\n\n<div class=\"wp-block-media-text alignwide is-stacked-on-mobile\" style=\"grid-template-columns:44% auto\"><figure class=\"wp-block-media-text__media\"><img loading=\"lazy\" decoding=\"async\" width=\"768\" height=\"1024\" src=\"https:\/\/lasilusiones.com.ar\/blog\/wp-content\/uploads\/2023\/06\/WhatsApp-Image-2023-06-20-at-20.55.06.jpeg\" alt=\"\" class=\"wp-image-2260 size-full\" srcset=\"https:\/\/lasilusiones.com.ar\/blog\/wp-content\/uploads\/2023\/06\/WhatsApp-Image-2023-06-20-at-20.55.06.jpeg 768w, https:\/\/lasilusiones.com.ar\/blog\/wp-content\/uploads\/2023\/06\/WhatsApp-Image-2023-06-20-at-20.55.06-225x300.jpeg 225w\" sizes=\"auto, (max-width: 768px) 100vw, 768px\" \/><\/figure><div class=\"wp-block-media-text__content\">\n<p><em>El d\u00eda del nacimiento de Luc\u00eda se convirti\u00f3 en un nuevo comienzo, con momentos inesperados vinculados a su salud ya que tuvieron que intervenirla\u00a0 quir\u00fargicamente del coraz\u00f3n a los 2 meses y con 3 kilos. Una recuperaci\u00f3n r\u00e1pida nos llev\u00f3 de la mano a su primer centro de estimulaci\u00f3n temprana llamado \u201cCrecer\u201d donde <strong>aprendimos como familia todos los recursos necesarios para verla crecer y ser feliz.<\/strong><br>Su hermano Tom\u00e1s fue su fiel protector y compa\u00f1ero inseparable hasta hoy\u2026<br>Desde el centro de estimulaci\u00f3n y, \u00a0teniendo en cuenta los test realizados a Lu, \u00a0propusieron el comienzo de la\u00a0 escolaridad en jard\u00edn de infantes donde a los 18 meses ya corr\u00eda por los patios con sus amiguitos.<br>Termin\u00f3 el jard\u00edn en escuela com\u00fan donde realiz\u00f3 el primario y secundario completos y viaj\u00f3 a Bariloche, \u00a0a su ansiado viaje de egresados. Hoy se perfila a tener una vida independiente.<br>Siempre fue una bailarina eximia y disfruta de los espacios de teatro y canto.<br>Realiz\u00f3 la\u00a0 carrera de Organizaci\u00f3n de eventos en la UNSAM (Universidad Nacional de San Mart\u00edn) y talleres de computaci\u00f3n para el empleo, en la Fundaci\u00f3n Discar, como tambi\u00e9n de lectura creativa.<\/em><\/p>\n<\/div><\/div>\n\n\n\n<p><em>Actualmente, se perfecciona como actriz en el espacio de Las Ilusiones, participa de galas de canto y hace modelaje e incursiona en el mundo de la publicidad.<br>En casa realiza las tareas cotidianas de cocinar, limpiar, preparar las listas de faltantes de alimentos y hace las compras para practicar el uso del dinero.<\/em><\/p>\n\n\n\n<p><em><br><strong>La discapacidad nunca fue un obst\u00e1culo sino la oportunidad de demostrar que, considerando sus tiempos, pod\u00eda llegar a la meta que ella misma se estableci\u00f3 en su vida, que es la de ser feliz junto a todos aquellos que la amamos.<\/strong><\/em><\/p>\n\n\n<div class=\"wp-block-image\">\n<figure class=\"aligncenter size-full is-resized\"><img loading=\"lazy\" decoding=\"async\" src=\"https:\/\/lasilusiones.com.ar\/blog\/wp-content\/uploads\/2023\/06\/WhatsApp-Image-2023-06-20-at-20.58.09.jpeg\" alt=\"\" class=\"wp-image-2261\" width=\"520\" height=\"390\" srcset=\"https:\/\/lasilusiones.com.ar\/blog\/wp-content\/uploads\/2023\/06\/WhatsApp-Image-2023-06-20-at-20.58.09.jpeg 960w, https:\/\/lasilusiones.com.ar\/blog\/wp-content\/uploads\/2023\/06\/WhatsApp-Image-2023-06-20-at-20.58.09-300x225.jpeg 300w, https:\/\/lasilusiones.com.ar\/blog\/wp-content\/uploads\/2023\/06\/WhatsApp-Image-2023-06-20-at-20.58.09-768x576.jpeg 768w\" sizes=\"auto, (max-width: 520px) 100vw, 520px\" \/><\/figure>\n<\/div>\n\n\n<p><\/p>\n\n\n\n<p>Gracias familia por compartir tan hermoso mensaje.<\/p>\n","protected":false},"excerpt":{"rendered":"<p>Este primer viernes de invierno nos trae el c\u00e1lido testimonio de Adriana, mam\u00e1 de Luc\u00eda, artista de la sede Olivos. El d\u00eda del nacimiento de&hellip;<\/p>\n","protected":false},"author":2,"featured_media":1973,"comment_status":"open","ping_status":"open","sticky":false,"template":"","format":"standard","meta":{"_monsterinsights_skip_tracking":false,"_monsterinsights_sitenote_active":false,"_monsterinsights_sitenote_note":"","_monsterinsights_sitenote_category":0,"footnotes":""},"categories":[4],"tags":[],"class_list":["post-2259","post","type-post","status-publish","format-standard","has-post-thumbnail","hentry","category-articulo"],"_links":{"self":[{"href":"https:\/\/lasilusiones.com.ar\/blog\/wp-json\/wp\/v2\/posts\/2259","targetHints":{"allow":["GET"]}}],"collection":[{"href":"https:\/\/lasilusiones.com.ar\/blog\/wp-json\/wp\/v2\/posts"}],"about":[{"href":"https:\/\/lasilusiones.com.ar\/blog\/wp-json\/wp\/v2\/types\/post"}],"author":[{"embeddable":true,"href":"https:\/\/lasilusiones.com.ar\/blog\/wp-json\/wp\/v2\/users\/2"}],"replies":[{"embeddable":true,"href":"https:\/\/lasilusiones.com.ar\/blog\/wp-json\/wp\/v2\/comments?post=2259"}],"version-history":[{"count":4,"href":"https:\/\/lasilusiones.com.ar\/blog\/wp-json\/wp\/v2\/posts\/2259\/revisions"}],"predecessor-version":[{"id":2265,"href":"https:\/\/lasilusiones.com.ar\/blog\/wp-json\/wp\/v2\/posts\/2259\/revisions\/2265"}],"wp:featuredmedia":[{"embeddable":true,"href":"https:\/\/lasilusiones.com.ar\/blog\/wp-json\/wp\/v2\/media\/1973"}],"wp:attachment":[{"href":"https:\/\/lasilusiones.com.ar\/blog\/wp-json\/wp\/v2\/media?parent=2259"}],"wp:term":[{"taxonomy":"category","embeddable":true,"href":"https:\/\/lasilusiones.com.ar\/blog\/wp-json\/wp\/v2\/categories?post=2259"},{"taxonomy":"post_tag","embeddable":true,"href":"https:\/\/lasilusiones.com.ar\/blog\/wp-json\/wp\/v2\/tags?post=2259"}],"curies":[{"name":"wp","href":"https:\/\/api.w.org\/{rel}","templated":true}]}}