{"id":226,"date":"2019-03-21T19:18:35","date_gmt":"2019-03-21T22:18:35","guid":{"rendered":"https:\/\/lasilusiones.com.ar\/blog\/?p=226"},"modified":"2019-03-21T19:18:35","modified_gmt":"2019-03-21T22:18:35","slug":"226","status":"publish","type":"post","link":"https:\/\/lasilusiones.com.ar\/blog\/226\/","title":{"rendered":"Jornada inclusiva en el D\u00eda Internacional de la Persona con Sindrome de Down &#8211; Diario El Cisne"},"content":{"rendered":"<h2 class=\"vc_custom_heading\">Jornada inclusiva en el D\u00eda Internacional de la Persona con Sindrome de Down<\/h2>\n<div class=\"wpb_text_column wpb_content_element \">\n<div class=\"wpb_wrapper\">\n<h5>El pr\u00f3ximo 21 de marzo Las Ilusiones, Compa\u00f1\u00eda de arte inclusiva, abre las puertas de su sede de CABA para realizar una jornada abierta a la comunidad con el fin de conmemorar el D\u00eda Internacional de la Persona con S\u00edndrome de Down.<\/h5>\n<\/div>\n<\/div>\n<p>Podes leer toda la nota haciendo click en la siguiente imagen:<\/p>\n<p><a href=\"https:\/\/elcisne.org\/jornada-inclusiva-en-el-dia-internacional-de-la-persona-con-sindrome-de-down\/\">https:\/\/elcisne.org\/jornada-inclusiva-en-el-dia-internacional-de-la-persona-con-sindrome-de-down\/<\/a><\/p>\n","protected":false},"excerpt":{"rendered":"<p>Jornada inclusiva en el D\u00eda Internacional de la Persona con Sindrome de Down El pr\u00f3ximo 21 de marzo Las Ilusiones, Compa\u00f1\u00eda de arte inclusiva, abre&hellip;<\/p>\n","protected":false},"author":1,"featured_media":205,"comment_status":"open","ping_status":"open","sticky":false,"template":"","format":"standard","meta":{"_monsterinsights_skip_tracking":false,"_monsterinsights_sitenote_active":false,"_monsterinsights_sitenote_note":"","_monsterinsights_sitenote_category":0,"footnotes":""},"categories":[3,6,8],"tags":[],"class_list":["post-226","post","type-post","status-publish","format-standard","has-post-thumbnail","hentry","category-actividades","category-funciones","category-prensa"],"_links":{"self":[{"href":"https:\/\/lasilusiones.com.ar\/blog\/wp-json\/wp\/v2\/posts\/226","targetHints":{"allow":["GET"]}}],"collection":[{"href":"https:\/\/lasilusiones.com.ar\/blog\/wp-json\/wp\/v2\/posts"}],"about":[{"href":"https:\/\/lasilusiones.com.ar\/blog\/wp-json\/wp\/v2\/types\/post"}],"author":[{"embeddable":true,"href":"https:\/\/lasilusiones.com.ar\/blog\/wp-json\/wp\/v2\/users\/1"}],"replies":[{"embeddable":true,"href":"https:\/\/lasilusiones.com.ar\/blog\/wp-json\/wp\/v2\/comments?post=226"}],"version-history":[{"count":0,"href":"https:\/\/lasilusiones.com.ar\/blog\/wp-json\/wp\/v2\/posts\/226\/revisions"}],"wp:featuredmedia":[{"embeddable":true,"href":"https:\/\/lasilusiones.com.ar\/blog\/wp-json\/"}],"wp:attachment":[{"href":"https:\/\/lasilusiones.com.ar\/blog\/wp-json\/wp\/v2\/media?parent=226"}],"wp:term":[{"taxonomy":"category","embeddable":true,"href":"https:\/\/lasilusiones.com.ar\/blog\/wp-json\/wp\/v2\/categories?post=226"},{"taxonomy":"post_tag","embeddable":true,"href":"https:\/\/lasilusiones.com.ar\/blog\/wp-json\/wp\/v2\/tags?post=226"}],"curies":[{"name":"wp","href":"https:\/\/api.w.org\/{rel}","templated":true}]}}