{"id":2272,"date":"2023-07-03T07:43:50","date_gmt":"2023-07-03T10:43:50","guid":{"rendered":"https:\/\/lasilusiones.com.ar\/blog\/?p=2272"},"modified":"2023-07-10T12:18:07","modified_gmt":"2023-07-10T15:18:07","slug":"fiestas-para-jovenes-con-discapacidad","status":"publish","type":"post","link":"https:\/\/lasilusiones.com.ar\/blog\/fiestas-para-jovenes-con-discapacidad\/","title":{"rendered":"Fiestas para j\u00f3venes con discapacidad"},"content":{"rendered":"\n<p><\/p>\n\n\n\n<p>El portal Red-Acci\u00f3n public\u00f3 un art\u00edculo acerca de c\u00f3mo son las fiestas para j\u00f3venes con discapacidad, que se presentan como una alternativa a los t\u00edpicos boliches o a las fiestas con un corte m\u00e1s infantil. <\/p>\n\n\n\n<p>En ese marco, entrevist\u00f3 a Juan Ignacio, nuestro director, quien cont\u00f3 como es la propuesta que hoy se lleva a cabo en la CASA TAO: fiestas coordinadas por un terapeuta que propone el intercambio y el baile entre pares, que siempre tienen una tem\u00e1tica que orienta la diversi\u00f3n.<\/p>\n\n\n<div class=\"wp-block-image\">\n<figure class=\"aligncenter size-full is-resized\"><img loading=\"lazy\" decoding=\"async\" src=\"https:\/\/lasilusiones.com.ar\/blog\/wp-content\/uploads\/2023\/07\/imagen02-4.jpg\" alt=\"\" class=\"wp-image-2273\" width=\"615\" height=\"396\" srcset=\"https:\/\/lasilusiones.com.ar\/blog\/wp-content\/uploads\/2023\/07\/imagen02-4.jpg 1024w, https:\/\/lasilusiones.com.ar\/blog\/wp-content\/uploads\/2023\/07\/imagen02-4-300x193.jpg 300w, https:\/\/lasilusiones.com.ar\/blog\/wp-content\/uploads\/2023\/07\/imagen02-4-768x495.jpg 768w\" sizes=\"auto, (max-width: 615px) 100vw, 615px\" \/><figcaption class=\"wp-element-caption\">Una de las fiestas en CASA TAO<\/figcaption><\/figure>\n<\/div>\n\n\n<p>Los invitamos a leer la <a rel=\"noreferrer noopener\" href=\"https:\/\/www.redaccion.com.ar\/como-si-fuera-un-boliche-asi-son-las-fiestas-bailables-para-jovenes-con-discapacidad\/\" data-type=\"URL\" data-id=\"https:\/\/www.redaccion.com.ar\/como-si-fuera-un-boliche-asi-son-las-fiestas-bailables-para-jovenes-con-discapacidad\/\" target=\"_blank\">nota completa aqu\u00ed<\/a>.<\/p>\n\n\n\n<p><\/p>\n","protected":false},"excerpt":{"rendered":"<p>El portal Red-Acci\u00f3n public\u00f3 un art\u00edculo acerca de c\u00f3mo son las fiestas para j\u00f3venes con discapacidad, que se presentan como una alternativa a los t\u00edpicos&hellip;<\/p>\n","protected":false},"author":2,"featured_media":0,"comment_status":"open","ping_status":"open","sticky":false,"template":"","format":"standard","meta":{"_monsterinsights_skip_tracking":false,"_monsterinsights_sitenote_active":false,"_monsterinsights_sitenote_note":"","_monsterinsights_sitenote_category":0,"footnotes":""},"categories":[8],"tags":[],"class_list":["post-2272","post","type-post","status-publish","format-standard","hentry","category-prensa"],"_links":{"self":[{"href":"https:\/\/lasilusiones.com.ar\/blog\/wp-json\/wp\/v2\/posts\/2272","targetHints":{"allow":["GET"]}}],"collection":[{"href":"https:\/\/lasilusiones.com.ar\/blog\/wp-json\/wp\/v2\/posts"}],"about":[{"href":"https:\/\/lasilusiones.com.ar\/blog\/wp-json\/wp\/v2\/types\/post"}],"author":[{"embeddable":true,"href":"https:\/\/lasilusiones.com.ar\/blog\/wp-json\/wp\/v2\/users\/2"}],"replies":[{"embeddable":true,"href":"https:\/\/lasilusiones.com.ar\/blog\/wp-json\/wp\/v2\/comments?post=2272"}],"version-history":[{"count":2,"href":"https:\/\/lasilusiones.com.ar\/blog\/wp-json\/wp\/v2\/posts\/2272\/revisions"}],"predecessor-version":[{"id":2277,"href":"https:\/\/lasilusiones.com.ar\/blog\/wp-json\/wp\/v2\/posts\/2272\/revisions\/2277"}],"wp:attachment":[{"href":"https:\/\/lasilusiones.com.ar\/blog\/wp-json\/wp\/v2\/media?parent=2272"}],"wp:term":[{"taxonomy":"category","embeddable":true,"href":"https:\/\/lasilusiones.com.ar\/blog\/wp-json\/wp\/v2\/categories?post=2272"},{"taxonomy":"post_tag","embeddable":true,"href":"https:\/\/lasilusiones.com.ar\/blog\/wp-json\/wp\/v2\/tags?post=2272"}],"curies":[{"name":"wp","href":"https:\/\/api.w.org\/{rel}","templated":true}]}}