{"id":2275,"date":"2023-07-03T07:41:47","date_gmt":"2023-07-03T10:41:47","guid":{"rendered":"https:\/\/lasilusiones.com.ar\/blog\/?p=2275"},"modified":"2023-07-03T11:32:41","modified_gmt":"2023-07-03T14:32:41","slug":"como-trabajar-la-diversidad-funcional-en-el-aula-y-a-traves-de-practicas-artisticas","status":"publish","type":"post","link":"https:\/\/lasilusiones.com.ar\/blog\/como-trabajar-la-diversidad-funcional-en-el-aula-y-a-traves-de-practicas-artisticas\/","title":{"rendered":"C\u00f3mo trabajar la diversidad funcional en el aula y a trav\u00e9s de pr\u00e1cticas art\u00edsticas"},"content":{"rendered":"\n<p><\/p>\n\n\n\n<p>Este a\u00f1o cumplimos 15 a\u00f1os y seguimos con las mismas (\u00a1y m\u00e1s!) energ\u00edas que cuando comenzamos este camino.<\/p>\n\n\n\n<p>Juan Ignacio Acosta fue convocado para compartir unas reflexiones, en el marco de un trabajo de investigaci\u00f3n sobre <em>lectura, identidad y transformaci\u00f3n<\/em> (LECTUNIR), de la Universidad Internacional de La Rioja, Espa\u00f1a.<\/p>\n\n\n\n<p>Les dejamos <a rel=\"noreferrer noopener\" href=\"https:\/\/www.youtube.com\/watch?v=hjkC5W29tmo\" data-type=\"URL\" data-id=\"https:\/\/www.youtube.com\/watch?v=hjkC5W29tmo\" target=\"_blank\">el link al video<\/a> donde Nacho comparte la idea de que literatura infantil o juvenil puede generar un mayor entendimiento sobre la diversidad, dado que la lectura &#8220;<em>nos habilita un espacio de tranquilidad para poder pensar y poder pensarnos<\/em>&#8220;. Nuestro director tambi\u00e9n hace hincapi\u00e9 en que es necesario naturalizar a las personas con discapacidad y poner en valor que lo diferente nos potencia, para poder construir una sociedad m\u00e1s heterog\u00e9nea.<\/p>\n\n\n\n<p>A quienes les interese conocer un poco m\u00e1s sobre el trabajo de LECTUNIR, pueden hacerlo<a href=\"https:\/\/gruposinvestigacion.unir.net\/lectunir\/\" data-type=\"URL\" data-id=\"https:\/\/gruposinvestigacion.unir.net\/lectunir\/\" target=\"_blank\" rel=\"noreferrer noopener\"> en este enlace<\/a>.<\/p>\n","protected":false},"excerpt":{"rendered":"<p>Este a\u00f1o cumplimos 15 a\u00f1os y seguimos con las mismas (\u00a1y m\u00e1s!) energ\u00edas que cuando comenzamos este camino. Juan Ignacio Acosta fue convocado para compartir&hellip;<\/p>\n","protected":false},"author":2,"featured_media":0,"comment_status":"open","ping_status":"open","sticky":false,"template":"","format":"standard","meta":{"_monsterinsights_skip_tracking":false,"_monsterinsights_sitenote_active":false,"_monsterinsights_sitenote_note":"","_monsterinsights_sitenote_category":0,"footnotes":""},"categories":[8],"tags":[],"class_list":["post-2275","post","type-post","status-publish","format-standard","hentry","category-prensa"],"_links":{"self":[{"href":"https:\/\/lasilusiones.com.ar\/blog\/wp-json\/wp\/v2\/posts\/2275","targetHints":{"allow":["GET"]}}],"collection":[{"href":"https:\/\/lasilusiones.com.ar\/blog\/wp-json\/wp\/v2\/posts"}],"about":[{"href":"https:\/\/lasilusiones.com.ar\/blog\/wp-json\/wp\/v2\/types\/post"}],"author":[{"embeddable":true,"href":"https:\/\/lasilusiones.com.ar\/blog\/wp-json\/wp\/v2\/users\/2"}],"replies":[{"embeddable":true,"href":"https:\/\/lasilusiones.com.ar\/blog\/wp-json\/wp\/v2\/comments?post=2275"}],"version-history":[{"count":2,"href":"https:\/\/lasilusiones.com.ar\/blog\/wp-json\/wp\/v2\/posts\/2275\/revisions"}],"predecessor-version":[{"id":2279,"href":"https:\/\/lasilusiones.com.ar\/blog\/wp-json\/wp\/v2\/posts\/2275\/revisions\/2279"}],"wp:attachment":[{"href":"https:\/\/lasilusiones.com.ar\/blog\/wp-json\/wp\/v2\/media?parent=2275"}],"wp:term":[{"taxonomy":"category","embeddable":true,"href":"https:\/\/lasilusiones.com.ar\/blog\/wp-json\/wp\/v2\/categories?post=2275"},{"taxonomy":"post_tag","embeddable":true,"href":"https:\/\/lasilusiones.com.ar\/blog\/wp-json\/wp\/v2\/tags?post=2275"}],"curies":[{"name":"wp","href":"https:\/\/api.w.org\/{rel}","templated":true}]}}