{"id":2280,"date":"2023-07-07T07:48:26","date_gmt":"2023-07-07T10:48:26","guid":{"rendered":"https:\/\/lasilusiones.com.ar\/blog\/?p=2280"},"modified":"2023-07-07T07:48:26","modified_gmt":"2023-07-07T10:48:26","slug":"conociendo-a-nuestra-comunidad-19","status":"publish","type":"post","link":"https:\/\/lasilusiones.com.ar\/blog\/conociendo-a-nuestra-comunidad-19\/","title":{"rendered":"Conociendo a nuestra comunidad"},"content":{"rendered":"\n<p>El primer viernes de julio nos trae el testimonio de Gustavo y Moni, pap\u00e1s de Facundo, artista de la sede Lan\u00fas.<\/p>\n\n\n\n<p><em>\u00a1Hola! Somos Gustavo y Moni los pap\u00e1s de Facundo. \u00c9l tiene 24 a\u00f1os, es nuestro primer hijo de dos y fue muy muy esperado. Naci\u00f3 prematuro y, en ese momento, comenz\u00f3 un largo recorrido por diferentes especialistas hasta que, a sus 2 a\u00f1os, por fin supimos que estaba pasando. Facu tiene una lesi\u00f3n cerebral por falta de ox\u00edgeno, falta de visi\u00f3n, dificultad motriz y retraso madurativo. &#8216;\u00bfQu\u00e9 va a poder lograr?&#8217;, era nuestra pregunta mientras armamos un gran equipo de profesionales que trabajaban con \u00e9l. \u00a1Esa pregunta no ten\u00eda respuesta y fue muy angustiante esa etapa! Pero, poco a poco, <strong>festejamos sus logros con enorme alegr\u00eda. \u00c9l super\u00f3 muchos retos y le puso el cuerpo y las ganas a todo lo que tuvo que enfrentar.<\/strong><\/em><br><\/p>\n\n\n\n<p><em>Por eso hoy es un <strong>hombre lleno de amor y empat\u00eda para regalar al mundo, \u00a1esa es su gran virtud!<\/strong><br>\u00a1Estamos orgullosos de sus valores y vamos por m\u00e1s!<\/em><\/p>\n\n\n\n<p><\/p>\n\n\n\n<figure class=\"wp-block-gallery has-nested-images columns-default is-cropped wp-block-gallery-1 is-layout-flex wp-block-gallery-is-layout-flex\"><div class=\"wp-block-image\">\n<figure class=\"aligncenter size-large\"><img loading=\"lazy\" decoding=\"async\" width=\"1024\" height=\"853\" data-id=\"2281\" src=\"https:\/\/lasilusiones.com.ar\/blog\/wp-content\/uploads\/2023\/07\/WhatsApp-Image-2023-07-04-at-12.19.02-1024x853.jpeg\" alt=\"\" class=\"wp-image-2281\" srcset=\"https:\/\/lasilusiones.com.ar\/blog\/wp-content\/uploads\/2023\/07\/WhatsApp-Image-2023-07-04-at-12.19.02-1024x853.jpeg 1024w, https:\/\/lasilusiones.com.ar\/blog\/wp-content\/uploads\/2023\/07\/WhatsApp-Image-2023-07-04-at-12.19.02-300x250.jpeg 300w, https:\/\/lasilusiones.com.ar\/blog\/wp-content\/uploads\/2023\/07\/WhatsApp-Image-2023-07-04-at-12.19.02-768x640.jpeg 768w, https:\/\/lasilusiones.com.ar\/blog\/wp-content\/uploads\/2023\/07\/WhatsApp-Image-2023-07-04-at-12.19.02.jpeg 1280w\" sizes=\"auto, (max-width: 1024px) 100vw, 1024px\" \/><\/figure>\n<\/div><\/figure>\n\n\n\n<p><\/p>\n\n\n\n<p><\/p>\n\n\n\n<p class=\"has-text-align-center\">Gracias familia por contar su historia y llenar de ilusi\u00f3n a esta gran comunidad, que desde hace 15 a\u00f1os no deja de crecer y hacer del mundo, un lugar m\u00e1s lindo.  <\/p>\n","protected":false},"excerpt":{"rendered":"<p>El primer viernes de julio nos trae el testimonio de Gustavo y Moni, pap\u00e1s de Facundo, artista de la sede Lan\u00fas. \u00a1Hola! Somos Gustavo y&hellip;<\/p>\n","protected":false},"author":2,"featured_media":1973,"comment_status":"open","ping_status":"open","sticky":false,"template":"","format":"standard","meta":{"_monsterinsights_skip_tracking":false,"_monsterinsights_sitenote_active":false,"_monsterinsights_sitenote_note":"","_monsterinsights_sitenote_category":0,"footnotes":""},"categories":[4],"tags":[],"class_list":["post-2280","post","type-post","status-publish","format-standard","has-post-thumbnail","hentry","category-articulo"],"_links":{"self":[{"href":"https:\/\/lasilusiones.com.ar\/blog\/wp-json\/wp\/v2\/posts\/2280","targetHints":{"allow":["GET"]}}],"collection":[{"href":"https:\/\/lasilusiones.com.ar\/blog\/wp-json\/wp\/v2\/posts"}],"about":[{"href":"https:\/\/lasilusiones.com.ar\/blog\/wp-json\/wp\/v2\/types\/post"}],"author":[{"embeddable":true,"href":"https:\/\/lasilusiones.com.ar\/blog\/wp-json\/wp\/v2\/users\/2"}],"replies":[{"embeddable":true,"href":"https:\/\/lasilusiones.com.ar\/blog\/wp-json\/wp\/v2\/comments?post=2280"}],"version-history":[{"count":1,"href":"https:\/\/lasilusiones.com.ar\/blog\/wp-json\/wp\/v2\/posts\/2280\/revisions"}],"predecessor-version":[{"id":2282,"href":"https:\/\/lasilusiones.com.ar\/blog\/wp-json\/wp\/v2\/posts\/2280\/revisions\/2282"}],"wp:featuredmedia":[{"embeddable":true,"href":"https:\/\/lasilusiones.com.ar\/blog\/wp-json\/wp\/v2\/media\/1973"}],"wp:attachment":[{"href":"https:\/\/lasilusiones.com.ar\/blog\/wp-json\/wp\/v2\/media?parent=2280"}],"wp:term":[{"taxonomy":"category","embeddable":true,"href":"https:\/\/lasilusiones.com.ar\/blog\/wp-json\/wp\/v2\/categories?post=2280"},{"taxonomy":"post_tag","embeddable":true,"href":"https:\/\/lasilusiones.com.ar\/blog\/wp-json\/wp\/v2\/tags?post=2280"}],"curies":[{"name":"wp","href":"https:\/\/api.w.org\/{rel}","templated":true}]}}