{"id":2283,"date":"2023-07-05T21:15:07","date_gmt":"2023-07-06T00:15:07","guid":{"rendered":"https:\/\/lasilusiones.com.ar\/blog\/?p=2283"},"modified":"2023-07-06T12:11:31","modified_gmt":"2023-07-06T15:11:31","slug":"comenzo-la-7ma-edicion-de-puentes-culturales","status":"publish","type":"post","link":"https:\/\/lasilusiones.com.ar\/blog\/comenzo-la-7ma-edicion-de-puentes-culturales\/","title":{"rendered":"Comenz\u00f3 la 7ma edici\u00f3n de Puentes Culturales"},"content":{"rendered":"\n<p><\/p>\n\n\n\n<p>Este 2023 Las Ilusiones cumple 15 a\u00f1os y Puentes Culturales 7. Este a\u00f1o la idea fue realizar visitas a distintas instituciones educativas con propuestas de cl\u00ednicas, clases y presentaciones. Nadia Membielle y Mariano Carabajal,  protagonistas de las dos primeras experiencias, nos contaron c\u00f3mo las vivieron.<\/p>\n\n\n\n<p class=\"has-regular-font-size\"><strong>   Nadia y Romi, en Temperley<\/strong><\/p>\n\n\n\n<div class=\"wp-block-media-text alignwide is-stacked-on-mobile\"><figure class=\"wp-block-media-text__media\"><img loading=\"lazy\" decoding=\"async\" width=\"665\" height=\"495\" src=\"https:\/\/lasilusiones.com.ar\/blog\/wp-content\/uploads\/2023\/07\/temper.jpg\" alt=\"\" class=\"wp-image-2287 size-full\" srcset=\"https:\/\/lasilusiones.com.ar\/blog\/wp-content\/uploads\/2023\/07\/temper.jpg 665w, https:\/\/lasilusiones.com.ar\/blog\/wp-content\/uploads\/2023\/07\/temper-300x223.jpg 300w\" sizes=\"auto, (max-width: 665px) 100vw, 665px\" \/><\/figure><div class=\"wp-block-media-text__content\">\n<p><em>Poder ser parte de esta 7ma edici\u00f3n me llena de orgullo. Junto a Romina Ramirez, gran artista de la compa\u00f1\u00eda, tuvimos el placer de coordinar una clase de danza para estudiantes que cursan el \u00faltimo a\u00f1o del profesorado de educaci\u00f3n f\u00edsica. Nos recibieron con mucho entusiasmo y s\u00faper predispuestos a todas las actividades propuestas.<br>Partiendo de la premisa de que &#8220;cada persona merece una oportunidad para mostrar su talento fuera de todo juicio&#8221;, cerramos el encuentro, con el armado de una coreo en la que; cada uno de los estudiantes form\u00f3 parte del proceso creativo.<br><strong>Considero que es sumamente importante que se sigan generando estos espacios de intercambio y visibilizaci\u00f3n, porque creo que no solo nos hace mejores artistas, sino que nos hace mejores personas.<\/strong><\/em> <\/p>\n\n\n\n<p><\/p>\n<\/div><\/div>\n\n\n\n<p class=\"has-regular-font-size\"><strong>Mariano, Germ\u00e1n y Lucas, en Escobar<\/strong><\/p>\n\n\n\n<p><em>Me propusieron que vaya con dos artistas de la sede de Maschwitz para que, entre los tres, hagamos una clase. As\u00ed que fuimos con Germ\u00e1n Horn y Lucas de Marchi y dimos la clase en la Escuela Primaria N8, de Escobar, una escuela chiquita y rural. Cuando llegamos nos recibi\u00f3 Ail\u00e9n, profesora de danza, el sal\u00f3n ya estaba listo y los alumnos de 3er grado nos estaban esperando sentados con la maestra. Yo empec\u00e9 con una charla de presentaci\u00f3n, luego Germ\u00e1n hizo una entrada en calor con ejercicios f\u00edsicos donde pusimos en acci\u00f3n todas las partes del cuerpo. Luego yo hice tres ejercicios teatrales, de los que tambi\u00e9n participaron las maestras: caminata de emociones, estatuas y una impro. Cerr\u00f3 Lucas con una coreograf\u00eda de Chayanne, con la canci\u00f3n \u2018madre tierra\u2019, explic\u00f3 los pasos y los chicos lo segu\u00edan.\u00a0La clase fue hermosa, hubo mucha risa, diversi\u00f3n, mucha energ\u00eda y la pasamos muy bien, los felicitaron a Lucas y a Germ\u00e1n por su trabajo.<\/em> <em>Yo que trabajo en escuelas estatales y privadas, hoy vi que el grupo ten\u00eda una muy buena predisposici\u00f3n, estaba muy copado, los chicos nos agradecieron un mont\u00f3n, nos saludaron; la verdad que fue una re linda experiencia trabajar con chicos que le ponen mucha onda, que responden, que construyen teatralidad.<\/em><\/p>\n\n\n\n<p><em>La verdad que me parece muy interesante esto de que cuando vos te junt\u00e1s a hacer una clase de teatro, pareciera que no hay barreras ni prejuicios, que es lo que hoy vi que pas\u00f3, todo fluy\u00f3 s\u00faper bien. Por eso siento que el arte, y el teatro sobre todo, ayuda a poder unirnos, a construir juntos, a sanarnos y a no pensar en prejuicios y a compartir con un otro y a que todos seamos parte de un juego, sin ning\u00fan tipo de cr\u00edtica.<\/em><\/p>\n\n\n\n<p><\/p>\n\n\n\n<figure class=\"wp-block-gallery has-nested-images columns-default is-cropped wp-block-gallery-1 is-layout-flex wp-block-gallery-is-layout-flex\">\n<figure class=\"wp-block-image size-large\"><img loading=\"lazy\" decoding=\"async\" width=\"1024\" height=\"1024\" data-id=\"2285\" src=\"https:\/\/lasilusiones.com.ar\/blog\/wp-content\/uploads\/2023\/07\/WhatsApp-Image-2023-07-05-at-14.22.19-1-1024x1024.jpeg\" alt=\"\" class=\"wp-image-2285\" srcset=\"https:\/\/lasilusiones.com.ar\/blog\/wp-content\/uploads\/2023\/07\/WhatsApp-Image-2023-07-05-at-14.22.19-1-1024x1024.jpeg 1024w, https:\/\/lasilusiones.com.ar\/blog\/wp-content\/uploads\/2023\/07\/WhatsApp-Image-2023-07-05-at-14.22.19-1-300x300.jpeg 300w, https:\/\/lasilusiones.com.ar\/blog\/wp-content\/uploads\/2023\/07\/WhatsApp-Image-2023-07-05-at-14.22.19-1-150x150.jpeg 150w, https:\/\/lasilusiones.com.ar\/blog\/wp-content\/uploads\/2023\/07\/WhatsApp-Image-2023-07-05-at-14.22.19-1-768x768.jpeg 768w, https:\/\/lasilusiones.com.ar\/blog\/wp-content\/uploads\/2023\/07\/WhatsApp-Image-2023-07-05-at-14.22.19-1.jpeg 1500w\" sizes=\"auto, (max-width: 1024px) 100vw, 1024px\" \/><\/figure>\n\n\n\n<figure class=\"wp-block-image size-large\"><img loading=\"lazy\" decoding=\"async\" width=\"1024\" height=\"1024\" data-id=\"2284\" src=\"https:\/\/lasilusiones.com.ar\/blog\/wp-content\/uploads\/2023\/07\/WhatsApp-Image-2023-07-05-at-14.22.19-1024x1024.jpeg\" alt=\"\" class=\"wp-image-2284\" srcset=\"https:\/\/lasilusiones.com.ar\/blog\/wp-content\/uploads\/2023\/07\/WhatsApp-Image-2023-07-05-at-14.22.19-1024x1024.jpeg 1024w, https:\/\/lasilusiones.com.ar\/blog\/wp-content\/uploads\/2023\/07\/WhatsApp-Image-2023-07-05-at-14.22.19-300x300.jpeg 300w, https:\/\/lasilusiones.com.ar\/blog\/wp-content\/uploads\/2023\/07\/WhatsApp-Image-2023-07-05-at-14.22.19-150x150.jpeg 150w, https:\/\/lasilusiones.com.ar\/blog\/wp-content\/uploads\/2023\/07\/WhatsApp-Image-2023-07-05-at-14.22.19-768x768.jpeg 768w, https:\/\/lasilusiones.com.ar\/blog\/wp-content\/uploads\/2023\/07\/WhatsApp-Image-2023-07-05-at-14.22.19.jpeg 1500w\" sizes=\"auto, (max-width: 1024px) 100vw, 1024px\" \/><\/figure>\n\n\n\n<figure class=\"wp-block-image size-large\"><img loading=\"lazy\" decoding=\"async\" width=\"1024\" height=\"1024\" data-id=\"2286\" src=\"https:\/\/lasilusiones.com.ar\/blog\/wp-content\/uploads\/2023\/07\/WhatsApp-Image-2023-07-05-at-14.22.18-1024x1024.jpeg\" alt=\"\" class=\"wp-image-2286\" srcset=\"https:\/\/lasilusiones.com.ar\/blog\/wp-content\/uploads\/2023\/07\/WhatsApp-Image-2023-07-05-at-14.22.18-1024x1024.jpeg 1024w, https:\/\/lasilusiones.com.ar\/blog\/wp-content\/uploads\/2023\/07\/WhatsApp-Image-2023-07-05-at-14.22.18-300x300.jpeg 300w, https:\/\/lasilusiones.com.ar\/blog\/wp-content\/uploads\/2023\/07\/WhatsApp-Image-2023-07-05-at-14.22.18-150x150.jpeg 150w, https:\/\/lasilusiones.com.ar\/blog\/wp-content\/uploads\/2023\/07\/WhatsApp-Image-2023-07-05-at-14.22.18-768x768.jpeg 768w, https:\/\/lasilusiones.com.ar\/blog\/wp-content\/uploads\/2023\/07\/WhatsApp-Image-2023-07-05-at-14.22.18.jpeg 1500w\" sizes=\"auto, (max-width: 1024px) 100vw, 1024px\" \/><\/figure>\n<\/figure>\n\n\n\n<p><\/p>\n\n\n\n<p>\u00a1Pronto tendremos m\u00e1s novedades de esta edici\u00f3n que se viene con todo!<\/p>\n","protected":false},"excerpt":{"rendered":"<p>Este 2023 Las Ilusiones cumple 15 a\u00f1os y Puentes Culturales 7. Este a\u00f1o la idea fue realizar visitas a distintas instituciones educativas con propuestas de&hellip;<\/p>\n","protected":false},"author":2,"featured_media":0,"comment_status":"open","ping_status":"open","sticky":false,"template":"","format":"standard","meta":{"_monsterinsights_skip_tracking":false,"_monsterinsights_sitenote_active":false,"_monsterinsights_sitenote_note":"","_monsterinsights_sitenote_category":0,"footnotes":""},"categories":[3],"tags":[],"class_list":["post-2283","post","type-post","status-publish","format-standard","hentry","category-actividades"],"_links":{"self":[{"href":"https:\/\/lasilusiones.com.ar\/blog\/wp-json\/wp\/v2\/posts\/2283","targetHints":{"allow":["GET"]}}],"collection":[{"href":"https:\/\/lasilusiones.com.ar\/blog\/wp-json\/wp\/v2\/posts"}],"about":[{"href":"https:\/\/lasilusiones.com.ar\/blog\/wp-json\/wp\/v2\/types\/post"}],"author":[{"embeddable":true,"href":"https:\/\/lasilusiones.com.ar\/blog\/wp-json\/wp\/v2\/users\/2"}],"replies":[{"embeddable":true,"href":"https:\/\/lasilusiones.com.ar\/blog\/wp-json\/wp\/v2\/comments?post=2283"}],"version-history":[{"count":5,"href":"https:\/\/lasilusiones.com.ar\/blog\/wp-json\/wp\/v2\/posts\/2283\/revisions"}],"predecessor-version":[{"id":2293,"href":"https:\/\/lasilusiones.com.ar\/blog\/wp-json\/wp\/v2\/posts\/2283\/revisions\/2293"}],"wp:attachment":[{"href":"https:\/\/lasilusiones.com.ar\/blog\/wp-json\/wp\/v2\/media?parent=2283"}],"wp:term":[{"taxonomy":"category","embeddable":true,"href":"https:\/\/lasilusiones.com.ar\/blog\/wp-json\/wp\/v2\/categories?post=2283"},{"taxonomy":"post_tag","embeddable":true,"href":"https:\/\/lasilusiones.com.ar\/blog\/wp-json\/wp\/v2\/tags?post=2283"}],"curies":[{"name":"wp","href":"https:\/\/api.w.org\/{rel}","templated":true}]}}