{"id":2294,"date":"2023-07-11T17:19:15","date_gmt":"2023-07-11T20:19:15","guid":{"rendered":"https:\/\/lasilusiones.com.ar\/blog\/?p=2294"},"modified":"2023-07-11T17:19:15","modified_gmt":"2023-07-11T20:19:15","slug":"sobre-el-concepto-de-discapacidad","status":"publish","type":"post","link":"https:\/\/lasilusiones.com.ar\/blog\/sobre-el-concepto-de-discapacidad\/","title":{"rendered":"Sobre el concepto de Discapacidad"},"content":{"rendered":"\n<p><\/p>\n\n\n\n<p>La tarea de Las Ilusiones en estos 15 a\u00f1os se ha caracterizado por la acci\u00f3n para visibilizar la potencialidad des las personas con discapacidad. Pero tambi\u00e9n por una constante reflexi\u00f3n y por el proponer el debate de las ideas instaladas en la sociedad. En esta oportunidad, Juan Ignacio Acosta, nuestro director, nos comparte sus pensamientos para que sigamos creando comunidad.<\/p>\n\n\n\n<p><\/p>\n\n\n\n<p><em>Mucho se dice sobre este concepto que, a\u00fan en el siglo XXI, sigue generando pol\u00e9mica. Por un lado, podemos remitirnos a definirlo de manera m\u00e9dica (utilizando palabras como enfermedad, problema, padecimiento, etc), por el otro, a partir de opiniones personales (necesidades especiales, capacidades diferentes, \u00e1ngeles, demonios, demasiados cari\u00f1os, etc).<\/em> <em>Ya lo he dicho muchas veces: ninguna de estas concepciones construye. La primera categor\u00eda lo define poniendo por delante la condici\u00f3n, anulando su ser sujeto. La segunda definici\u00f3n, es una mirada lastimosa y poco real de lo que realmente es una persona con discapacidad.\u00a0\u00a0<\/em><\/p>\n\n\n\n<p><em>Por mi parte, prefiero tomar la definici\u00f3n que utiliza la RAE, que modific\u00f3 el concepto de <a href=\"https:\/\/www.linkedin.com\/feed\/hashtag\/?keywords=discapacidad&amp;highlightedUpdateUrns=urn%3Ali%3Aactivity%3A7084245613852205056\">#Discapacidad<\/a> que, hist\u00f3ricamente, la relaciona con un problema meramente individual. Hoy, la nueva concepci\u00f3n entiende a la discapacidad como una &#8216;situaci\u00f3n de la persona que por sus condiciones f\u00edsicas o mentales duraderas, se enfrenta con notables barreras de acceso a su participaci\u00f3n social&#8217;. Si bien se acerca a tener en cuenta el entorno, todav\u00eda deja entrever que la persona tiene la situaci\u00f3n que debe sobrellevar o pasar, no se enfatiza que es, justamente, el entorno el que expone que la discapacidad est\u00e1, el que la habilita.\u00a0\u00a0<\/em><\/p>\n\n\n\n<p>Como he definido veces anteriores, es necesario que <strong>llamemos a las cosas por su nombre, <\/strong>que dejemos de utilizar conceptos falsos, lastimosos, demasiados protectores, porque los unos y los otros anulan al ser persona.\u00a0<\/p>\n\n\n\n<p><em>Veo el avance de la sociedad, de las instituciones, trabajo hace 20 a\u00f1os con este colectivo, si bien lo perfecto no existe, estamos caminando hacia una sociedad que contemple al otro de manera inclusiva. La discapacidad es una caracter\u00edstica m\u00e1s de la persona que, de acuerdo al entorno, puede convertirse en una barrera o en una potencialidad. Caminemos hacia la diversidad sin estigmas de ning\u00fan tipo y, seguramente, nos acercaremos a un mundo m\u00e1s tolerante.\u00a0<\/em><\/p>\n\n\n\n<p><\/p>\n\n\n\n<p>\u00bfC\u00f3mo ven ustedes estos conceptos? \u00bfQu\u00e9 piensan de la importancia de la forma de nombrar a la discapacidad?<\/p>\n","protected":false},"excerpt":{"rendered":"<p>La tarea de Las Ilusiones en estos 15 a\u00f1os se ha caracterizado por la acci\u00f3n para visibilizar la potencialidad des las personas con discapacidad. Pero&hellip;<\/p>\n","protected":false},"author":2,"featured_media":0,"comment_status":"open","ping_status":"open","sticky":false,"template":"","format":"standard","meta":{"_monsterinsights_skip_tracking":false,"_monsterinsights_sitenote_active":false,"_monsterinsights_sitenote_note":"","_monsterinsights_sitenote_category":0,"footnotes":""},"categories":[4],"tags":[],"class_list":["post-2294","post","type-post","status-publish","format-standard","hentry","category-articulo"],"_links":{"self":[{"href":"https:\/\/lasilusiones.com.ar\/blog\/wp-json\/wp\/v2\/posts\/2294","targetHints":{"allow":["GET"]}}],"collection":[{"href":"https:\/\/lasilusiones.com.ar\/blog\/wp-json\/wp\/v2\/posts"}],"about":[{"href":"https:\/\/lasilusiones.com.ar\/blog\/wp-json\/wp\/v2\/types\/post"}],"author":[{"embeddable":true,"href":"https:\/\/lasilusiones.com.ar\/blog\/wp-json\/wp\/v2\/users\/2"}],"replies":[{"embeddable":true,"href":"https:\/\/lasilusiones.com.ar\/blog\/wp-json\/wp\/v2\/comments?post=2294"}],"version-history":[{"count":1,"href":"https:\/\/lasilusiones.com.ar\/blog\/wp-json\/wp\/v2\/posts\/2294\/revisions"}],"predecessor-version":[{"id":2295,"href":"https:\/\/lasilusiones.com.ar\/blog\/wp-json\/wp\/v2\/posts\/2294\/revisions\/2295"}],"wp:attachment":[{"href":"https:\/\/lasilusiones.com.ar\/blog\/wp-json\/wp\/v2\/media?parent=2294"}],"wp:term":[{"taxonomy":"category","embeddable":true,"href":"https:\/\/lasilusiones.com.ar\/blog\/wp-json\/wp\/v2\/categories?post=2294"},{"taxonomy":"post_tag","embeddable":true,"href":"https:\/\/lasilusiones.com.ar\/blog\/wp-json\/wp\/v2\/tags?post=2294"}],"curies":[{"name":"wp","href":"https:\/\/api.w.org\/{rel}","templated":true}]}}