{"id":2301,"date":"2023-07-21T09:00:17","date_gmt":"2023-07-21T12:00:17","guid":{"rendered":"https:\/\/lasilusiones.com.ar\/blog\/?p=2301"},"modified":"2023-07-21T09:00:17","modified_gmt":"2023-07-21T12:00:17","slug":"conociendo-a-nuestra-comunidad-20","status":"publish","type":"post","link":"https:\/\/lasilusiones.com.ar\/blog\/conociendo-a-nuestra-comunidad-20\/","title":{"rendered":"Conociendo a nuestra comunidad"},"content":{"rendered":"\n<p>En este fr\u00edo viernes les traemos el c\u00e1lido relato de Claudia, mam\u00e1 de Nico, artista de la sede Lan\u00fas.&nbsp;<\/p>\n\n\n\n<div class=\"wp-block-media-text alignwide is-stacked-on-mobile\"><figure class=\"wp-block-media-text__media\"><img loading=\"lazy\" decoding=\"async\" width=\"768\" height=\"1024\" src=\"https:\/\/lasilusiones.com.ar\/blog\/wp-content\/uploads\/2023\/07\/IMG-20230720-WA0000.jpg\" alt=\"\" class=\"wp-image-2303 size-full\" srcset=\"https:\/\/lasilusiones.com.ar\/blog\/wp-content\/uploads\/2023\/07\/IMG-20230720-WA0000.jpg 768w, https:\/\/lasilusiones.com.ar\/blog\/wp-content\/uploads\/2023\/07\/IMG-20230720-WA0000-225x300.jpg 225w\" sizes=\"auto, (max-width: 768px) 100vw, 768px\" \/><\/figure><div class=\"wp-block-media-text__content\">\n<p><em>Somos Claudia y Cristian, pap\u00e1s de Antonela y Nicol\u00e1s, nuestro segundo hijo, muy deseado. Desde su nacimiento, Nico no dej\u00f3 de sorprendernos. \u00c9l decidi\u00f3 nacer en su casa, sin m\u00e9dicos ni enfermeras, solo, y nosotros &#8220;sin saber nada \u00e9l&#8221;. Ese nacimiento poco com\u00fan nos hizo pensar que Nico era especial. Dede casa fue directo a la cl\u00ednica. Lo llevaron para hacerle los primeros controles y ya en la habitaci\u00f3n le dijeron al pap\u00e1 &#8216;dale la manito, Nico tiene S\u00edndrome de Down&#8217;. Al rato me lleg\u00f3 la noticia y, desde ese momento, nuevos desaf\u00edos nos presentaba la vida.<\/em><\/p>\n<\/div><\/div>\n\n\n\n<p><em>Nico creci\u00f3 en una familia muy feliz, con amor y uni\u00f3n, todos colaborando para su mejor evoluci\u00f3n; estimul\u00e1ndolo y acompa\u00f1\u00e1ndonos, cada uno desde su lugar. Su mejor estimuladora fue su hermana Anto. Nico transcurri\u00f3 su escolaridad integrado en la escuela com\u00fan y siempre fue aceptado, incluido y muy querido. Siempre estuvimos convencidos de integrarlo en alg\u00fan deporte, as\u00ed que empez\u00f3 en el Club Lan\u00fas con nataci\u00f3n, atletismo y taekwondo, va contento y muy bien predispuesto. Hoy Nicol\u00e1s tiene 13 a\u00f1os y es un ni\u00f1o muy feliz, simp\u00e1tico, cari\u00f1oso, comprador y travieso, al que le encanta la beta art\u00edstica. As\u00ed fue como, all\u00e1 por el a\u00f1o 2016, conocimos a esta bella familia de Las Ilusiones, donde Nico se incorpor\u00f3 en el grupo de ni\u00f1os. El primer a\u00f1o le cost\u00f3 subir al escenario pero, al a\u00f1o siguiente, ya le fue mucho mejor. En Las Ilusiones y tiene sus amigos y nosotros, como familia, compartimos hermosas experiencias. Estamos muy contentos y orgullosos de sus logros, porque Nico logra todo lo que se propone. Pone alegr\u00eda, tenacidad y v\u00e9rtigo en cada momento de nuestras vidas.<\/em><\/p>\n\n\n\n<figure class=\"wp-block-image size-full\"><img loading=\"lazy\" decoding=\"async\" width=\"1024\" height=\"768\" src=\"https:\/\/lasilusiones.com.ar\/blog\/wp-content\/uploads\/2023\/07\/IMG-20230720-WA0001.jpg\" alt=\"\" class=\"wp-image-2304\" srcset=\"https:\/\/lasilusiones.com.ar\/blog\/wp-content\/uploads\/2023\/07\/IMG-20230720-WA0001.jpg 1024w, https:\/\/lasilusiones.com.ar\/blog\/wp-content\/uploads\/2023\/07\/IMG-20230720-WA0001-300x225.jpg 300w, https:\/\/lasilusiones.com.ar\/blog\/wp-content\/uploads\/2023\/07\/IMG-20230720-WA0001-768x576.jpg 768w\" sizes=\"auto, (max-width: 1024px) 100vw, 1024px\" \/><\/figure>\n\n\n\n<p>Gracias familia por compartir su historia y ser parte de estos 15 a\u00f1os de historia inclusiva.<\/p>\n","protected":false},"excerpt":{"rendered":"<p>En este fr\u00edo viernes les traemos el c\u00e1lido relato de Claudia, mam\u00e1 de Nico, artista de la sede Lan\u00fas.&nbsp; Somos Claudia y Cristian, pap\u00e1s de&hellip;<\/p>\n","protected":false},"author":2,"featured_media":1973,"comment_status":"open","ping_status":"open","sticky":false,"template":"","format":"standard","meta":{"_monsterinsights_skip_tracking":false,"_monsterinsights_sitenote_active":false,"_monsterinsights_sitenote_note":"","_monsterinsights_sitenote_category":0,"footnotes":""},"categories":[4],"tags":[],"class_list":["post-2301","post","type-post","status-publish","format-standard","has-post-thumbnail","hentry","category-articulo"],"_links":{"self":[{"href":"https:\/\/lasilusiones.com.ar\/blog\/wp-json\/wp\/v2\/posts\/2301","targetHints":{"allow":["GET"]}}],"collection":[{"href":"https:\/\/lasilusiones.com.ar\/blog\/wp-json\/wp\/v2\/posts"}],"about":[{"href":"https:\/\/lasilusiones.com.ar\/blog\/wp-json\/wp\/v2\/types\/post"}],"author":[{"embeddable":true,"href":"https:\/\/lasilusiones.com.ar\/blog\/wp-json\/wp\/v2\/users\/2"}],"replies":[{"embeddable":true,"href":"https:\/\/lasilusiones.com.ar\/blog\/wp-json\/wp\/v2\/comments?post=2301"}],"version-history":[{"count":2,"href":"https:\/\/lasilusiones.com.ar\/blog\/wp-json\/wp\/v2\/posts\/2301\/revisions"}],"predecessor-version":[{"id":2305,"href":"https:\/\/lasilusiones.com.ar\/blog\/wp-json\/wp\/v2\/posts\/2301\/revisions\/2305"}],"wp:featuredmedia":[{"embeddable":true,"href":"https:\/\/lasilusiones.com.ar\/blog\/wp-json\/wp\/v2\/media\/1973"}],"wp:attachment":[{"href":"https:\/\/lasilusiones.com.ar\/blog\/wp-json\/wp\/v2\/media?parent=2301"}],"wp:term":[{"taxonomy":"category","embeddable":true,"href":"https:\/\/lasilusiones.com.ar\/blog\/wp-json\/wp\/v2\/categories?post=2301"},{"taxonomy":"post_tag","embeddable":true,"href":"https:\/\/lasilusiones.com.ar\/blog\/wp-json\/wp\/v2\/tags?post=2301"}],"curies":[{"name":"wp","href":"https:\/\/api.w.org\/{rel}","templated":true}]}}