{"id":2307,"date":"2023-07-28T08:56:27","date_gmt":"2023-07-28T11:56:27","guid":{"rendered":"https:\/\/lasilusiones.com.ar\/blog\/?p=2307"},"modified":"2023-07-28T08:56:27","modified_gmt":"2023-07-28T11:56:27","slug":"conociendo-a-nuestra-comunidad-21","status":"publish","type":"post","link":"https:\/\/lasilusiones.com.ar\/blog\/conociendo-a-nuestra-comunidad-21\/","title":{"rendered":"Conociendo a nuestra comunidad"},"content":{"rendered":"\n<p><\/p>\n\n\n\n<p>Cerramos este mes con el testimonio de Roxana, mam\u00e1 de Giuli, artista de la sede CABA. <\/p>\n\n\n\n<div class=\"wp-block-media-text alignwide has-media-on-the-right is-stacked-on-mobile\" style=\"grid-template-columns:auto 35%\"><div class=\"wp-block-media-text__content\">\n<p>Un 6 de septiembre del a\u00f1o 1997 nac\u00eda Giuliana, nuestra primera hija. Tanto su pap\u00e1 como yo no sab\u00edamos que \u00edbamos a tener una hija con S\u00edndrome de Down. Fue algo muy movilizador el enterarnos pero, al ver sus ojitos peque\u00f1os que me miraban con tanta ternura, supe que ese amor iba a ayudar para poder darle lo mejor para su bienestar.<\/p>\n\n\n\n<p>Su pap\u00e1 y yo entendimos que llegaba una hija que iba a necesitar mucho de nosotros y nos preparamos para eso.&nbsp;<\/p>\n\n\n\n<p>Los m\u00e9dicos nos hablaron de ASDRA y all\u00ed acudimos y, de ah\u00ed en adelante, fue ayudarla a crecer con posibilidades ideales. Estimulaci\u00f3n temprana, juegos, matronataci\u00f3n. Tiempo y mucho AMOR. Que tuvo siempre, no s\u00f3lo de su familia, sino de los amigos.<\/p>\n<\/div><figure class=\"wp-block-media-text__media\"><img loading=\"lazy\" decoding=\"async\" width=\"405\" height=\"406\" src=\"https:\/\/lasilusiones.com.ar\/blog\/wp-content\/uploads\/2023\/07\/Giuli.png\" alt=\"\" class=\"wp-image-2309 size-full\" srcset=\"https:\/\/lasilusiones.com.ar\/blog\/wp-content\/uploads\/2023\/07\/Giuli.png 405w, https:\/\/lasilusiones.com.ar\/blog\/wp-content\/uploads\/2023\/07\/Giuli-300x300.png 300w, https:\/\/lasilusiones.com.ar\/blog\/wp-content\/uploads\/2023\/07\/Giuli-150x150.png 150w\" sizes=\"auto, (max-width: 405px) 100vw, 405px\" \/><\/figure><\/div>\n\n\n\n<p>Giu tiene dos hermanos menores Camila y Joaqu\u00edn que forman parte de su vida y la aman infinitamente. <\/p>\n\n\n\n<p>Fue a colegio com\u00fan con integraci\u00f3n, jard\u00edn, primaria y secundaria y se recibi\u00f3 de Educadora Ambiental en la UCA. Siempre acompa\u00f1ada por sus psicopedagogas muy queridas para ella.<\/p>\n\n\n\n<p>Y dentro de su crecimiento, hace muchoooosss a\u00f1os conocimos a Las Ilusiones y despert\u00f3 en ella su verdadera pasi\u00f3n que es actuar. Ama actuar y es incre\u00edble como disfruta. Arriba del escenario es feliz. Hizo varias obras en la compa\u00f1\u00eda y, adem\u00e1s, conoci\u00f3 a sus grandes profes y amigos.<\/p>\n\n\n\n<figure class=\"wp-block-image size-full\"><img loading=\"lazy\" decoding=\"async\" width=\"1024\" height=\"576\" src=\"https:\/\/lasilusiones.com.ar\/blog\/wp-content\/uploads\/2023\/07\/WhatsApp-Image-2023-07-27-at-12.48.09.jpeg\" alt=\"\" class=\"wp-image-2310\" srcset=\"https:\/\/lasilusiones.com.ar\/blog\/wp-content\/uploads\/2023\/07\/WhatsApp-Image-2023-07-27-at-12.48.09.jpeg 1024w, https:\/\/lasilusiones.com.ar\/blog\/wp-content\/uploads\/2023\/07\/WhatsApp-Image-2023-07-27-at-12.48.09-300x169.jpeg 300w, https:\/\/lasilusiones.com.ar\/blog\/wp-content\/uploads\/2023\/07\/WhatsApp-Image-2023-07-27-at-12.48.09-768x432.jpeg 768w\" sizes=\"auto, (max-width: 1024px) 100vw, 1024px\" \/><figcaption class=\"wp-element-caption\">Con el elenco de &#8220;Silencios en la piel&#8221;, estrenada en 2020. <\/figcaption><\/figure>\n\n\n\n<p>Su vida para una independencia total tambi\u00e9n la llev\u00f3 a conseguir su primer trabajo y desde octubre pasado trabaja en Farmacity. Viaja sola y hoy puedo decir con mucha felicidad que toda la ayuda que necesit\u00f3 se ve reflejada en sus logros. Y porque es muy tenaz para alcanzar lo que se propone.\u00a0<\/p>\n\n\n\n<p>Hoy es una mujer y estoy muyyy orgullosa de ser su mam\u00e1.<\/p>\n\n\n\n<p>Gracias Las Ilusiones por formar parte de su vida. LOS QUEREMOS. GIULI, CAMI, JOACO, DANY Y ROXY.<\/p>\n\n\n\n<figure class=\"wp-block-gallery has-nested-images columns-default is-cropped wp-block-gallery-1 is-layout-flex wp-block-gallery-is-layout-flex\">\n<figure class=\"wp-block-image size-large\"><img loading=\"lazy\" decoding=\"async\" width=\"1024\" height=\"769\" data-id=\"2311\" src=\"https:\/\/lasilusiones.com.ar\/blog\/wp-content\/uploads\/2023\/07\/WhatsApp-Image-2023-07-27-at-13.40.51.jpeg\" alt=\"\" class=\"wp-image-2311\" srcset=\"https:\/\/lasilusiones.com.ar\/blog\/wp-content\/uploads\/2023\/07\/WhatsApp-Image-2023-07-27-at-13.40.51.jpeg 1024w, https:\/\/lasilusiones.com.ar\/blog\/wp-content\/uploads\/2023\/07\/WhatsApp-Image-2023-07-27-at-13.40.51-300x225.jpeg 300w, https:\/\/lasilusiones.com.ar\/blog\/wp-content\/uploads\/2023\/07\/WhatsApp-Image-2023-07-27-at-13.40.51-768x577.jpeg 768w\" sizes=\"auto, (max-width: 1024px) 100vw, 1024px\" \/><\/figure>\n\n\n\n<figure class=\"wp-block-image size-large\"><img loading=\"lazy\" decoding=\"async\" width=\"680\" height=\"576\" data-id=\"2313\" src=\"https:\/\/lasilusiones.com.ar\/blog\/wp-content\/uploads\/2023\/07\/cascos.jpg\" alt=\"\" class=\"wp-image-2313\" srcset=\"https:\/\/lasilusiones.com.ar\/blog\/wp-content\/uploads\/2023\/07\/cascos.jpg 680w, https:\/\/lasilusiones.com.ar\/blog\/wp-content\/uploads\/2023\/07\/cascos-300x254.jpg 300w\" sizes=\"auto, (max-width: 680px) 100vw, 680px\" \/><figcaption class=\"wp-element-caption\">Recibiendo su diploma en UCA<\/figcaption><\/figure>\n<\/figure>\n\n\n<div class=\"wp-block-image\">\n<figure class=\"aligncenter size-full\"><img loading=\"lazy\" decoding=\"async\" width=\"405\" height=\"504\" src=\"https:\/\/lasilusiones.com.ar\/blog\/wp-content\/uploads\/2023\/07\/hnos.jpg\" alt=\"\" class=\"wp-image-2315\" srcset=\"https:\/\/lasilusiones.com.ar\/blog\/wp-content\/uploads\/2023\/07\/hnos.jpg 405w, https:\/\/lasilusiones.com.ar\/blog\/wp-content\/uploads\/2023\/07\/hnos-241x300.jpg 241w\" sizes=\"auto, (max-width: 405px) 100vw, 405px\" \/><figcaption class=\"wp-element-caption\">Con Cami y Joaco, sus hermanos<\/figcaption><\/figure>\n<\/div>\n\n\n<p><\/p>\n\n\n\n<p>\u00a1Gracias familia por su historia y por ser parte de estos 15 a\u00f1os de historia!<\/p>\n","protected":false},"excerpt":{"rendered":"<p>Cerramos este mes con el testimonio de Roxana, mam\u00e1 de Giuli, artista de la sede CABA. Un 6 de septiembre del a\u00f1o 1997 nac\u00eda Giuliana,&hellip;<\/p>\n","protected":false},"author":2,"featured_media":1973,"comment_status":"open","ping_status":"open","sticky":false,"template":"","format":"standard","meta":{"_monsterinsights_skip_tracking":false,"_monsterinsights_sitenote_active":false,"_monsterinsights_sitenote_note":"","_monsterinsights_sitenote_category":0,"footnotes":""},"categories":[4],"tags":[],"class_list":["post-2307","post","type-post","status-publish","format-standard","has-post-thumbnail","hentry","category-articulo"],"_links":{"self":[{"href":"https:\/\/lasilusiones.com.ar\/blog\/wp-json\/wp\/v2\/posts\/2307","targetHints":{"allow":["GET"]}}],"collection":[{"href":"https:\/\/lasilusiones.com.ar\/blog\/wp-json\/wp\/v2\/posts"}],"about":[{"href":"https:\/\/lasilusiones.com.ar\/blog\/wp-json\/wp\/v2\/types\/post"}],"author":[{"embeddable":true,"href":"https:\/\/lasilusiones.com.ar\/blog\/wp-json\/wp\/v2\/users\/2"}],"replies":[{"embeddable":true,"href":"https:\/\/lasilusiones.com.ar\/blog\/wp-json\/wp\/v2\/comments?post=2307"}],"version-history":[{"count":2,"href":"https:\/\/lasilusiones.com.ar\/blog\/wp-json\/wp\/v2\/posts\/2307\/revisions"}],"predecessor-version":[{"id":2316,"href":"https:\/\/lasilusiones.com.ar\/blog\/wp-json\/wp\/v2\/posts\/2307\/revisions\/2316"}],"wp:featuredmedia":[{"embeddable":true,"href":"https:\/\/lasilusiones.com.ar\/blog\/wp-json\/wp\/v2\/media\/1973"}],"wp:attachment":[{"href":"https:\/\/lasilusiones.com.ar\/blog\/wp-json\/wp\/v2\/media?parent=2307"}],"wp:term":[{"taxonomy":"category","embeddable":true,"href":"https:\/\/lasilusiones.com.ar\/blog\/wp-json\/wp\/v2\/categories?post=2307"},{"taxonomy":"post_tag","embeddable":true,"href":"https:\/\/lasilusiones.com.ar\/blog\/wp-json\/wp\/v2\/tags?post=2307"}],"curies":[{"name":"wp","href":"https:\/\/api.w.org\/{rel}","templated":true}]}}