{"id":2334,"date":"2023-08-18T08:38:31","date_gmt":"2023-08-18T11:38:31","guid":{"rendered":"https:\/\/lasilusiones.com.ar\/blog\/?p=2334"},"modified":"2023-08-18T08:38:31","modified_gmt":"2023-08-18T11:38:31","slug":"conociendo-a-nuestra-comunidad-24","status":"publish","type":"post","link":"https:\/\/lasilusiones.com.ar\/blog\/conociendo-a-nuestra-comunidad-24\/","title":{"rendered":"Conociendo a nuestra comunidad"},"content":{"rendered":"\n<p>Arrancamos el finde largo con el testimonio de Cecilia y Fernando, pap\u00e1s de Bauti, artista de la sede. <\/p>\n\n\n\n<p><em>Un 1\u00b0 de noviembre fresco de 1999 naci\u00f3 nuestro amado y esperado hijo Juan Bautista. El decidi\u00f3 por su segundo nombre y as\u00ed es conocido, como Bauti.<\/em><\/p>\n\n\n\n<p><em>Desde chiquito mostr\u00f3 voluntad y una hermosa personalidad que, a fuerza de paz, se ganaba el respeto de sus pares; si alg\u00fan otro ni\u00f1o se dirig\u00eda a \u00e9l en modo agresivo, una mirada suya o alguna actitud lo hac\u00edan desistir, as\u00ed como tambi\u00e9n fue siempre un gran mediador en los conflictos. <strong>Desde peque\u00f1o fue un gran \u201cconstructor\u201d de puentes entre las personas. <\/strong>Posee la apreciable cualidad de entender a los dem\u00e1s y obrar en consecuencia. Esa empat\u00eda hace que tenga buen trato con los otros, adem\u00e1s de desarrollar un enorme sentido del humor. Si bien es t\u00edmido, no es introvertido lo que hace que sea una persona afectuosa.<\/em><\/p>\n\n\n\n<div class=\"wp-block-media-text is-stacked-on-mobile\"><figure class=\"wp-block-media-text__media\"><img loading=\"lazy\" decoding=\"async\" width=\"954\" height=\"762\" src=\"https:\/\/lasilusiones.com.ar\/blog\/wp-content\/uploads\/2023\/08\/IMG-20230817-WA0087.jpg\" alt=\"\" class=\"wp-image-2335 size-full\" srcset=\"https:\/\/lasilusiones.com.ar\/blog\/wp-content\/uploads\/2023\/08\/IMG-20230817-WA0087.jpg 954w, https:\/\/lasilusiones.com.ar\/blog\/wp-content\/uploads\/2023\/08\/IMG-20230817-WA0087-300x240.jpg 300w, https:\/\/lasilusiones.com.ar\/blog\/wp-content\/uploads\/2023\/08\/IMG-20230817-WA0087-768x613.jpg 768w\" sizes=\"auto, (max-width: 954px) 100vw, 954px\" \/><\/figure><div class=\"wp-block-media-text__content\">\n<p><em>Es amante de los superh\u00e9roes, le encanta todo lo que tenga que ver con la expresi\u00f3n, especialmente con la expresi\u00f3n musical. <strong>Para \u00e9l, cantar es siempre un motivo de disfrute.<\/strong> La m\u00fasica le gusta tanto como la historia.<\/em><\/p>\n<\/div><\/div>\n\n\n\n<p><em>M\u00e1s all\u00e1 de sus dificultades de expresi\u00f3n, Bauti posee un mundo interior muy rico, lo que manifiesta en la construcci\u00f3n de historias a partir de dejar volar su imaginaci\u00f3n.<\/em><\/p>\n\n\n\n<p><em>Disfruta de la actividad art\u00edstica, ya sea teatro o m\u00fasica y de viajar, siendo siempre materia dispuesta para ello.<\/em><\/p>\n\n\n\n<p><em><strong>Transitar la condici\u00f3n de Bauti nos ense\u00f1\u00f3 a no mirar el vaso semivac\u00edo, a elegir \u201clos vasos&#8221; y a trabajar en c\u00f3mo colmar esos vasos, teniendo en cuenta su felicidad.<\/strong><\/em><\/p>\n\n\n\n<p><em><strong>Bauti nos ense\u00f1\u00f3 a ver la discapacidad desde el punto de vista de los desaf\u00edos, no como una limitante, sino como una oportunidad.<\/strong><\/em><\/p>\n\n\n<div class=\"wp-block-image\">\n<figure class=\"aligncenter size-large is-resized\"><img loading=\"lazy\" decoding=\"async\" src=\"https:\/\/lasilusiones.com.ar\/blog\/wp-content\/uploads\/2023\/08\/IMG-20230817-WA0088-1024x476.jpg\" alt=\"\" class=\"wp-image-2336\" style=\"width:512px;height:238px\" width=\"512\" height=\"238\" srcset=\"https:\/\/lasilusiones.com.ar\/blog\/wp-content\/uploads\/2023\/08\/IMG-20230817-WA0088-1024x476.jpg 1024w, https:\/\/lasilusiones.com.ar\/blog\/wp-content\/uploads\/2023\/08\/IMG-20230817-WA0088-300x139.jpg 300w, https:\/\/lasilusiones.com.ar\/blog\/wp-content\/uploads\/2023\/08\/IMG-20230817-WA0088-768x357.jpg 768w, https:\/\/lasilusiones.com.ar\/blog\/wp-content\/uploads\/2023\/08\/IMG-20230817-WA0088-1536x713.jpg 1536w, https:\/\/lasilusiones.com.ar\/blog\/wp-content\/uploads\/2023\/08\/IMG-20230817-WA0088.jpg 1600w\" sizes=\"auto, (max-width: 512px) 100vw, 512px\" \/><\/figure>\n<\/div>\n\n\n<p><\/p>\n\n\n\n<p>Gracias familia por compartir estas palabras y ser parte de nuestra comunidad. <\/p>\n","protected":false},"excerpt":{"rendered":"<p>Arrancamos el finde largo con el testimonio de Cecilia y Fernando, pap\u00e1s de Bauti, artista de la sede. Un 1\u00b0 de noviembre fresco de 1999&hellip;<\/p>\n","protected":false},"author":2,"featured_media":1973,"comment_status":"open","ping_status":"open","sticky":false,"template":"","format":"standard","meta":{"_monsterinsights_skip_tracking":false,"_monsterinsights_sitenote_active":false,"_monsterinsights_sitenote_note":"","_monsterinsights_sitenote_category":0,"footnotes":""},"categories":[4],"tags":[],"class_list":["post-2334","post","type-post","status-publish","format-standard","has-post-thumbnail","hentry","category-articulo"],"_links":{"self":[{"href":"https:\/\/lasilusiones.com.ar\/blog\/wp-json\/wp\/v2\/posts\/2334","targetHints":{"allow":["GET"]}}],"collection":[{"href":"https:\/\/lasilusiones.com.ar\/blog\/wp-json\/wp\/v2\/posts"}],"about":[{"href":"https:\/\/lasilusiones.com.ar\/blog\/wp-json\/wp\/v2\/types\/post"}],"author":[{"embeddable":true,"href":"https:\/\/lasilusiones.com.ar\/blog\/wp-json\/wp\/v2\/users\/2"}],"replies":[{"embeddable":true,"href":"https:\/\/lasilusiones.com.ar\/blog\/wp-json\/wp\/v2\/comments?post=2334"}],"version-history":[{"count":2,"href":"https:\/\/lasilusiones.com.ar\/blog\/wp-json\/wp\/v2\/posts\/2334\/revisions"}],"predecessor-version":[{"id":2338,"href":"https:\/\/lasilusiones.com.ar\/blog\/wp-json\/wp\/v2\/posts\/2334\/revisions\/2338"}],"wp:featuredmedia":[{"embeddable":true,"href":"https:\/\/lasilusiones.com.ar\/blog\/wp-json\/wp\/v2\/media\/1973"}],"wp:attachment":[{"href":"https:\/\/lasilusiones.com.ar\/blog\/wp-json\/wp\/v2\/media?parent=2334"}],"wp:term":[{"taxonomy":"category","embeddable":true,"href":"https:\/\/lasilusiones.com.ar\/blog\/wp-json\/wp\/v2\/categories?post=2334"},{"taxonomy":"post_tag","embeddable":true,"href":"https:\/\/lasilusiones.com.ar\/blog\/wp-json\/wp\/v2\/tags?post=2334"}],"curies":[{"name":"wp","href":"https:\/\/api.w.org\/{rel}","templated":true}]}}