{"id":2340,"date":"2023-08-19T10:16:06","date_gmt":"2023-08-19T13:16:06","guid":{"rendered":"https:\/\/lasilusiones.com.ar\/blog\/?p=2340"},"modified":"2023-08-19T10:16:06","modified_gmt":"2023-08-19T13:16:06","slug":"19-de-agosto-dia-mundial-de-la-fotografia","status":"publish","type":"post","link":"https:\/\/lasilusiones.com.ar\/blog\/19-de-agosto-dia-mundial-de-la-fotografia\/","title":{"rendered":"19 de agosto D\u00eda Mundial de la Fotograf\u00eda"},"content":{"rendered":"\n<p><\/p>\n\n\n\n<p>Esta fecha fue elegida para conmemorar al inventor y artista franc\u00e9s Louis-Jacques Daguerre quien, en 1839, en Par\u00eds, present\u00f3 el <em>daguerrotipo<\/em>, a la Academia de Ciencias de Francia. El daguerrotipo<em> <\/em>era<em> <\/em>un artefacto capaz de capturar im\u00e1genes que se formaban sobre una superficie de plata pulida como un espejo.<\/p>\n\n\n<div class=\"wp-block-image\">\n<figure class=\"aligncenter size-full is-resized\"><img loading=\"lazy\" decoding=\"async\" src=\"https:\/\/lasilusiones.com.ar\/blog\/wp-content\/uploads\/2023\/08\/Captura-de-pantalla-2023-08-18-170825.png\" alt=\"\" class=\"wp-image-2341\" style=\"width:664px;height:477px\" width=\"664\" height=\"477\" srcset=\"https:\/\/lasilusiones.com.ar\/blog\/wp-content\/uploads\/2023\/08\/Captura-de-pantalla-2023-08-18-170825.png 968w, https:\/\/lasilusiones.com.ar\/blog\/wp-content\/uploads\/2023\/08\/Captura-de-pantalla-2023-08-18-170825-300x216.png 300w, https:\/\/lasilusiones.com.ar\/blog\/wp-content\/uploads\/2023\/08\/Captura-de-pantalla-2023-08-18-170825-768x552.png 768w\" sizes=\"auto, (max-width: 664px) 100vw, 664px\" \/><figcaption class=\"wp-element-caption\">&#8220;<em>Boulevard du Temple<\/em>&#8220;, primera &#8220;foto&#8221; con la t\u00e9cnica del daguerrotipo, donde solo se aprecia un se\u00f1or inm\u00f3vil en la esquina inferior izquierda mientras le limpian las botas.<\/figcaption><\/figure>\n<\/div>\n\n\n<p>Para celebrar esta fecha, quisimos conversar con una amiga de la casa, Meli, de la <strong>ONG \u201cYo Tambi\u00e9n\u201d<\/strong>, que adem\u00e1s participa en el proyecto de \u201cTu Productora\u201d.<\/p>\n\n\n\n<p class=\"has-regular-font-size\"><strong>\u00bfC\u00f3mo lleg\u00f3 a tu vida la fotograf\u00eda?<\/strong><\/p>\n\n\n\n<p>La fotograf\u00eda apareci\u00f3 en mi vida como una excusa y como una herramienta para dar respuesta a un mont\u00f3n de b\u00fasquedas o inquietudes que yo ten\u00eda. Y tambi\u00e9n para tender puentes, en todos los sentidos, porque la fotograf\u00eda me permiti\u00f3 acercarme al mundo de las personas con discapacidad, que era una inquietud que yo ten\u00eda. Sent\u00eda mucho inter\u00e9s por entender la discapacidad y por encontrar qu\u00e9 pod\u00eda hacer por la inclusi\u00f3n, pero no sab\u00eda con cu\u00e1l de las herramientas de las que yo ten\u00eda por mi formaci\u00f3n. Lo m\u00e1s parad\u00f3jico fue que, con el devenir del tiempo, fund\u00e9 <strong>una organizaci\u00f3n donde la base es la inclusi\u00f3n a trav\u00e9s de la fotograf\u00eda.<\/strong> Me fui transformando primero, en docente de fotograf\u00eda y, luego, en una profesional tambi\u00e9n del mundo de la fotograf\u00eda, as\u00ed que tambi\u00e9n la incorpor\u00e9 como parte de mi trabajo. Lo ir\u00f3nico es que cuando yo curs\u00e9 en la facultad, las materias no me gustaban, no las entend\u00eda, nunca me quise comprar una c\u00e1mara; dir\u00eda que es una de las materias que no aprob\u00e9, o sea, nunca jam\u00e1s hubiera pensado en que iba a terminar fundando algo relacionado con la fotograf\u00eda y que iba a trabajar como fot\u00f3grafa.<\/p>\n\n\n\n<p>La fotograf\u00eda me fue enamorando porque combinaba algo que para m\u00ed siempre fue muy significativo: todo lo que tiene que ver con las miradas. Yo me acerqu\u00e9 al mundo de la discapacidad porque me sent\u00eda en sinton\u00eda con muchas cosas vinculadas a la exclusi\u00f3n, a la discriminaci\u00f3n, al no encajar. De alguna forma yo creo que hice espejo con las personas con discapacidad, sublim\u00e9 mis dificultades en un mundo que no era tan inclusivo, porque yo sent\u00eda que mi diversidad no encajaba. Entonces, en mi proceso de crecimiento necesit\u00e9 hacer algo por otros que, al mismo tiempo, fue hacer algo por m\u00ed. Siempre me atraves\u00f3 el concepto de la mirada, me costaban las miradas ajenas. Una compa\u00f1era una vez me dijo que le encantaban las fotos que yo hac\u00eda, porque dec\u00eda que yo miraba algo que el resto no miraba. Y eso a m\u00ed me reson\u00f3 mucho porque que me digan que yo estaba mirando algo diferente y rescatando pedacitos de lo que nos rodeaba, ten\u00eda mucho significado.&nbsp;<\/p>\n\n\n\n<p><strong>\u00bfC\u00f3mo surge <em>Yo Tambi\u00e9n<\/em>?<\/strong><\/p>\n\n\n\n<p><em>Yo tambi\u00e9n<\/em> es una organizaci\u00f3n que fund\u00e9 porque, previamente, me hab\u00edan propuesto hacer un taller de fotograf\u00eda (que lo hice con muchas dudas porque en s\u00ed no me consideraba fot\u00f3grafa), pero sent\u00ed que era una gran excusa para por fin hacer algo concreto por el mundo de las personas con discapacidad. Cuando termin\u00e9 ese taller, descubr\u00ed esa s\u00edntesis de mis conocimientos audiovisuales y fotogr\u00e1ficos m\u00e1s todo mi camino en el mundo de la discapacidad y tambi\u00e9n en situaciones de exclusi\u00f3n (porque tambi\u00e9n particip\u00e9 en voluntariados en barrios vulnerados). Ah\u00ed me dije \u201c<em>la c\u00e1mara de fotos puede ser una herramienta de inclusi\u00f3n\u201d<\/em>. En ese momento fundamos la ONG con otra compa\u00f1era. Hay dos palabras en <em>Yo tambi\u00e9n <\/em>que siempre aparecen: <strong>encuentro y miradas<\/strong>, est\u00e1n en todo lo que hacemos, en todo lo que decimos; son la base de nuestros valores. Los momentos de presencia, de encuentro e intercambio. <strong>Y la mirada como eje, la mirada que alienta, que potencia, que acompa\u00f1a y que est\u00e1 ah\u00ed haciendo puentes de inclusi\u00f3n<\/strong>. Tambi\u00e9n con la idea de tratar de corrernos de esas miradas que, por el contrario, muchas veces nos condicionan, nos estructuran, o nos tiran para abajo.<\/p>\n\n\n\n<div class=\"wp-block-media-text has-media-on-the-right is-stacked-on-mobile\"><div class=\"wp-block-media-text__content\">\n<p>As\u00ed que la fotograf\u00eda fue algo que vino y fue una excusa, una herramienta de inclusi\u00f3n que me permite hacer puentes y que me permite avanzar en este concepto de la mirada. Que tambi\u00e9n es muy propio, porque <em>fotografiar es mirar. <\/em>Una cosa es <em>ver <\/em>y otra cosa es <em>mirar; <\/em>ver no es lo mismo que mirar. Ver es una funci\u00f3n del ojo que es el poder distinguir un objeto y mirar tiene que ver con la <em>interpretaci\u00f3n <\/em>que le damos a los objetos. Por eso, aunque no podamos ver o que tengamos una disminuci\u00f3n de la visi\u00f3n, igualmente podemos mirar. Porque podemos vincularnos con los objetos, darles interpretaci\u00f3n, un sentido, porque todos tenemos la capacidad de elaborar im\u00e1genes y esas im\u00e1genes, cuando est\u00e1n contando algo, es porque fueron miradas. <strong>Sacar unas foto es compartir tu mirada del mundo para que otras personas la puedan ver, interpretar y seguir dialogando con esa captura, ese recorte de la realidad que decidiste hacer.&nbsp;<\/strong><\/p>\n<\/div><figure class=\"wp-block-media-text__media\"><img loading=\"lazy\" decoding=\"async\" width=\"768\" height=\"1024\" src=\"https:\/\/lasilusiones.com.ar\/blog\/wp-content\/uploads\/2023\/08\/WhatsApp-Image-2023-08-18-at-09.50.45-768x1024.jpeg\" alt=\"\" class=\"wp-image-2342 size-full\" srcset=\"https:\/\/lasilusiones.com.ar\/blog\/wp-content\/uploads\/2023\/08\/WhatsApp-Image-2023-08-18-at-09.50.45-768x1024.jpeg 768w, https:\/\/lasilusiones.com.ar\/blog\/wp-content\/uploads\/2023\/08\/WhatsApp-Image-2023-08-18-at-09.50.45-225x300.jpeg 225w, https:\/\/lasilusiones.com.ar\/blog\/wp-content\/uploads\/2023\/08\/WhatsApp-Image-2023-08-18-at-09.50.45-1152x1536.jpeg 1152w, https:\/\/lasilusiones.com.ar\/blog\/wp-content\/uploads\/2023\/08\/WhatsApp-Image-2023-08-18-at-09.50.45.jpeg 1200w\" sizes=\"auto, (max-width: 768px) 100vw, 768px\" \/><\/figure><\/div>\n\n\n\n<p><\/p>\n\n\n\n<p>Gracias Meli por compartir tu historia, emociones y miradas.<\/p>\n","protected":false},"excerpt":{"rendered":"<p>Esta fecha fue elegida para conmemorar al inventor y artista franc\u00e9s Louis-Jacques Daguerre quien, en 1839, en Par\u00eds, present\u00f3 el daguerrotipo, a la Academia de&hellip;<\/p>\n","protected":false},"author":2,"featured_media":0,"comment_status":"open","ping_status":"open","sticky":false,"template":"","format":"standard","meta":{"_monsterinsights_skip_tracking":false,"_monsterinsights_sitenote_active":false,"_monsterinsights_sitenote_note":"","_monsterinsights_sitenote_category":0,"footnotes":""},"categories":[4],"tags":[],"class_list":["post-2340","post","type-post","status-publish","format-standard","hentry","category-articulo"],"_links":{"self":[{"href":"https:\/\/lasilusiones.com.ar\/blog\/wp-json\/wp\/v2\/posts\/2340","targetHints":{"allow":["GET"]}}],"collection":[{"href":"https:\/\/lasilusiones.com.ar\/blog\/wp-json\/wp\/v2\/posts"}],"about":[{"href":"https:\/\/lasilusiones.com.ar\/blog\/wp-json\/wp\/v2\/types\/post"}],"author":[{"embeddable":true,"href":"https:\/\/lasilusiones.com.ar\/blog\/wp-json\/wp\/v2\/users\/2"}],"replies":[{"embeddable":true,"href":"https:\/\/lasilusiones.com.ar\/blog\/wp-json\/wp\/v2\/comments?post=2340"}],"version-history":[{"count":2,"href":"https:\/\/lasilusiones.com.ar\/blog\/wp-json\/wp\/v2\/posts\/2340\/revisions"}],"predecessor-version":[{"id":2348,"href":"https:\/\/lasilusiones.com.ar\/blog\/wp-json\/wp\/v2\/posts\/2340\/revisions\/2348"}],"wp:attachment":[{"href":"https:\/\/lasilusiones.com.ar\/blog\/wp-json\/wp\/v2\/media?parent=2340"}],"wp:term":[{"taxonomy":"category","embeddable":true,"href":"https:\/\/lasilusiones.com.ar\/blog\/wp-json\/wp\/v2\/categories?post=2340"},{"taxonomy":"post_tag","embeddable":true,"href":"https:\/\/lasilusiones.com.ar\/blog\/wp-json\/wp\/v2\/tags?post=2340"}],"curies":[{"name":"wp","href":"https:\/\/api.w.org\/{rel}","templated":true}]}}