{"id":2344,"date":"2023-08-23T10:04:20","date_gmt":"2023-08-23T13:04:20","guid":{"rendered":"https:\/\/lasilusiones.com.ar\/blog\/?p=2344"},"modified":"2023-08-29T09:19:08","modified_gmt":"2023-08-29T12:19:08","slug":"las-ilusiones-en-la-cena-anual-de-asdra","status":"publish","type":"post","link":"https:\/\/lasilusiones.com.ar\/blog\/las-ilusiones-en-la-cena-anual-de-asdra\/","title":{"rendered":"Las Ilusiones en la Cena Anual de ASDRA"},"content":{"rendered":"\n<p><\/p>\n\n\n\n<p>En estos 15 a\u00f1os nos hemos vinculado y generado lazos con numerosas instituciones vinculadas con la inclusi\u00f3n y una de ellas, ha sido ASDRA.<\/p>\n\n\n\n<p>Este a\u00f1o pudimos estar presentes con nuestro arte en la Cena Anual, en la apertura, presentando parte del musical Grease. Sabrina Mart\u00ednez Gandini, fue la encargada de coordinar al elenco y nos cont\u00f3 lo siguiente:<\/p>\n\n\n\n<p>\u201c<em>Fue una experiencia muy enriquecedora para cada artista. Hab\u00eda una emoci\u00f3n y una alegr\u00eda enorme de volver a poder mostrar un trabajo que empez\u00f3 en 2022, es decir, esto de visibilizar su trabajo. Realmente  se dieron cuenta de lo que era presentarse en una gala de esta magnitud, una gala ben\u00e9fica, de poder contribuir con una asociaci\u00f3n tan importante como es ASDRA y muy conscientes de la responsabilidad que hab\u00edan asumido. La organizaci\u00f3n del evento fue excelente, no solamente los organizadores estaban atentos a las necesidades del elenco y nos indicaron todo desde el primer momento; no hubo nada librado al azar, pudimos ensayar un rato antes en el espacio para que recorramos el espacio, tambi\u00e9n vinieron a saludarnos las autoridades de ASDRA y nos felicitaron en p\u00fablico. La verdad es que sentimos el acompa\u00f1amiento y estamos felices de sumar esta nueva experiencia, que es totalmente diferente a lo que puede ser una obra en un teatro<\/em>\u201d.<\/p>\n\n\n<div class=\"wp-block-image\">\n<figure class=\"aligncenter size-large is-resized\"><img loading=\"lazy\" decoding=\"async\" src=\"https:\/\/lasilusiones.com.ar\/blog\/wp-content\/uploads\/2023\/08\/WhatsApp-Image-2023-08-18-at-21.23.18-1024x768.jpeg\" alt=\"\" class=\"wp-image-2345\" style=\"width:661px;height:496px\" width=\"661\" height=\"496\" srcset=\"https:\/\/lasilusiones.com.ar\/blog\/wp-content\/uploads\/2023\/08\/WhatsApp-Image-2023-08-18-at-21.23.18-1024x768.jpeg 1024w, https:\/\/lasilusiones.com.ar\/blog\/wp-content\/uploads\/2023\/08\/WhatsApp-Image-2023-08-18-at-21.23.18-300x225.jpeg 300w, https:\/\/lasilusiones.com.ar\/blog\/wp-content\/uploads\/2023\/08\/WhatsApp-Image-2023-08-18-at-21.23.18-768x576.jpeg 768w, https:\/\/lasilusiones.com.ar\/blog\/wp-content\/uploads\/2023\/08\/WhatsApp-Image-2023-08-18-at-21.23.18-1536x1152.jpeg 1536w, https:\/\/lasilusiones.com.ar\/blog\/wp-content\/uploads\/2023\/08\/WhatsApp-Image-2023-08-18-at-21.23.18.jpeg 1600w\" sizes=\"auto, (max-width: 661px) 100vw, 661px\" \/><\/figure>\n<\/div>\n\n\n<p>Pedro Crespi, Director General de ASDRA tambi\u00e9n comparti\u00f3 sus emociones sobre nuestra participaci\u00f3n: \u201c<em>Les agradezco mucho la presencia y el tiempo que dedicaron, agradecer a cada uno de los artistas que se acercaron para hacer la apertura. Se le dio protagonismo a los verdaderos protagonistas de la noche. La verdad que si hay algo lindo de este \u00e1mbito es que te ayuda a conocer personas realmente muy generosas y una de ellas es Juan Ignacio y todo lo que viene de su lado tiene garant\u00eda\u201d<\/em>.<\/p>\n\n\n\n<p>Les compartimos un video del cierre de la presentaci\u00f3n.<\/p>\n\n\n\n<figure class=\"wp-block-video\"><video height=\"480\" style=\"aspect-ratio: 848 \/ 480;\" width=\"848\" controls src=\"https:\/\/lasilusiones.com.ar\/blog\/wp-content\/uploads\/2023\/08\/WhatsApp-Video-2023-08-18-at-21.23.32.mp4\"><\/video><\/figure>\n","protected":false},"excerpt":{"rendered":"<p>En estos 15 a\u00f1os nos hemos vinculado y generado lazos con numerosas instituciones vinculadas con la inclusi\u00f3n y una de ellas, ha sido ASDRA. Este&hellip;<\/p>\n","protected":false},"author":2,"featured_media":0,"comment_status":"open","ping_status":"open","sticky":false,"template":"","format":"standard","meta":{"_monsterinsights_skip_tracking":false,"_monsterinsights_sitenote_active":false,"_monsterinsights_sitenote_note":"","_monsterinsights_sitenote_category":0,"footnotes":""},"categories":[4],"tags":[],"class_list":["post-2344","post","type-post","status-publish","format-standard","hentry","category-articulo"],"_links":{"self":[{"href":"https:\/\/lasilusiones.com.ar\/blog\/wp-json\/wp\/v2\/posts\/2344","targetHints":{"allow":["GET"]}}],"collection":[{"href":"https:\/\/lasilusiones.com.ar\/blog\/wp-json\/wp\/v2\/posts"}],"about":[{"href":"https:\/\/lasilusiones.com.ar\/blog\/wp-json\/wp\/v2\/types\/post"}],"author":[{"embeddable":true,"href":"https:\/\/lasilusiones.com.ar\/blog\/wp-json\/wp\/v2\/users\/2"}],"replies":[{"embeddable":true,"href":"https:\/\/lasilusiones.com.ar\/blog\/wp-json\/wp\/v2\/comments?post=2344"}],"version-history":[{"count":4,"href":"https:\/\/lasilusiones.com.ar\/blog\/wp-json\/wp\/v2\/posts\/2344\/revisions"}],"predecessor-version":[{"id":2357,"href":"https:\/\/lasilusiones.com.ar\/blog\/wp-json\/wp\/v2\/posts\/2344\/revisions\/2357"}],"wp:attachment":[{"href":"https:\/\/lasilusiones.com.ar\/blog\/wp-json\/wp\/v2\/media?parent=2344"}],"wp:term":[{"taxonomy":"category","embeddable":true,"href":"https:\/\/lasilusiones.com.ar\/blog\/wp-json\/wp\/v2\/categories?post=2344"},{"taxonomy":"post_tag","embeddable":true,"href":"https:\/\/lasilusiones.com.ar\/blog\/wp-json\/wp\/v2\/tags?post=2344"}],"curies":[{"name":"wp","href":"https:\/\/api.w.org\/{rel}","templated":true}]}}