{"id":2358,"date":"2023-09-01T08:58:36","date_gmt":"2023-09-01T11:58:36","guid":{"rendered":"https:\/\/lasilusiones.com.ar\/blog\/?p=2358"},"modified":"2023-09-01T09:00:22","modified_gmt":"2023-09-01T12:00:22","slug":"conociendo-a-nuestra-comunidad-26","status":"publish","type":"post","link":"https:\/\/lasilusiones.com.ar\/blog\/conociendo-a-nuestra-comunidad-26\/","title":{"rendered":"Conociendo a nuestra comunidad"},"content":{"rendered":"\n<p>Iniciamos el mes de nuestro cumple con el testimonio de Alba y Mica, artista de la sede Ramos Mej\u00eda. <\/p>\n\n\n\n<p>Queridos amigos de Las Ilusiones, soy Alba, mam\u00e1 de Micaela, de la sede de Ramos Mej\u00eda. Le\u00ed todas las notas de Conociendo a nuestra comunidad. Los sentimientos, angustias y miedos son los mismos. Cuando hace 29 a\u00f1os, al dar a luz a Mica\u00a0 supimos de su discapacidad, entramos en p\u00e1nico. No sab\u00eda nada sobre el S\u00edndrome de Down.<\/p>\n\n\n\n<div class=\"wp-block-media-text is-stacked-on-mobile\"><figure class=\"wp-block-media-text__media\"><img loading=\"lazy\" decoding=\"async\" width=\"764\" height=\"1024\" src=\"https:\/\/lasilusiones.com.ar\/blog\/wp-content\/uploads\/2023\/09\/Screenshot_20230901-085127_Photos-764x1024.jpg\" alt=\"\" class=\"wp-image-2359 size-full\" srcset=\"https:\/\/lasilusiones.com.ar\/blog\/wp-content\/uploads\/2023\/09\/Screenshot_20230901-085127_Photos-764x1024.jpg 764w, https:\/\/lasilusiones.com.ar\/blog\/wp-content\/uploads\/2023\/09\/Screenshot_20230901-085127_Photos-224x300.jpg 224w, https:\/\/lasilusiones.com.ar\/blog\/wp-content\/uploads\/2023\/09\/Screenshot_20230901-085127_Photos-768x1029.jpg 768w, https:\/\/lasilusiones.com.ar\/blog\/wp-content\/uploads\/2023\/09\/Screenshot_20230901-085127_Photos.jpg 1057w\" sizes=\"auto, (max-width: 764px) 100vw, 764px\" \/><\/figure><div class=\"wp-block-media-text__content\">\n<p>Pregunt\u00e9 a Dios \u00bfC\u00f3mo hago? \u00bfC\u00f3mo es?\u00bfC\u00f3mo ayudo? Fue en el momento en que el m\u00e9dico se me acerc\u00f3 para llevarme a verla: \u00a1es hermosa!, dije. El m\u00e9dico se dirigi\u00f3 a m\u00ed y me dijo \u2018mir\u00e1 mam\u00e1, no se si se prende al pecho\u2019, pero cuando la tom\u00e9 en brazos, se lo ofrec\u00ed y se prendi\u00f3. Ah\u00ed estaba la respuesta: ella me iba a ayudar. Y as\u00ed es hasta ahora, ella me mostr\u00f3 el camino. Hoy somos dos mujeres grandes que nos necesitamos y siempre estamos juntas, la hago re\u00edr un mont\u00f3n.<\/p>\n\n\n\n<p>  La primera obra de Las Ilusiones en la que particip\u00f3 fue \u2018El desaf\u00edo&#8217; en el a\u00f1o 2017. Despu\u00e9s vinieron \u00d3pera de los dos centavos, Arlequino, Historias, los dos a\u00f1os por Zoom y esos s\u00e1bados divinos llenos de alegr\u00eda. Este a\u00f1o \u2018Los locos Adams\u2019 y \u2018Animales mitol\u00f3gicos\u2019, en danza. Gracias a todos los referentes de Las Ilusiones por guiarla, son inteligentes, amorosos y humanos. Mi hija es feliz con los aplausos. Tambi\u00e9n integra el grupo de Olimpiadas Especiales, va al Taller Alegr\u00eda (danza), &nbsp;nataci\u00f3n, transcurre su vida en el arte que la hace tan feliz.   <\/p>\n\n\n\n<p>Comparte la vida con pap\u00e1, tres hermanos, siete sobrinos y una bisnieta en camino. Somos familia les dejo un abrazo.  <\/p>\n\n\n\n<figure class=\"wp-block-gallery has-nested-images columns-default is-cropped wp-block-gallery-1 is-layout-flex wp-block-gallery-is-layout-flex\">\n<figure class=\"wp-block-image size-large\"><img loading=\"lazy\" decoding=\"async\" width=\"768\" height=\"1024\" data-id=\"2360\" src=\"https:\/\/lasilusiones.com.ar\/blog\/wp-content\/uploads\/2023\/09\/IMG-20230830-WA0006-768x1024.jpg\" alt=\"\" class=\"wp-image-2360\" srcset=\"https:\/\/lasilusiones.com.ar\/blog\/wp-content\/uploads\/2023\/09\/IMG-20230830-WA0006-768x1024.jpg 768w, https:\/\/lasilusiones.com.ar\/blog\/wp-content\/uploads\/2023\/09\/IMG-20230830-WA0006-225x300.jpg 225w, https:\/\/lasilusiones.com.ar\/blog\/wp-content\/uploads\/2023\/09\/IMG-20230830-WA0006.jpg 960w\" sizes=\"auto, (max-width: 768px) 100vw, 768px\" \/><\/figure>\n\n\n\n<figure class=\"wp-block-image size-large\"><img loading=\"lazy\" decoding=\"async\" width=\"768\" height=\"1024\" data-id=\"2361\" src=\"https:\/\/lasilusiones.com.ar\/blog\/wp-content\/uploads\/2023\/09\/IMG-20230830-WA0000-768x1024.jpg\" alt=\"\" class=\"wp-image-2361\" srcset=\"https:\/\/lasilusiones.com.ar\/blog\/wp-content\/uploads\/2023\/09\/IMG-20230830-WA0000-768x1024.jpg 768w, https:\/\/lasilusiones.com.ar\/blog\/wp-content\/uploads\/2023\/09\/IMG-20230830-WA0000-225x300.jpg 225w, https:\/\/lasilusiones.com.ar\/blog\/wp-content\/uploads\/2023\/09\/IMG-20230830-WA0000.jpg 960w\" sizes=\"auto, (max-width: 768px) 100vw, 768px\" \/><\/figure>\n<\/figure>\n\n\n\n<p><\/p>\n\n\n\n<p>\u00a1Gracias familia por ser parte de estos 15 a\u00f1os de historia!<\/p>\n\n\n\n<p><\/p>\n<\/div><\/div>\n","protected":false},"excerpt":{"rendered":"<p>Iniciamos el mes de nuestro cumple con el testimonio de Alba y Mica, artista de la sede Ramos Mej\u00eda. Queridos amigos de Las Ilusiones, soy&hellip;<\/p>\n","protected":false},"author":2,"featured_media":1973,"comment_status":"open","ping_status":"open","sticky":false,"template":"","format":"standard","meta":{"_monsterinsights_skip_tracking":false,"_monsterinsights_sitenote_active":false,"_monsterinsights_sitenote_note":"","_monsterinsights_sitenote_category":0,"footnotes":""},"categories":[4],"tags":[],"class_list":["post-2358","post","type-post","status-publish","format-standard","has-post-thumbnail","hentry","category-articulo"],"_links":{"self":[{"href":"https:\/\/lasilusiones.com.ar\/blog\/wp-json\/wp\/v2\/posts\/2358","targetHints":{"allow":["GET"]}}],"collection":[{"href":"https:\/\/lasilusiones.com.ar\/blog\/wp-json\/wp\/v2\/posts"}],"about":[{"href":"https:\/\/lasilusiones.com.ar\/blog\/wp-json\/wp\/v2\/types\/post"}],"author":[{"embeddable":true,"href":"https:\/\/lasilusiones.com.ar\/blog\/wp-json\/wp\/v2\/users\/2"}],"replies":[{"embeddable":true,"href":"https:\/\/lasilusiones.com.ar\/blog\/wp-json\/wp\/v2\/comments?post=2358"}],"version-history":[{"count":2,"href":"https:\/\/lasilusiones.com.ar\/blog\/wp-json\/wp\/v2\/posts\/2358\/revisions"}],"predecessor-version":[{"id":2363,"href":"https:\/\/lasilusiones.com.ar\/blog\/wp-json\/wp\/v2\/posts\/2358\/revisions\/2363"}],"wp:featuredmedia":[{"embeddable":true,"href":"https:\/\/lasilusiones.com.ar\/blog\/wp-json\/wp\/v2\/media\/1973"}],"wp:attachment":[{"href":"https:\/\/lasilusiones.com.ar\/blog\/wp-json\/wp\/v2\/media?parent=2358"}],"wp:term":[{"taxonomy":"category","embeddable":true,"href":"https:\/\/lasilusiones.com.ar\/blog\/wp-json\/wp\/v2\/categories?post=2358"},{"taxonomy":"post_tag","embeddable":true,"href":"https:\/\/lasilusiones.com.ar\/blog\/wp-json\/wp\/v2\/tags?post=2358"}],"curies":[{"name":"wp","href":"https:\/\/api.w.org\/{rel}","templated":true}]}}