{"id":2374,"date":"2023-09-15T08:45:24","date_gmt":"2023-09-15T11:45:24","guid":{"rendered":"https:\/\/lasilusiones.com.ar\/blog\/?p=2374"},"modified":"2023-09-15T08:47:53","modified_gmt":"2023-09-15T11:47:53","slug":"conociendo-a-nuestra-comunidad-27","status":"publish","type":"post","link":"https:\/\/lasilusiones.com.ar\/blog\/conociendo-a-nuestra-comunidad-27\/","title":{"rendered":"Conociendo a nuestra comunidad"},"content":{"rendered":"\n<p>El primer testimonio del mes le toca a Sabrina, mam\u00e1 de Victoria, artista de la sede Lan\u00fas. <\/p>\n\n\n\n<p>&#8220;Hola a la comunidad que nos di\u00f3 la posibilidad de brindarle libertad y amistad a nuestra hija. Victoria hoy tiene 20 a\u00f1os y su car\u00e1cter, su fuerza y su perseverancia hicieron &nbsp;que saliera siempre adelante. Los m\u00e9dicos nos dieron los peores pron\u00f3sticos. No tiene un nombre su diagn\u00f3stico, como tantos otros. Desde beb\u00e9 nos enfrentamos a muchos desaf\u00edos que hemos superado con trabajo y terapias.  Juntos, en familia, con el apoyo de su hermano Agust\u00edn, su pap\u00e1 Edgardo, yo Sabrina, como mam\u00e1 y sus abuelos, dimos y damos todo por acompa\u00f1arla en su crecimiento. Somos de Quilmes y va a Lan\u00fas cada jueves porque participa de Teatro Musical. Los s\u00e1bados hace Expresi\u00f3n Corporal en la fundaci\u00f3n Julio Bocca, tambi\u00e9n con Las Ilusiones. Estudia en Infancias. <\/p>\n\n\n\n<div class=\"wp-block-media-text is-stacked-on-mobile\" style=\"grid-template-columns:37% auto\"><figure class=\"wp-block-media-text__media\"><img loading=\"lazy\" decoding=\"async\" width=\"576\" height=\"1024\" src=\"https:\/\/lasilusiones.com.ar\/blog\/wp-content\/uploads\/2023\/09\/WhatsApp-Image-2023-09-06-at-00.35.28-3-576x1024.jpeg\" alt=\"\" class=\"wp-image-2373 size-full\" srcset=\"https:\/\/lasilusiones.com.ar\/blog\/wp-content\/uploads\/2023\/09\/WhatsApp-Image-2023-09-06-at-00.35.28-3-576x1024.jpeg 576w, https:\/\/lasilusiones.com.ar\/blog\/wp-content\/uploads\/2023\/09\/WhatsApp-Image-2023-09-06-at-00.35.28-3-169x300.jpeg 169w, https:\/\/lasilusiones.com.ar\/blog\/wp-content\/uploads\/2023\/09\/WhatsApp-Image-2023-09-06-at-00.35.28-3-768x1366.jpeg 768w, https:\/\/lasilusiones.com.ar\/blog\/wp-content\/uploads\/2023\/09\/WhatsApp-Image-2023-09-06-at-00.35.28-3-864x1536.jpeg 864w, https:\/\/lasilusiones.com.ar\/blog\/wp-content\/uploads\/2023\/09\/WhatsApp-Image-2023-09-06-at-00.35.28-3.jpeg 899w\" sizes=\"auto, (max-width: 576px) 100vw, 576px\" \/><\/figure><div class=\"wp-block-media-text__content\">\n<p>Victoria es t\u00edmida, pero extrovertida cuando est\u00e1 con amigos. Ama bailar, cantar, nadar. Le encanta el cine y los recitales.<\/p>\n\n\n\n<p>Nos espera mucho por delante y parece que esta chica no tiene techo. Un techo que en muchos lados nos han querido imponer. Mi mensaje es aceptar la realidad para comenzar la transformaci\u00f3n.  <\/p>\n<\/div><\/div>\n\n\n<div class=\"wp-block-image\">\n<figure class=\"aligncenter size-large is-resized\"><img loading=\"lazy\" decoding=\"async\" src=\"https:\/\/lasilusiones.com.ar\/blog\/wp-content\/uploads\/2023\/09\/WhatsApp-Image-2023-09-06-at-00.35.28-4-1024x1024.jpeg\" alt=\"\" class=\"wp-image-2372\" style=\"width:265px;height:265px\" width=\"265\" height=\"265\" srcset=\"https:\/\/lasilusiones.com.ar\/blog\/wp-content\/uploads\/2023\/09\/WhatsApp-Image-2023-09-06-at-00.35.28-4-1024x1024.jpeg 1024w, https:\/\/lasilusiones.com.ar\/blog\/wp-content\/uploads\/2023\/09\/WhatsApp-Image-2023-09-06-at-00.35.28-4-300x300.jpeg 300w, https:\/\/lasilusiones.com.ar\/blog\/wp-content\/uploads\/2023\/09\/WhatsApp-Image-2023-09-06-at-00.35.28-4-150x150.jpeg 150w, https:\/\/lasilusiones.com.ar\/blog\/wp-content\/uploads\/2023\/09\/WhatsApp-Image-2023-09-06-at-00.35.28-4-768x768.jpeg 768w, https:\/\/lasilusiones.com.ar\/blog\/wp-content\/uploads\/2023\/09\/WhatsApp-Image-2023-09-06-at-00.35.28-4.jpeg 1080w\" sizes=\"auto, (max-width: 265px) 100vw, 265px\" \/><\/figure>\n<\/div>\n\n\n<p>Gracias a Las Ilusiones por este gran paso que Victoria decidi\u00f3 tomar.&#8221;<\/p>\n\n\n\n<p><\/p>\n\n\n\n<p>\u00a1Gracias familia por compartir su historia!<\/p>\n","protected":false},"excerpt":{"rendered":"<p>El primer testimonio del mes le toca a Sabrina, mam\u00e1 de Victoria, artista de la sede Lan\u00fas. &#8220;Hola a la comunidad que nos di\u00f3 la&hellip;<\/p>\n","protected":false},"author":2,"featured_media":1973,"comment_status":"open","ping_status":"open","sticky":false,"template":"","format":"standard","meta":{"_monsterinsights_skip_tracking":false,"_monsterinsights_sitenote_active":false,"_monsterinsights_sitenote_note":"","_monsterinsights_sitenote_category":0,"footnotes":""},"categories":[4],"tags":[],"class_list":["post-2374","post","type-post","status-publish","format-standard","has-post-thumbnail","hentry","category-articulo"],"_links":{"self":[{"href":"https:\/\/lasilusiones.com.ar\/blog\/wp-json\/wp\/v2\/posts\/2374","targetHints":{"allow":["GET"]}}],"collection":[{"href":"https:\/\/lasilusiones.com.ar\/blog\/wp-json\/wp\/v2\/posts"}],"about":[{"href":"https:\/\/lasilusiones.com.ar\/blog\/wp-json\/wp\/v2\/types\/post"}],"author":[{"embeddable":true,"href":"https:\/\/lasilusiones.com.ar\/blog\/wp-json\/wp\/v2\/users\/2"}],"replies":[{"embeddable":true,"href":"https:\/\/lasilusiones.com.ar\/blog\/wp-json\/wp\/v2\/comments?post=2374"}],"version-history":[{"count":5,"href":"https:\/\/lasilusiones.com.ar\/blog\/wp-json\/wp\/v2\/posts\/2374\/revisions"}],"predecessor-version":[{"id":2381,"href":"https:\/\/lasilusiones.com.ar\/blog\/wp-json\/wp\/v2\/posts\/2374\/revisions\/2381"}],"wp:featuredmedia":[{"embeddable":true,"href":"https:\/\/lasilusiones.com.ar\/blog\/wp-json\/wp\/v2\/media\/1973"}],"wp:attachment":[{"href":"https:\/\/lasilusiones.com.ar\/blog\/wp-json\/wp\/v2\/media?parent=2374"}],"wp:term":[{"taxonomy":"category","embeddable":true,"href":"https:\/\/lasilusiones.com.ar\/blog\/wp-json\/wp\/v2\/categories?post=2374"},{"taxonomy":"post_tag","embeddable":true,"href":"https:\/\/lasilusiones.com.ar\/blog\/wp-json\/wp\/v2\/tags?post=2374"}],"curies":[{"name":"wp","href":"https:\/\/api.w.org\/{rel}","templated":true}]}}