{"id":2432,"date":"2023-10-06T08:05:34","date_gmt":"2023-10-06T11:05:34","guid":{"rendered":"https:\/\/lasilusiones.com.ar\/blog\/?p=2432"},"modified":"2023-10-06T08:39:47","modified_gmt":"2023-10-06T11:39:47","slug":"conociendo-a-nuestra-comunidad-29","status":"publish","type":"post","link":"https:\/\/lasilusiones.com.ar\/blog\/conociendo-a-nuestra-comunidad-29\/","title":{"rendered":"Conociendo a nuestra comunidad"},"content":{"rendered":"\n<p><\/p>\n\n\n\n<p>Comenzamos octubre con el testimonio de Beatriz, mam\u00e1 de Anita, artista de la Sede Ramos Mej\u00eda.<br><\/p>\n\n\n\n<p>&#8220;<em>Despu\u00e9s de tanto esperar, le dimos la bienvenida a nuestras vidas a Ana Eva, un ser peque\u00f1ito (naci\u00f3 prematura) que fue creciendo a su ritmo. Luego de la confirmaci\u00f3n de su diagn\u00f3stico, pap\u00e1s, t\u00edo y abuelos, empezamos la b\u00fasqueda de informaci\u00f3n y caminos a seguir. As\u00ed conocimos el valor de la estimulaci\u00f3n temprana (en el CEAT N\u00b01 ,de Marcos Paz) y la importancia de la educaci\u00f3n especial (en el Instituto IDEA, de Ituzaing\u00f3). Tambi\u00e9n fue alumna integrada en el Jard\u00edn 923, de San Antonio de Padua y, paralelamente a esto, vimos que le atra\u00eda la danza y la expresi\u00f3n pl\u00e1stica, por eso concurri\u00f3 a clases desde peque\u00f1a. <\/em><\/p>\n\n\n\n<p><em>Destaco que el arte ayud\u00f3 (y creo que seguir\u00e1 ayudando) a Anita en su desenvolvimiento personal. El arte est\u00e1 llev\u00e1ndola a tener confianza en s\u00ed misma y desarrollar habilidades sociales. Hoy concurre a un curso de panader\u00eda, a un taller de artes pl\u00e1sticas, a yoga y a la compa\u00f1\u00eda de teatro Las ilusiones; donde encontr\u00f3 un gran apoyo emocional cuando perdi\u00f3 a su pap\u00e1.<br><strong>Ana Eva, Anita, es una joven de 21 a\u00f1os con S\u00edndrome de Down que transmite a toda su familia su energ\u00eda y que le demuestra al mundo su entereza, su constancia y el amor por hacer lo que m\u00e1s le gusta. Siempre con sonrisas. <\/strong><\/em><\/p>\n\n\n\n<p><em>\u00a1Te amamos Anita!<\/em><\/p>\n\n\n\n<figure class=\"wp-block-gallery has-nested-images columns-default is-cropped wp-block-gallery-1 is-layout-flex wp-block-gallery-is-layout-flex\">\n<figure class=\"wp-block-image size-large\"><img loading=\"lazy\" decoding=\"async\" width=\"576\" height=\"1024\" data-id=\"2435\" src=\"https:\/\/lasilusiones.com.ar\/blog\/wp-content\/uploads\/2023\/10\/WhatsApp-Image-2023-10-02-at-12.35.20-576x1024.jpeg\" alt=\"\" class=\"wp-image-2435\" srcset=\"https:\/\/lasilusiones.com.ar\/blog\/wp-content\/uploads\/2023\/10\/WhatsApp-Image-2023-10-02-at-12.35.20-576x1024.jpeg 576w, https:\/\/lasilusiones.com.ar\/blog\/wp-content\/uploads\/2023\/10\/WhatsApp-Image-2023-10-02-at-12.35.20-169x300.jpeg 169w, https:\/\/lasilusiones.com.ar\/blog\/wp-content\/uploads\/2023\/10\/WhatsApp-Image-2023-10-02-at-12.35.20-768x1365.jpeg 768w, https:\/\/lasilusiones.com.ar\/blog\/wp-content\/uploads\/2023\/10\/WhatsApp-Image-2023-10-02-at-12.35.20-864x1536.jpeg 864w, https:\/\/lasilusiones.com.ar\/blog\/wp-content\/uploads\/2023\/10\/WhatsApp-Image-2023-10-02-at-12.35.20.jpeg 900w\" sizes=\"auto, (max-width: 576px) 100vw, 576px\" \/><\/figure>\n\n\n\n<figure class=\"wp-block-image size-large\"><img loading=\"lazy\" decoding=\"async\" width=\"801\" height=\"1024\" data-id=\"2436\" src=\"https:\/\/lasilusiones.com.ar\/blog\/wp-content\/uploads\/2023\/10\/WhatsApp-Image-2023-10-02-at-12.31.12-801x1024.jpeg\" alt=\"\" class=\"wp-image-2436\" srcset=\"https:\/\/lasilusiones.com.ar\/blog\/wp-content\/uploads\/2023\/10\/WhatsApp-Image-2023-10-02-at-12.31.12-801x1024.jpeg 801w, https:\/\/lasilusiones.com.ar\/blog\/wp-content\/uploads\/2023\/10\/WhatsApp-Image-2023-10-02-at-12.31.12-235x300.jpeg 235w, https:\/\/lasilusiones.com.ar\/blog\/wp-content\/uploads\/2023\/10\/WhatsApp-Image-2023-10-02-at-12.31.12-768x982.jpeg 768w, https:\/\/lasilusiones.com.ar\/blog\/wp-content\/uploads\/2023\/10\/WhatsApp-Image-2023-10-02-at-12.31.12-1201x1536.jpeg 1201w, https:\/\/lasilusiones.com.ar\/blog\/wp-content\/uploads\/2023\/10\/WhatsApp-Image-2023-10-02-at-12.31.12.jpeg 1251w\" sizes=\"auto, (max-width: 801px) 100vw, 801px\" \/><\/figure>\n<\/figure>\n\n\n<div class=\"wp-block-image\">\n<figure class=\"aligncenter size-large is-resized\"><img loading=\"lazy\" decoding=\"async\" src=\"https:\/\/lasilusiones.com.ar\/blog\/wp-content\/uploads\/2023\/10\/WhatsApp-Image-2023-10-02-at-12.28.55-1-1024x768.jpeg\" alt=\"\" class=\"wp-image-2438\" style=\"width:659px;height:494px\" width=\"659\" height=\"494\" srcset=\"https:\/\/lasilusiones.com.ar\/blog\/wp-content\/uploads\/2023\/10\/WhatsApp-Image-2023-10-02-at-12.28.55-1-1024x768.jpeg 1024w, https:\/\/lasilusiones.com.ar\/blog\/wp-content\/uploads\/2023\/10\/WhatsApp-Image-2023-10-02-at-12.28.55-1-300x225.jpeg 300w, https:\/\/lasilusiones.com.ar\/blog\/wp-content\/uploads\/2023\/10\/WhatsApp-Image-2023-10-02-at-12.28.55-1-768x576.jpeg 768w, https:\/\/lasilusiones.com.ar\/blog\/wp-content\/uploads\/2023\/10\/WhatsApp-Image-2023-10-02-at-12.28.55-1.jpeg 1288w\" sizes=\"auto, (max-width: 659px) 100vw, 659px\" \/><\/figure>\n<\/div>\n\n\n<p class=\"has-text-align-center\" style=\"font-size:18px\"><strong>\u00a1Gracias Familia por compartir su historia con la comunidad!<\/strong><\/p>\n","protected":false},"excerpt":{"rendered":"<p>Comenzamos octubre con el testimonio de Beatriz, mam\u00e1 de Anita, artista de la Sede Ramos Mej\u00eda. &#8220;Despu\u00e9s de tanto esperar, le dimos la bienvenida a&hellip;<\/p>\n","protected":false},"author":2,"featured_media":1973,"comment_status":"open","ping_status":"open","sticky":false,"template":"","format":"standard","meta":{"_monsterinsights_skip_tracking":false,"_monsterinsights_sitenote_active":false,"_monsterinsights_sitenote_note":"","_monsterinsights_sitenote_category":0,"footnotes":""},"categories":[4],"tags":[],"class_list":["post-2432","post","type-post","status-publish","format-standard","has-post-thumbnail","hentry","category-articulo"],"_links":{"self":[{"href":"https:\/\/lasilusiones.com.ar\/blog\/wp-json\/wp\/v2\/posts\/2432","targetHints":{"allow":["GET"]}}],"collection":[{"href":"https:\/\/lasilusiones.com.ar\/blog\/wp-json\/wp\/v2\/posts"}],"about":[{"href":"https:\/\/lasilusiones.com.ar\/blog\/wp-json\/wp\/v2\/types\/post"}],"author":[{"embeddable":true,"href":"https:\/\/lasilusiones.com.ar\/blog\/wp-json\/wp\/v2\/users\/2"}],"replies":[{"embeddable":true,"href":"https:\/\/lasilusiones.com.ar\/blog\/wp-json\/wp\/v2\/comments?post=2432"}],"version-history":[{"count":3,"href":"https:\/\/lasilusiones.com.ar\/blog\/wp-json\/wp\/v2\/posts\/2432\/revisions"}],"predecessor-version":[{"id":2440,"href":"https:\/\/lasilusiones.com.ar\/blog\/wp-json\/wp\/v2\/posts\/2432\/revisions\/2440"}],"wp:featuredmedia":[{"embeddable":true,"href":"https:\/\/lasilusiones.com.ar\/blog\/wp-json\/wp\/v2\/media\/1973"}],"wp:attachment":[{"href":"https:\/\/lasilusiones.com.ar\/blog\/wp-json\/wp\/v2\/media?parent=2432"}],"wp:term":[{"taxonomy":"category","embeddable":true,"href":"https:\/\/lasilusiones.com.ar\/blog\/wp-json\/wp\/v2\/categories?post=2432"},{"taxonomy":"post_tag","embeddable":true,"href":"https:\/\/lasilusiones.com.ar\/blog\/wp-json\/wp\/v2\/tags?post=2432"}],"curies":[{"name":"wp","href":"https:\/\/api.w.org\/{rel}","templated":true}]}}