{"id":244,"date":"2019-06-29T20:26:17","date_gmt":"2019-06-29T23:26:17","guid":{"rendered":"https:\/\/lasilusiones.com.ar\/blog\/?p=244"},"modified":"2019-06-29T20:26:17","modified_gmt":"2019-06-29T23:26:17","slug":"ciclo-de-teatro-inclusivo-en-las-ilusiones-revista-zibilia","status":"publish","type":"post","link":"https:\/\/lasilusiones.com.ar\/blog\/ciclo-de-teatro-inclusivo-en-las-ilusiones-revista-zibilia\/","title":{"rendered":"CICLO DE TEATRO INCLUSIVO en LAS ILUSIONES &#8211; Revista Zibilia"},"content":{"rendered":"<div class=\"row\">\n<div class=\"col-md-8\">\n<div class=\"PageHeader\">\n<h1 class=\"title\">CICLO DE TEATRO INCLUSIVO &#8211; LAS ILUSIONES<\/h1>\n<div class=\"actions\" data-event-id=\"35755\"><\/div>\n<\/div>\n<\/div>\n<\/div>\n<p>Por tercer a\u00f1o consecutivo la compa\u00f1\u00eda de arte inclusiva Las Ilusiones realizar\u00e1 durante el mes de mayo y junio el ciclo que nuclea a artistas con discapacidad. Se podr\u00e1n disfrutar de nueve espect\u00e1culos diferentes de las disciplinas de teatro y comedia musical<\/p>\n<p>&nbsp;<\/p>\n<p><a href=\"https:\/\/www.zibilia.com\/=CicloDeTeatroInclusivoLasIlusiones\">Para continuar leyendo hacer Click AC\u00c1 para acceder a la nota en la revista Zibilia<\/a><\/p>\n<p>&nbsp;<\/p>\n<p><img loading=\"lazy\" decoding=\"async\" class=\"alignnone size-medium wp-image-182\" src=\"https:\/\/lasilusiones.com.ar\/blog\/wp-content\/uploads\/2018\/12\/IMG_8036-300x200.jpg\" alt=\"\" width=\"300\" height=\"200\" \/><\/p>\n","protected":false},"excerpt":{"rendered":"<p>CICLO DE TEATRO INCLUSIVO &#8211; LAS ILUSIONES Por tercer a\u00f1o consecutivo la compa\u00f1\u00eda de arte inclusiva Las Ilusiones realizar\u00e1 durante el mes de mayo y&hellip;<\/p>\n","protected":false},"author":1,"featured_media":182,"comment_status":"open","ping_status":"open","sticky":false,"template":"","format":"standard","meta":{"_monsterinsights_skip_tracking":false,"_monsterinsights_sitenote_active":false,"_monsterinsights_sitenote_note":"","_monsterinsights_sitenote_category":0,"footnotes":""},"categories":[6,8],"tags":[],"class_list":["post-244","post","type-post","status-publish","format-standard","has-post-thumbnail","hentry","category-funciones","category-prensa"],"_links":{"self":[{"href":"https:\/\/lasilusiones.com.ar\/blog\/wp-json\/wp\/v2\/posts\/244","targetHints":{"allow":["GET"]}}],"collection":[{"href":"https:\/\/lasilusiones.com.ar\/blog\/wp-json\/wp\/v2\/posts"}],"about":[{"href":"https:\/\/lasilusiones.com.ar\/blog\/wp-json\/wp\/v2\/types\/post"}],"author":[{"embeddable":true,"href":"https:\/\/lasilusiones.com.ar\/blog\/wp-json\/wp\/v2\/users\/1"}],"replies":[{"embeddable":true,"href":"https:\/\/lasilusiones.com.ar\/blog\/wp-json\/wp\/v2\/comments?post=244"}],"version-history":[{"count":0,"href":"https:\/\/lasilusiones.com.ar\/blog\/wp-json\/wp\/v2\/posts\/244\/revisions"}],"wp:featuredmedia":[{"embeddable":true,"href":"https:\/\/lasilusiones.com.ar\/blog\/wp-json\/"}],"wp:attachment":[{"href":"https:\/\/lasilusiones.com.ar\/blog\/wp-json\/wp\/v2\/media?parent=244"}],"wp:term":[{"taxonomy":"category","embeddable":true,"href":"https:\/\/lasilusiones.com.ar\/blog\/wp-json\/wp\/v2\/categories?post=244"},{"taxonomy":"post_tag","embeddable":true,"href":"https:\/\/lasilusiones.com.ar\/blog\/wp-json\/wp\/v2\/tags?post=244"}],"curies":[{"name":"wp","href":"https:\/\/api.w.org\/{rel}","templated":true}]}}