{"id":2441,"date":"2023-10-13T10:49:27","date_gmt":"2023-10-13T13:49:27","guid":{"rendered":"https:\/\/lasilusiones.com.ar\/blog\/?p=2441"},"modified":"2023-10-13T10:59:48","modified_gmt":"2023-10-13T13:59:48","slug":"conociendo-a-nuestra-comunidad-30","status":"publish","type":"post","link":"https:\/\/lasilusiones.com.ar\/blog\/conociendo-a-nuestra-comunidad-30\/","title":{"rendered":"Conociendo a nuestra comunidad"},"content":{"rendered":"\n<p>Viernes feriado, pero las historias no paran y las seguimos compartiendo. En este caso, el testimonio de la mam\u00e1 de Sebi, artista de la Sede Ballester.<\/p>\n\n\n\n<p><em>Hola a todos, soy Andrea, la mam\u00e1 de Sebasti\u00e1n Di Biase. Gracias a <strong>Las Ilusiones,<\/strong> por ofrecernos este espacio para conocernos y poder contar un poco la historia de Sebasti\u00e1n; aqu\u00ed vamos.&nbsp;<\/em><\/p>\n\n\n\n<p><em>Sebi naci\u00f3 un lunes 8 de julio, el d\u00eda m\u00e1s fr\u00edo del a\u00f1o 2002, y, desde entonces, fuimos INSEPARABLES. Fue un bebote grandote que pes\u00f3 4,100 Kg. y midi\u00f3 51 cm.\u2026 \u00a1no le entr\u00f3 nada de la ropita que le ten\u00eda preparada, jaja!<\/em><\/p>\n\n\n\n<div class=\"wp-block-media-text is-stacked-on-mobile\" style=\"grid-template-columns:39% auto\"><figure class=\"wp-block-media-text__media\"><img loading=\"lazy\" decoding=\"async\" width=\"728\" height=\"1024\" src=\"https:\/\/lasilusiones.com.ar\/blog\/wp-content\/uploads\/2023\/10\/WhatsApp-Image-2023-10-12-at-11.09.15-728x1024.jpeg\" alt=\"\" class=\"wp-image-2442 size-full\" srcset=\"https:\/\/lasilusiones.com.ar\/blog\/wp-content\/uploads\/2023\/10\/WhatsApp-Image-2023-10-12-at-11.09.15-728x1024.jpeg 728w, https:\/\/lasilusiones.com.ar\/blog\/wp-content\/uploads\/2023\/10\/WhatsApp-Image-2023-10-12-at-11.09.15-213x300.jpeg 213w, https:\/\/lasilusiones.com.ar\/blog\/wp-content\/uploads\/2023\/10\/WhatsApp-Image-2023-10-12-at-11.09.15-768x1080.jpeg 768w, https:\/\/lasilusiones.com.ar\/blog\/wp-content\/uploads\/2023\/10\/WhatsApp-Image-2023-10-12-at-11.09.15.jpeg 920w\" sizes=\"auto, (max-width: 728px) 100vw, 728px\" \/><\/figure><div class=\"wp-block-media-text__content\">\n<p><em>Desconcert\u00f3 mucho a m\u00e9dicos y terapeutas porque los primeros indicios de que \u201calgo pasaba\u201d aparecieron reci\u00e9n cerca de sus 4 a\u00f1os. Empez\u00f3 un peregrinaje de m\u00e9dico en m\u00e9dico, eminencia tras eminencia, estudio tras estudio, durante varios a\u00f1os. Si bien se divert\u00eda y siempre fue muy d\u00f3cil, un d\u00eda me dije: \u201c\u00a1Hasta ac\u00e1 llegamos! Pongan el r\u00f3tulo que quieran, \u00a1acepto a mi hijo tal cual es! Porque si no lo acepto yo, \u00bfc\u00f3mo pretender que lo hagan los dem\u00e1s?\u201d&nbsp;&nbsp;&nbsp;<\/em><\/p>\n\n\n\n<p><em>Emprendimos juntos un camino donde hubo desaciertos, es verdad. Pero, mirando hacia atr\u00e1s, tuvimos la suerte de encontrar a buenas personas, buenos colegios, buenas maestras y buenos compa\u00f1eros que lo integraron, que nos ayudaron e hicieron un poco m\u00e1s f\u00e1cil las cosas. Y en casa tenemos a los abuelos Angelita y Rub\u00e9n, nuestros soldados que nunca nos dejaron aflojar ni caer, que siempre est\u00e1n para nosotros. Mi agradecimiento eterno a todos ellos.<\/em><\/p>\n<\/div><\/div>\n\n\n\n<p><em>Hoy Sebi tiene 21 a\u00f1os y si tengo que describirlo, les dir\u00eda que es un ser hermoso, inocente, sin maldad, que no quiere ver a nadie sufrir. \u00a1\u00a1Es un \u201cpeque\u00f1o ni\u00f1o\u201d dentro de un cuerpo enorme, creo que su tama\u00f1o se debe a su gran coraz\u00f3n!! Siempre le gust\u00f3 la m\u00fasica y cantar, adem\u00e1s sus docentes me dicen que tiene un buen o\u00eddo, por eso busqu\u00e9 un lugar donde realizar actividades art\u00edsticas y m\u00e1s acordes a su edad, as\u00ed llegamos a <strong>Las Ilusiones<\/strong>.Como su mam\u00e1 puedo decir que mis dos hijos, mis \u201cmaestros\u201d, y los amores de mi vida Sebasti\u00e1n y Sabrina, me ense\u00f1aron much\u00edsimo, sobre todo, a no hacer predicciones, a no vivir pensando en el ma\u00f1ana porque me perd\u00eda vivir el hoy, a dejarme sorprender, a querer, amar y valorar los momentos, lo que <strong>S\u00cd<\/strong> tenemos, lo que <strong>S\u00cd<\/strong> somos, lo que <strong>S\u00cd<\/strong> podemos. No fue y no es f\u00e1cil, pero seguimos aprendiendo juntos.<\/em><\/p>\n\n\n\n<figure class=\"wp-block-gallery has-nested-images columns-default is-cropped wp-block-gallery-1 is-layout-flex wp-block-gallery-is-layout-flex\">\n<figure class=\"wp-block-image size-large\"><img loading=\"lazy\" decoding=\"async\" width=\"853\" height=\"585\" data-id=\"2446\" src=\"https:\/\/lasilusiones.com.ar\/blog\/wp-content\/uploads\/2023\/10\/WhatsApp-Image-2023-10-10-at-14.24.40-1.jpeg\" alt=\"\" class=\"wp-image-2446\" srcset=\"https:\/\/lasilusiones.com.ar\/blog\/wp-content\/uploads\/2023\/10\/WhatsApp-Image-2023-10-10-at-14.24.40-1.jpeg 853w, https:\/\/lasilusiones.com.ar\/blog\/wp-content\/uploads\/2023\/10\/WhatsApp-Image-2023-10-10-at-14.24.40-1-300x206.jpeg 300w, https:\/\/lasilusiones.com.ar\/blog\/wp-content\/uploads\/2023\/10\/WhatsApp-Image-2023-10-10-at-14.24.40-1-768x527.jpeg 768w\" sizes=\"auto, (max-width: 853px) 100vw, 853px\" \/><figcaption class=\"wp-element-caption\">Con sus abuelos y Sabri, su hermana<\/figcaption><\/figure>\n<\/figure>\n\n\n\n<p><\/p>\n\n\n\n<p><em>Gracias por el espacio. \u00a1Mi cari\u00f1o para todos los que son parte de Las Ilu!<\/em><\/p>\n\n\n\n<p><\/p>\n\n\n\n<p><strong>Gracias familia por compartir tan hermosas palabras.<\/strong><\/p>\n","protected":false},"excerpt":{"rendered":"<p>Viernes feriado, pero las historias no paran y las seguimos compartiendo. En este caso, el testimonio de la mam\u00e1 de Sebi, artista de la Sede&hellip;<\/p>\n","protected":false},"author":2,"featured_media":1973,"comment_status":"open","ping_status":"open","sticky":false,"template":"","format":"standard","meta":{"_monsterinsights_skip_tracking":false,"_monsterinsights_sitenote_active":false,"_monsterinsights_sitenote_note":"","_monsterinsights_sitenote_category":0,"footnotes":""},"categories":[4],"tags":[],"class_list":["post-2441","post","type-post","status-publish","format-standard","has-post-thumbnail","hentry","category-articulo"],"_links":{"self":[{"href":"https:\/\/lasilusiones.com.ar\/blog\/wp-json\/wp\/v2\/posts\/2441","targetHints":{"allow":["GET"]}}],"collection":[{"href":"https:\/\/lasilusiones.com.ar\/blog\/wp-json\/wp\/v2\/posts"}],"about":[{"href":"https:\/\/lasilusiones.com.ar\/blog\/wp-json\/wp\/v2\/types\/post"}],"author":[{"embeddable":true,"href":"https:\/\/lasilusiones.com.ar\/blog\/wp-json\/wp\/v2\/users\/2"}],"replies":[{"embeddable":true,"href":"https:\/\/lasilusiones.com.ar\/blog\/wp-json\/wp\/v2\/comments?post=2441"}],"version-history":[{"count":3,"href":"https:\/\/lasilusiones.com.ar\/blog\/wp-json\/wp\/v2\/posts\/2441\/revisions"}],"predecessor-version":[{"id":2452,"href":"https:\/\/lasilusiones.com.ar\/blog\/wp-json\/wp\/v2\/posts\/2441\/revisions\/2452"}],"wp:featuredmedia":[{"embeddable":true,"href":"https:\/\/lasilusiones.com.ar\/blog\/wp-json\/wp\/v2\/media\/1973"}],"wp:attachment":[{"href":"https:\/\/lasilusiones.com.ar\/blog\/wp-json\/wp\/v2\/media?parent=2441"}],"wp:term":[{"taxonomy":"category","embeddable":true,"href":"https:\/\/lasilusiones.com.ar\/blog\/wp-json\/wp\/v2\/categories?post=2441"},{"taxonomy":"post_tag","embeddable":true,"href":"https:\/\/lasilusiones.com.ar\/blog\/wp-json\/wp\/v2\/tags?post=2441"}],"curies":[{"name":"wp","href":"https:\/\/api.w.org\/{rel}","templated":true}]}}