{"id":2475,"date":"2023-10-27T10:47:26","date_gmt":"2023-10-27T13:47:26","guid":{"rendered":"https:\/\/lasilusiones.com.ar\/blog\/?p=2475"},"modified":"2023-10-27T10:47:26","modified_gmt":"2023-10-27T13:47:26","slug":"conociendo-a-nuestra-comunidad-32","status":"publish","type":"post","link":"https:\/\/lasilusiones.com.ar\/blog\/conociendo-a-nuestra-comunidad-32\/","title":{"rendered":"Conociendo a nuestra comunidad"},"content":{"rendered":"\n<p><\/p>\n\n\n\n<p>Cerramos este mes con el testimonio de Dani, mam\u00e1 de Donatella, artista de la sede Lan\u00fas.<\/p>\n\n\n\n<div class=\"wp-block-media-text is-stacked-on-mobile\"><figure class=\"wp-block-media-text__media\"><img loading=\"lazy\" decoding=\"async\" width=\"781\" height=\"608\" src=\"https:\/\/lasilusiones.com.ar\/blog\/wp-content\/uploads\/2023\/10\/WhatsApp-Image-2023-10-27-at-09.59.34.jpeg\" alt=\"\" class=\"wp-image-2476 size-full\" srcset=\"https:\/\/lasilusiones.com.ar\/blog\/wp-content\/uploads\/2023\/10\/WhatsApp-Image-2023-10-27-at-09.59.34.jpeg 781w, https:\/\/lasilusiones.com.ar\/blog\/wp-content\/uploads\/2023\/10\/WhatsApp-Image-2023-10-27-at-09.59.34-300x234.jpeg 300w, https:\/\/lasilusiones.com.ar\/blog\/wp-content\/uploads\/2023\/10\/WhatsApp-Image-2023-10-27-at-09.59.34-768x598.jpeg 768w\" sizes=\"auto, (max-width: 781px) 100vw, 781px\" \/><\/figure><div class=\"wp-block-media-text__content\">\n<p><em>Soy Daniela, tengo 3 hijos: Mat\u00edas, de 24, Gast\u00f3n de 22 y Donatella, de 17, es la m\u00e1s chica de la familia, la nena despu\u00e9s de dos varones. La realidad es que fue un impacto cuando ella naci\u00f3 y nos dijeron que ten\u00eda S\u00edndrome de Down porque nosotros desconoc\u00edamos totalmente el mundo de la discapacidad. <strong>Para m\u00ed, antes que ella naciera, el mundo ten\u00eda que ser perfecto y todo ten\u00eda que encuadrar, tal cual uno se lo imaginaba. <\/strong>Nos han educado con la idea de que nacimos para ser perfectos y para hacer y estar a la orden de la perfecci\u00f3n. <\/em><\/p>\n<\/div><\/div>\n\n\n\n<p><em>Yo nac\u00ed en una sociedad donde a los chicos con S\u00edndrome de Down se los trataba de \u201cenfermo\u201d, \u201cpobrecito\u201d; por eso, cuando me dijeron que ten\u00eda S\u00edndrome de Down, realmente hice un duelo durante unos d\u00edas porque pens\u00e9 que hasta no le pod\u00eda poner un vestido, me dije \u201cpara qu\u00e9 le compr\u00e9 vestido si tiene S\u00edndrome de Down\u201d. Que ignorancia la m\u00eda el no ver que era una persona como cualquier otra, con una condici\u00f3n distinta nada m\u00e1s. Y eso lo comprend\u00ed despu\u00e9s de trabajarlo mucho en terapia y de trabajarlo hacia afuera, porque yo soy abogada y ayudo a los padres a obtener informaci\u00f3n y eso me ayud\u00f3 mucho tambi\u00e9n a comprender que hay que disfrutar las peque\u00f1as cosas. <strong>Donatella vino a romper esos mitos y mostrar que cada uno tiene su propia individualidad, su propio ser y brilla por s\u00ed mismo, independientemente de lo que tenga que aportar al mundo. Yo creo que la defino as\u00ed porque conmigo vino a romper toda esa ideolog\u00eda y con ella aprend\u00ed a disfrutar las peque\u00f1as cosas. <\/strong>No fue una nena f\u00e1cil, tiene un car\u00e1cter bastante complicado; donde ella va pone su impronta, se hace sentir. Con lo cual, mientras era chiquita, uno pod\u00eda manejarla, hoy no la puedo manejar. Pero eso habla de que puede lograr su autonom\u00eda y su independencia y eso es lo que nosotros queremos.<\/em><\/p>\n\n\n\n<p><em>La fase de la escuela fue bastante complicada, no logr\u00f3 los objetivos en la escuela com\u00fan y fue a una escuela especial, donde realmente, comenz\u00f3 a vivir su propia vida, con sus pares. Desde muy chiquita comenz\u00f3 a desarrollar toda la parte art\u00edstica. Iba a cumplir 6 a\u00f1os cuando conoc\u00ed Las Ilusiones, fue la primera nena chiquita de Las Ilusiones, y ah\u00ed empez\u00f3 a integrarse y vimos su faceta art\u00edstica. <strong>Dona brilla subiendo al escenario, ah\u00ed vemos que ella puede demostrar lo que le gusta, lo que le hace bien, lo que disfruta. <\/strong>Entonces entend\u00ed que m\u00e1s all\u00e1 de exigirle la escuela, porque bueno tiene que ir y tiene que aprender, es importante que haga lo que le gusta y lo que disfruta. Actuar, cantar, vestirse, ponerse un vestuario y ser otra persona. En el escenario se suelta, vemos que es feliz. As\u00ed comenz\u00f3 a vivir la vida del artista con discapacidad y hoy es una nena feliz, muy independiente.<\/em>\u00a0<\/p>\n\n\n\n<p><em>No es f\u00e1cil para las familias criar un hijo con discapacidad, por el mundo, por el resto. Hoy la sociedad est\u00e1 muy abierta, muy inclusiva y un poco m\u00e1s emp\u00e1tica. Pero ahora se est\u00e1 haciendo mucho m\u00e1s dif\u00edcil porque cuando son chicos, sus pares que no tienen discapacidad, los van incluyendo, pero cuando crecen se van quedando, porque son m\u00e1s infantiles, tienen otro camino por recorrer y no pueden integrarse a sus pares de la misma edad. Por eso est\u00e1 bueno que tenga este grupo donde puedan estar todos juntos, en el mismo camino y transitar las mismas cosas. En Las Ilusiones la veo feliz, disfruta lo que hace y no tiene que estar preocupada de hacer lo que los otros le exigen, sino que hace esas peque\u00f1as cosas que ella pueda hacer.\u00a0<\/em><\/p>\n\n\n\n<p><em><strong>Amo a Donatella como a cualquiera de mis tres hijos, son mi vida. Dona nunca tuvo un trato preferencial por tener discapacidad, siempre fue una m\u00e1s, si bien tuvo m\u00e1s atenci\u00f3n porque la necesita, y eso la hizo muy independiente.<\/strong><\/em><\/p>\n\n\n\n<p class=\"has-text-align-center\" style=\"font-size:18px\">\u00a1Nuevamente gracias por abrir sus vivencias y compartirlas con toda la Comunidad!<\/p>\n","protected":false},"excerpt":{"rendered":"<p>Cerramos este mes con el testimonio de Dani, mam\u00e1 de Donatella, artista de la sede Lan\u00fas. Soy Daniela, tengo 3 hijos: Mat\u00edas, de 24, Gast\u00f3n&hellip;<\/p>\n","protected":false},"author":2,"featured_media":1973,"comment_status":"open","ping_status":"open","sticky":false,"template":"","format":"standard","meta":{"_monsterinsights_skip_tracking":false,"_monsterinsights_sitenote_active":false,"_monsterinsights_sitenote_note":"","_monsterinsights_sitenote_category":0,"footnotes":""},"categories":[4],"tags":[],"class_list":["post-2475","post","type-post","status-publish","format-standard","has-post-thumbnail","hentry","category-articulo"],"_links":{"self":[{"href":"https:\/\/lasilusiones.com.ar\/blog\/wp-json\/wp\/v2\/posts\/2475","targetHints":{"allow":["GET"]}}],"collection":[{"href":"https:\/\/lasilusiones.com.ar\/blog\/wp-json\/wp\/v2\/posts"}],"about":[{"href":"https:\/\/lasilusiones.com.ar\/blog\/wp-json\/wp\/v2\/types\/post"}],"author":[{"embeddable":true,"href":"https:\/\/lasilusiones.com.ar\/blog\/wp-json\/wp\/v2\/users\/2"}],"replies":[{"embeddable":true,"href":"https:\/\/lasilusiones.com.ar\/blog\/wp-json\/wp\/v2\/comments?post=2475"}],"version-history":[{"count":1,"href":"https:\/\/lasilusiones.com.ar\/blog\/wp-json\/wp\/v2\/posts\/2475\/revisions"}],"predecessor-version":[{"id":2477,"href":"https:\/\/lasilusiones.com.ar\/blog\/wp-json\/wp\/v2\/posts\/2475\/revisions\/2477"}],"wp:featuredmedia":[{"embeddable":true,"href":"https:\/\/lasilusiones.com.ar\/blog\/wp-json\/wp\/v2\/media\/1973"}],"wp:attachment":[{"href":"https:\/\/lasilusiones.com.ar\/blog\/wp-json\/wp\/v2\/media?parent=2475"}],"wp:term":[{"taxonomy":"category","embeddable":true,"href":"https:\/\/lasilusiones.com.ar\/blog\/wp-json\/wp\/v2\/categories?post=2475"},{"taxonomy":"post_tag","embeddable":true,"href":"https:\/\/lasilusiones.com.ar\/blog\/wp-json\/wp\/v2\/tags?post=2475"}],"curies":[{"name":"wp","href":"https:\/\/api.w.org\/{rel}","templated":true}]}}