{"id":2486,"date":"2023-10-09T16:13:59","date_gmt":"2023-10-09T19:13:59","guid":{"rendered":"https:\/\/lasilusiones.com.ar\/blog\/?p=2486"},"modified":"2023-11-02T09:38:51","modified_gmt":"2023-11-02T12:38:51","slug":"organizaciones-del-tercer-sector","status":"publish","type":"post","link":"https:\/\/lasilusiones.com.ar\/blog\/organizaciones-del-tercer-sector\/","title":{"rendered":"Organizaciones del Tercer Sector"},"content":{"rendered":"\n<p><\/p>\n\n\n\n<p>El 9 de octubre, en Espa\u00f1a se celebr\u00f3 el D\u00eda Nacional del Tercer Sector. Se denomina as\u00ed al sector de la sociedad que no es ni el sector privado de las empresas, orientadas a conseguir beneficios econ\u00f3micos para sus propietarios; ni tampoco el sector p\u00fablico, en el que est\u00e1n todos los organismos que dependen del Estado y que dan servicio a la ciudadan\u00eda.<\/p>\n\n\n\n<p>El tercer sector abarca una gran variedad de organizaciones no gubernamentales, como fundaciones, clubes, mutuales, sociedades de fomento, colectividades, sociedades de beneficencia, entre otros.<\/p>\n\n\n\n<p>Estas organizaciones, sin fines de lucro, son actores importantes que buscan aportar mejoras en distintos \u00e1mbitos: sociales, educativos, sanitarios, humanitarios, medioambientales y de protecci\u00f3n animal, de cooperaci\u00f3n internacional, culturales, art\u00edsticos, deportivos, etc.<\/p>\n\n\n\n<p>Desde que Nacho, fundador y director general de la Compa\u00f1\u00eda, est\u00e1 en Espa\u00f1a comenz\u00f3 a generar lazos con este tipo de organizaciones. Una de ellas es Fundaci\u00f3n A LA PAR y est\u00e1 uniendo la experiencia de ambas partes, en temas vinculados a la inclusi\u00f3n de las personas con discapacidad. \u201c<em>Hoy estoy desarrollando en un espacio de salud mental donde asisten personas con discapacidad intelectual pero que adem\u00e1s tienen algo asociado con el tema conductual o psiqui\u00e1trico. El objetivo del espacio es que ellos, a trav\u00e9s de determinadas t\u00e9cnicas art\u00edsticas y teatrales, puedan canalizar sus emociones, m\u00e1s all\u00e1 de hacer una experiencia art\u00edstica<\/em>\u201d, nos cont\u00f3 Nacho desde Madrid.<\/p>\n\n\n\n<p>Por otro lado, con Fundaci\u00f3n PRODIS, el v\u00ednculo comenz\u00f3 este a\u00f1o y, hace unos d\u00edas, Nacho estuvo con la directora general, Valle O\u00f1ate Dancausa, con la que hizo todo un recorrido por la fundaci\u00f3n y le cont\u00f3 de qu\u00e9 se trata, qu\u00e9 hacen y c\u00f3mo trabaja cada \u00e1rea. \u201c<em>Me impresion\u00f3 todo el trabajo de inclusi\u00f3n laboral que realizan y los recursos con los que cuentan; tienen computadoras y un mont\u00f3n de tecnolog\u00eda de avanzada para potenciar el trabajo de las personas con discapacidad Intelectual y las personas mayores de 21<\/em>\u201d, agreg\u00f3 Nacho.<\/p>\n\n\n\n<p><strong>En el a\u00f1o 2022 Las Ilusiones cre\u00f3 la ONG Despuntado<\/strong>, que surgi\u00f3 a partir de detectar la preocupaci\u00f3n de las familias por la falta de espacios para los j\u00f3venes al finalizar la escolaridad y la escasez de propuestas para fomentar la vida independiente. A partir de esta necesidad se comenz\u00f3 a promover programas de inclusi\u00f3n en pos de la construcci\u00f3n y desarrollo de una vida aut\u00f3noma.<\/p>\n\n\n\n<p>Despuntar, significa, distinguirse mostrando habilidad o buena disposici\u00f3n para ello. Para nuestra ONG, la forma de hacer de manera conjunta, es escuchando, comprendiendo los objetivos de la otra parte y hacer proyectos a medida, en donde ambas partes puedan potenciarse. Hay varias empresas que hoy nos brindan su apoyo, si vos tambi\u00e9n quer\u00e9s colaborar, te dejamos los datos de nuestra cuenta.<\/p>\n\n\n\n<p> Raz\u00f3n social: Asociaci\u00f3n Civil Des<\/p>\n\n\n\n<p>CBU 0170023720000001954089<\/p>\n\n\n\n<p>Cuenta 023-019540\/8<\/p>\n","protected":false},"excerpt":{"rendered":"<p>El 9 de octubre, en Espa\u00f1a se celebr\u00f3 el D\u00eda Nacional del Tercer Sector. Se denomina as\u00ed al sector de la sociedad que no es&hellip;<\/p>\n","protected":false},"author":2,"featured_media":0,"comment_status":"open","ping_status":"open","sticky":false,"template":"","format":"standard","meta":{"_monsterinsights_skip_tracking":false,"_monsterinsights_sitenote_active":false,"_monsterinsights_sitenote_note":"","_monsterinsights_sitenote_category":0,"footnotes":""},"categories":[4],"tags":[],"class_list":["post-2486","post","type-post","status-publish","format-standard","hentry","category-articulo"],"_links":{"self":[{"href":"https:\/\/lasilusiones.com.ar\/blog\/wp-json\/wp\/v2\/posts\/2486","targetHints":{"allow":["GET"]}}],"collection":[{"href":"https:\/\/lasilusiones.com.ar\/blog\/wp-json\/wp\/v2\/posts"}],"about":[{"href":"https:\/\/lasilusiones.com.ar\/blog\/wp-json\/wp\/v2\/types\/post"}],"author":[{"embeddable":true,"href":"https:\/\/lasilusiones.com.ar\/blog\/wp-json\/wp\/v2\/users\/2"}],"replies":[{"embeddable":true,"href":"https:\/\/lasilusiones.com.ar\/blog\/wp-json\/wp\/v2\/comments?post=2486"}],"version-history":[{"count":3,"href":"https:\/\/lasilusiones.com.ar\/blog\/wp-json\/wp\/v2\/posts\/2486\/revisions"}],"predecessor-version":[{"id":2489,"href":"https:\/\/lasilusiones.com.ar\/blog\/wp-json\/wp\/v2\/posts\/2486\/revisions\/2489"}],"wp:attachment":[{"href":"https:\/\/lasilusiones.com.ar\/blog\/wp-json\/wp\/v2\/media?parent=2486"}],"wp:term":[{"taxonomy":"category","embeddable":true,"href":"https:\/\/lasilusiones.com.ar\/blog\/wp-json\/wp\/v2\/categories?post=2486"},{"taxonomy":"post_tag","embeddable":true,"href":"https:\/\/lasilusiones.com.ar\/blog\/wp-json\/wp\/v2\/tags?post=2486"}],"curies":[{"name":"wp","href":"https:\/\/api.w.org\/{rel}","templated":true}]}}