{"id":2492,"date":"2023-11-17T12:14:06","date_gmt":"2023-11-17T15:14:06","guid":{"rendered":"https:\/\/lasilusiones.com.ar\/blog\/?p=2492"},"modified":"2023-11-17T12:40:20","modified_gmt":"2023-11-17T15:40:20","slug":"conociendo-a-nuestra-comunidad-34","status":"publish","type":"post","link":"https:\/\/lasilusiones.com.ar\/blog\/conociendo-a-nuestra-comunidad-34\/","title":{"rendered":"Conociendo a nuestra comunidad"},"content":{"rendered":"\n<p><\/p>\n\n\n\n<p>Arrancamos el finde largo con las palabras de Laura, mam\u00e1 de Malena, artista de la sede Olivos.<\/p>\n\n\n\n<p><em>Mi nombre es Laura, soy la mam\u00e1 de Malena. Ella tiene 22 a\u00f1os y fue un camino largo y complejo que comenz\u00f3 a los 3 a\u00f1os, cuando empez\u00f3 el jard\u00edn. Era un jard\u00edn de barrio, muy sencillo, y el psic\u00f3logo del jard\u00edn que nos coment\u00f3 sobre algunas actitudes de aislamiento y de ciertas cuestiones en el proceso de aprendizaje, nos sugiri\u00f3 hacer consultas. Ah\u00ed empezamos la b\u00fasqueda de profesionales y de un cambio en lo educativo, que no era una cosa menor. Hab\u00eda que buscar un jard\u00edn de infantes con ciertas caracter\u00edsticas, ten\u00eda que ser chico, con pocos chicos para que fuera una cosa m\u00e1s personalizada y as\u00ed pas\u00f3 a un jard\u00edn, tambi\u00e9n de barrio, que fue muy contenedor, con excelentes personas. Fue una etapa de b\u00fasqueda muy angustiante, por lo menos para nosotros como familia, porque est\u00e1bamos muy solos, no ten\u00edamos idea de nada, con mucha incertidumbre pero, siempre nos toc\u00f3 gente muy ocupada y muy contenedora, y eso fue muy importante. Cuando empez\u00f3 primer grado tuvimos que buscar un colegio con integraci\u00f3n, seg\u00fan las indicaciones de los profesionales. Tambi\u00e9n esa fue una etapa de mucha angustia porque hab\u00eda muy pocos lugares y era dif\u00edcil conseguir, pero pudo entrar en el Colegio Horizontes, que tiene una integraci\u00f3n interna y ah\u00ed termin\u00f3 la primaria. Con el diario del lunes, creo que hubi\u00e9ramos tomado otra decisi\u00f3n e ir a otro tipo de colegio, pero bueno, es todo un proceso y en ese momento pens\u00e1bamos que lo mejor era que fuera un colegio com\u00fan, con integraci\u00f3n. El tema social tambi\u00e9n fue muy dif\u00edcil, porque Malena no ten\u00eda amigas all\u00ed y creo que el colegio podr\u00eda haber hecho mucho m\u00e1s y no lo hizo; buscar estrategias. Tampoco tuvimos un grupo de padres, en el colegio primario, que nos ayudaran, as\u00ed como han tenido otros padres de conocidos, que tuvieron la suerte de tener grupos y tambi\u00e9n sus hijos, de mucha ayuda o de colaboraci\u00f3n o muy solidarios. No tuvimos esa experiencia y fue muy duro. Era muy duro ver que a la salida del colegio todas arreglaban para ir a un lugar y a ella no la invitaban, por ejemplo. Entonces, nuestra prioridad a partir de s\u00e9ptimo grado, que ya por las edades se empezaba a complicar la cuesti\u00f3n de los v\u00ednculos, fue lo social. Insisto, para m\u00ed el tema de lo social fue lo m\u00e1s importante; tener un grupo de amigos y no solamente ella, sino como familia, el tener familias con problem\u00e1ticas similares, el poder compartir, fue un antes y un despu\u00e9s. O, por lo menos, fue la experiencia que hemos tenido nosotros. As\u00ed que Male pas\u00f3 al colegio Pringle Morgan<strong>, <\/strong>que es un colegio de recuperaci\u00f3n y all\u00ed la vida se ilumin\u00f3, porque empez\u00f3 a tener un mont\u00f3n de amigos, estaba en un lugar donde ten\u00eda pares, donde se sent\u00eda c\u00f3moda. Fue una etapa fant\u00e1stica para ella y para nosotros porque conocimos familias maravillosas; se armaban redes de informaci\u00f3n, de contenci\u00f3n. Eso fue important\u00edsimo.<\/em><\/p>\n\n\n\n<p><em>A trav\u00e9s de esos grupos de padres nos enteramos de que exist\u00eda la formaci\u00f3n para el empleo en la UCA. Con muchas dudas y miedos, por c\u00f3mo lo iba a vivir y dem\u00e1s, comenz\u00f3 all\u00ed y tambi\u00e9n fue una experiencia de un antes y un despu\u00e9s. Ah\u00ed empez\u00f3 todo el gran camino de la autonom\u00eda, Malena es una chica con muchas ansias de superaci\u00f3n (algo que creo que es bastante com\u00fan en los chicos), es muy responsable, muy comprometida, con muchas ganas de progresar y de ser aut\u00f3noma, de crecer y, a veces, como padres nos cuesta acompa\u00f1ar eso, porque tendemos a sobreproteger. A m\u00ed me ha costado horrores (sobre todo a m\u00ed, a mi marido no le cost\u00f3 tanto) el tema de que se tome un medio de transporte, que vaya sola por la calle; todo ese tipo de cosas me costaba much\u00edsimo manejarlo. Pero bueno, en un momento nos dimos cuenta que hay que soltar y que tiene que hacer su camino, porque los chicos piden eso, piden el crecimiento, piden la autonom\u00eda y piden crecer. Entonces uno tiene que acompa\u00f1ar.<\/em><\/p>\n\n\n\n<div class=\"wp-block-media-text is-stacked-on-mobile\"><figure class=\"wp-block-media-text__media\"><img loading=\"lazy\" decoding=\"async\" width=\"1024\" height=\"1024\" src=\"https:\/\/lasilusiones.com.ar\/blog\/wp-content\/uploads\/2023\/11\/WhatsApp-Image-2023-11-16-at-11.43.37-1024x1024.jpeg\" alt=\"\" class=\"wp-image-2493 size-full\" srcset=\"https:\/\/lasilusiones.com.ar\/blog\/wp-content\/uploads\/2023\/11\/WhatsApp-Image-2023-11-16-at-11.43.37-1024x1024.jpeg 1024w, https:\/\/lasilusiones.com.ar\/blog\/wp-content\/uploads\/2023\/11\/WhatsApp-Image-2023-11-16-at-11.43.37-300x300.jpeg 300w, https:\/\/lasilusiones.com.ar\/blog\/wp-content\/uploads\/2023\/11\/WhatsApp-Image-2023-11-16-at-11.43.37-150x150.jpeg 150w, https:\/\/lasilusiones.com.ar\/blog\/wp-content\/uploads\/2023\/11\/WhatsApp-Image-2023-11-16-at-11.43.37-768x768.jpeg 768w, https:\/\/lasilusiones.com.ar\/blog\/wp-content\/uploads\/2023\/11\/WhatsApp-Image-2023-11-16-at-11.43.37.jpeg 1496w\" sizes=\"auto, (max-width: 1024px) 100vw, 1024px\" \/><\/figure><div class=\"wp-block-media-text__content\">\n<p><em>Hace unos a\u00f1os empez\u00f3 a ir sola a la facultad y  termin\u00f3 la carrera el a\u00f1o pasado. Fue una experiencia maravillosa para ella, de crecimiento impresionante, se dio cuenta que pod\u00eda dar, tener la experiencia de estar en una universidad y todo este tipo de cuestiones que hacen a la autoestima y a la seguridad personal. Es m\u00e1s, la eligieron para dar el discurso final, con lo cual, todo fue muy emocionante, muchos logros y, a nivel acad\u00e9mico, este a\u00f1o comenz\u00f3 en la formaci\u00f3n en Educaci\u00f3n Ambiental, en Cascos Verdes; tambi\u00e9n una muy linda experiencia con amigos.<\/em><\/p>\n<\/div><\/div>\n\n\n\n<p><em>En el medio de esto comenz\u00f3 en Las Ilusiones, con teatro y teatro musical, es un lugar que le fascina. Las Ilusiones es un lugar incre\u00edble, siempre lo digo, en el cual yo aprend\u00ed much\u00edsimo porque siempre me llam\u00f3 mucho la atenci\u00f3n c\u00f3mo los tratan como adultos y\u00a0 para m\u00ed fue un gran ejemplo. Un gran aprendizaje ver la manera c\u00f3mo se comunican, porque yo creo que hay una gran tendencia a esto de la sobreprotecci\u00f3n y a no tratarlos como adultos, cuando son adultos. Hay que tomar un poco de conciencia de eso, de c\u00f3mo se les habla, de las cosas que se dicen, por ejemplo, es muy com\u00fan decir \u201cla nena\u201d; y ya no son nenas.\u00a0<\/em><\/p>\n\n\n\n<p><em><strong>Siempre hay que apostar por m\u00e1s, siempre tener expectativas, me parece lo m\u00e1s importante. Porque lo que pueden ellos es mucho m\u00e1s de lo que uno cree y mucho m\u00e1s de lo que uno apuesta. A m\u00ed Male me ha ense\u00f1ado eso, que pueden mucho m\u00e1s y que hay que estar abiertos, hay que escuchar mucho y siempre apostar, apostar por m\u00e1s y que nadie nos diga el techo de lo que un hijo puede dar. Lo importante es desarrollar todo lo que pueden, porque pueden un mont\u00f3n. <\/strong>Por ejemplo, Male, adem\u00e1s de sus actividades, empez\u00f3 a trabajar en una parrilla y a ella le encanta, porque es muy sociable y le gusta el v\u00ednculo con la gente. Fue a trav\u00e9s de un de un conocido nuestro, una persona muy generosa, muy abierta, muy emp\u00e1tica, que no es com\u00fan tampoco encontrar, que le dio la posibilidad de trabajar all\u00ed. Va dos veces por semana y eso la hace muy feliz y ha sido un crecimiento incre\u00edble y hay gente maravillosa en ese lugar. Salvo al comienzo, siempre nos hemos encontrado con gente muy c\u00e1lida, muy abierta, no hemos vivido esa cuesti\u00f3n de que la marginen o que la discriminen.\u00a0<\/em><\/p>\n\n\n\n<p><em>Ahora empez\u00f3 un curso de camarera en el Gobierno de la Ciudad, no era un curso adaptado y yo dije \u201cbueno, vamos a ver c\u00f3mo anda\u201d y anda fant\u00e1stico. Creo que, socialmente, hay cada vez m\u00e1s espacios que integran hay, much\u00edsimas actividades inclusivas, cuestiones de formaci\u00f3n, cosa que veo muy gratamente y hay que ir por m\u00e1s todav\u00eda. Creo que falta el tema de la inclusi\u00f3n laboral, pero hay muchos lugares para mandar curr\u00edculums y, <strong>si bien es un camino dif\u00edcil, es muy gratificante cuando uno ve los logros, sean en el nivel que tenga cada uno, todos, absolutamente todos, pueden.\u00a0<\/strong><\/em><\/p>\n\n\n<div class=\"wp-block-image\">\n<figure class=\"aligncenter size-full is-resized\"><img loading=\"lazy\" decoding=\"async\" width=\"757\" height=\"734\" src=\"https:\/\/lasilusiones.com.ar\/blog\/wp-content\/uploads\/2023\/11\/WhatsApp-Image-2023-11-16-at-11.40.02.jpeg\" alt=\"\" class=\"wp-image-2494\" style=\"aspect-ratio:1.0313351498637602;width:601px;height:auto\" srcset=\"https:\/\/lasilusiones.com.ar\/blog\/wp-content\/uploads\/2023\/11\/WhatsApp-Image-2023-11-16-at-11.40.02.jpeg 757w, https:\/\/lasilusiones.com.ar\/blog\/wp-content\/uploads\/2023\/11\/WhatsApp-Image-2023-11-16-at-11.40.02-300x291.jpeg 300w\" sizes=\"auto, (max-width: 757px) 100vw, 757px\" \/><\/figure>\n<\/div>\n\n\n<p class=\"has-text-align-center has-regular-font-size\"><strong>\u00a1Gracias Laura por tan hermoso testimonio!<\/strong><\/p>\n","protected":false},"excerpt":{"rendered":"<p>Arrancamos el finde largo con las palabras de Laura, mam\u00e1 de Malena, artista de la sede Olivos. Mi nombre es Laura, soy la mam\u00e1 de&hellip;<\/p>\n","protected":false},"author":2,"featured_media":1973,"comment_status":"open","ping_status":"open","sticky":false,"template":"","format":"standard","meta":{"_monsterinsights_skip_tracking":false,"_monsterinsights_sitenote_active":false,"_monsterinsights_sitenote_note":"","_monsterinsights_sitenote_category":0,"footnotes":""},"categories":[4],"tags":[],"class_list":["post-2492","post","type-post","status-publish","format-standard","has-post-thumbnail","hentry","category-articulo"],"_links":{"self":[{"href":"https:\/\/lasilusiones.com.ar\/blog\/wp-json\/wp\/v2\/posts\/2492","targetHints":{"allow":["GET"]}}],"collection":[{"href":"https:\/\/lasilusiones.com.ar\/blog\/wp-json\/wp\/v2\/posts"}],"about":[{"href":"https:\/\/lasilusiones.com.ar\/blog\/wp-json\/wp\/v2\/types\/post"}],"author":[{"embeddable":true,"href":"https:\/\/lasilusiones.com.ar\/blog\/wp-json\/wp\/v2\/users\/2"}],"replies":[{"embeddable":true,"href":"https:\/\/lasilusiones.com.ar\/blog\/wp-json\/wp\/v2\/comments?post=2492"}],"version-history":[{"count":7,"href":"https:\/\/lasilusiones.com.ar\/blog\/wp-json\/wp\/v2\/posts\/2492\/revisions"}],"predecessor-version":[{"id":2501,"href":"https:\/\/lasilusiones.com.ar\/blog\/wp-json\/wp\/v2\/posts\/2492\/revisions\/2501"}],"wp:featuredmedia":[{"embeddable":true,"href":"https:\/\/lasilusiones.com.ar\/blog\/wp-json\/wp\/v2\/media\/1973"}],"wp:attachment":[{"href":"https:\/\/lasilusiones.com.ar\/blog\/wp-json\/wp\/v2\/media?parent=2492"}],"wp:term":[{"taxonomy":"category","embeddable":true,"href":"https:\/\/lasilusiones.com.ar\/blog\/wp-json\/wp\/v2\/categories?post=2492"},{"taxonomy":"post_tag","embeddable":true,"href":"https:\/\/lasilusiones.com.ar\/blog\/wp-json\/wp\/v2\/tags?post=2492"}],"curies":[{"name":"wp","href":"https:\/\/api.w.org\/{rel}","templated":true}]}}