{"id":2509,"date":"2023-11-24T11:51:15","date_gmt":"2023-11-24T14:51:15","guid":{"rendered":"https:\/\/lasilusiones.com.ar\/blog\/?p=2509"},"modified":"2023-11-24T12:03:32","modified_gmt":"2023-11-24T15:03:32","slug":"conociendo-a-nuestra-comunidad-35","status":"publish","type":"post","link":"https:\/\/lasilusiones.com.ar\/blog\/conociendo-a-nuestra-comunidad-35\/","title":{"rendered":"Conociendo a nuestra comunidad"},"content":{"rendered":"\n<p>\u00daltimo viernes del mes, con la historia de Ale, artista de la sede Lan\u00fas, a trav\u00e9s de las palabras y vivencias de Patricia, su mam\u00e1.<\/p>\n\n\n\n<p><em>Cuando naci\u00f3 Alejandro vivimos el shock que viven la mayor\u00eda de las familias con la noticia. No sab\u00edamos que \u00edbamos<\/em> <em>a tener un hijo con S\u00edndrome de Down, no ten\u00edamos ning\u00fan conocido ni ning\u00fan familiar ni allegado con esa condici\u00f3n. As\u00ed que fue como el abismo, no saber a d\u00f3nde est\u00e1bamos parados. Por suerte nos dur\u00f3 muy poquito el shock, porque vino a vernos a la cl\u00ednica una persona de ASDRA y nos cont\u00f3 de su hija, nos habl\u00f3 como padres y, la verdad, nos ayud\u00f3 un mont\u00f3n. Tambi\u00e9n yo tuve mucha contenci\u00f3n de mi obstetra y del pediatra, que era el mismo de mi hija de Melisa, que tambi\u00e9n me habl\u00f3; fueron muy contenedores todos, con lo cual, pudimos salir adelante y muy pronto <strong>entendimos que era un hijo m\u00e1s, y que \u00edbamos a tener que tener m\u00e1s paciencia y respetar sus tiempos. <\/strong>Empezamos con estimulaci\u00f3n temprana y, como Alejandro naci\u00f3 con muy buena salud, tuvo s\u00f3lo las cosas habituales de cualquier ni\u00f1o. Fue desarroll\u00e1ndose con sus tiempos de gateo, camin\u00f3 al a\u00f1o y medio, comenz\u00f3 a hablar sus primeras palabras a los 2 a\u00f1os y medio y as\u00ed fue transcurriendo su ni\u00f1ez. Pudimos ir a un jard\u00edn integrado, donde hab\u00eda ido mi hija mayor y lo integraron de manera excelente, nos recomendaron que repitiera el preescolar y eso ayud\u00f3 a que ingresara a primer grado un poquito m\u00e1s maduro. En segundo grado lo cambiamos a una escuela que ten\u00eda un proyecto de integraci\u00f3n parcial, el Instituto Tognoni, donde hizo toda la primaria y cuando termin\u00f3, hicimos una integraci\u00f3n parcial en una secundaria que coordinaba con el Instituto. Ah\u00ed en el Esp\u00edritu Santo hizo la secundaria (o lo que ellos llaman post primario) y luego de esos 5 a\u00f1os hizo el \u201ctercer tiempo\u201d, que era una propuesta de 3 a\u00f1os posteriores a la escuela secundaria, sin llegar a ser un terciario. Luego lo notamos en Cascos Verdes, donde se recibi\u00f3 de Educador Ambiental, hizo algunas pr\u00e1cticas laborales y luego, la formaci\u00f3n laboral de la UCA.<\/em><\/p>\n\n\n\n<div class=\"wp-block-media-text is-stacked-on-mobile\" style=\"grid-template-columns:40% auto\"><figure class=\"wp-block-media-text__media\"><img loading=\"lazy\" decoding=\"async\" width=\"461\" height=\"1024\" src=\"https:\/\/lasilusiones.com.ar\/blog\/wp-content\/uploads\/2023\/11\/WhatsApp-Image-2023-11-21-at-13.37.44-461x1024.jpeg\" alt=\"\" class=\"wp-image-2513 size-full\" srcset=\"https:\/\/lasilusiones.com.ar\/blog\/wp-content\/uploads\/2023\/11\/WhatsApp-Image-2023-11-21-at-13.37.44-461x1024.jpeg 461w, https:\/\/lasilusiones.com.ar\/blog\/wp-content\/uploads\/2023\/11\/WhatsApp-Image-2023-11-21-at-13.37.44-135x300.jpeg 135w, https:\/\/lasilusiones.com.ar\/blog\/wp-content\/uploads\/2023\/11\/WhatsApp-Image-2023-11-21-at-13.37.44.jpeg 576w\" sizes=\"auto, (max-width: 461px) 100vw, 461px\" \/><\/figure><div class=\"wp-block-media-text__content\">\n<p class=\"has-regular-font-size\"><em>Durante ese tiempo fue sumando distintos aprendizajes, como la escritura perfecta, y fue trabajando algunas de sus dificultades, con las matem\u00e1ticas, por ejemplo (eso sigue siendo hasta el d\u00eda de hoy). Seguimos siempre ense\u00f1\u00e1ndole para que pueda manejar el dinero, para que pueda entender si le alcanza la plata si va a comprar o a tomar algo con un amigo, cu\u00e1nto puede gastar en funci\u00f3n de lo que lleva, etc. <strong>Creci\u00f3 en su autonom\u00eda, aprendi\u00f3 a viajar solo <\/strong>(nosotros vivimos en Lan\u00fas as\u00ed que tomaba dos colectivos para ir a cursar) y eso sirvi\u00f3 un mont\u00f3n porque es el d\u00eda de hoy que tiene incorporados algunos trayectos donde se maneja con total autonom\u00eda y sabe manejarse en la calle; le ha pasado de perderse por bajarse mal del colectivo pero sabe dirigirse a una persona y preguntar d\u00f3nde est\u00e1 y c\u00f3mo llegar a un determinado lugar.<\/em><\/p>\n\n\n\n<p><em>Desde lo art\u00edstico, empez\u00f3 en Las Ilusiones primero en la sede de CABA, as\u00ed que viajaba solo hasta ah\u00ed y cuando se abri\u00f3 la sede en Lan\u00fas se cambi\u00f3.<\/em><\/p>\n\n\n\n<p class=\"has-small-font-size\">En la foto, con su sobrina Julieta<\/p>\n<\/div><\/div>\n\n\n\n<div class=\"wp-block-media-text has-media-on-the-right is-stacked-on-mobile\"><div class=\"wp-block-media-text__content\">\n<p><em>Hizo teatro, teatro musical y en la pandemia descubrimos que le gustaba mucho hacer actividad f\u00edsica, as\u00ed que comenzamos a hacer gimnasia en casa. Luego lo anotamos en el Club Lan\u00fas donde <strong>comenz\u00f3 con atletismo con un equipo de profesores incre\u00edbles, que lo han integrado en un grupo de j\u00f3venes sin discapacidad,<\/strong> hace carreras, salto de vallas, salto en largo, lanzamiento de bala y ha participado de los Juegos Bonaerenses. La verdad es que tiene un compromiso incre\u00edble con el atletismo, le gusta con locura y entrena tres veces por semana. Adem\u00e1s, los s\u00e1bados por la ma\u00f1ana est\u00e1 trabajando en el club como asistente de Redes, que es un grupo de educaci\u00f3n f\u00edsica para chicos con discapacidad, que son los m\u00e1s peque\u00f1os<\/em>.<\/p>\n<\/div><figure class=\"wp-block-media-text__media\"><img loading=\"lazy\" decoding=\"async\" width=\"1024\" height=\"461\" src=\"https:\/\/lasilusiones.com.ar\/blog\/wp-content\/uploads\/2023\/11\/WhatsApp-Image-2023-11-21-at-13.41.43-1024x461.jpeg\" alt=\"\" class=\"wp-image-2511 size-full\" srcset=\"https:\/\/lasilusiones.com.ar\/blog\/wp-content\/uploads\/2023\/11\/WhatsApp-Image-2023-11-21-at-13.41.43-1024x461.jpeg 1024w, https:\/\/lasilusiones.com.ar\/blog\/wp-content\/uploads\/2023\/11\/WhatsApp-Image-2023-11-21-at-13.41.43-300x135.jpeg 300w, https:\/\/lasilusiones.com.ar\/blog\/wp-content\/uploads\/2023\/11\/WhatsApp-Image-2023-11-21-at-13.41.43-768x346.jpeg 768w, https:\/\/lasilusiones.com.ar\/blog\/wp-content\/uploads\/2023\/11\/WhatsApp-Image-2023-11-21-at-13.41.43-1536x692.jpeg 1536w, https:\/\/lasilusiones.com.ar\/blog\/wp-content\/uploads\/2023\/11\/WhatsApp-Image-2023-11-21-at-13.41.43.jpeg 1600w\" sizes=\"auto, (max-width: 1024px) 100vw, 1024px\" \/><\/figure><\/div>\n\n\n\n<p><em>Para sumar a su recorrido, en el 2014, a trav\u00e9s de Cinthia, conocimos a Magomi, que quer\u00eda incorporar un asistente a su show de magia. Nos preguntaron si nos interesaba la posibilidad de que Ale fuera su asistente, poniendo m\u00fasica, alcanzando los elementos. Cuando empezaron a trabajar juntos Omi descubri\u00f3 que Ale ten\u00eda facilidad para aprender los juegos de magia y lo transform\u00f3 en mago. <\/em><\/p>\n\n\n\n<div class=\"wp-block-media-text is-stacked-on-mobile\"><figure class=\"wp-block-media-text__media\"><img loading=\"lazy\" decoding=\"async\" width=\"768\" height=\"1024\" src=\"https:\/\/lasilusiones.com.ar\/blog\/wp-content\/uploads\/2023\/11\/WhatsApp-Image-2023-11-21-at-13.42.23-768x1024.jpeg\" alt=\"\" class=\"wp-image-2514 size-full\" srcset=\"https:\/\/lasilusiones.com.ar\/blog\/wp-content\/uploads\/2023\/11\/WhatsApp-Image-2023-11-21-at-13.42.23-768x1024.jpeg 768w, https:\/\/lasilusiones.com.ar\/blog\/wp-content\/uploads\/2023\/11\/WhatsApp-Image-2023-11-21-at-13.42.23-225x300.jpeg 225w, https:\/\/lasilusiones.com.ar\/blog\/wp-content\/uploads\/2023\/11\/WhatsApp-Image-2023-11-21-at-13.42.23-1152x1536.jpeg 1152w, https:\/\/lasilusiones.com.ar\/blog\/wp-content\/uploads\/2023\/11\/WhatsApp-Image-2023-11-21-at-13.42.23.jpeg 1200w\" sizes=\"auto, (max-width: 768px) 100vw, 768px\" \/><\/figure><div class=\"wp-block-media-text__content\">\n<p><em>As\u00ed surgi\u00f3 Magia Inclusiva, donde han hecho una experiencia incre\u00edble, montando un espect\u00e1culo que tuvo un \u00e9xito tanto nivel nacional como internacional. Fueron reconocidos por el Ministerio de Cultura de la Naci\u00f3n, recibieron un mont\u00f3n de nominaciones y premios en distintos lugares, Ale fue reconocido como personaje destacado de la Ciudad de Lan\u00fas, entre otras menciones. Adem\u00e1s, han viajado por Espa\u00f1a, Chile, como tambi\u00e9n por distintas provincias. Para Alejandro, Magia Inclusiva significa muchas cosas, es, fundamentalmente, un trabajo en el cual gana dinero con los shows, lo que le ha permitido ahorrar, irse de vacaciones con amigos o ir a merendar con un amigo. As\u00ed que fue de una gran relevancia porque le permiti\u00f3 crecer y valorar lo que \u00e9l hace, y todo su compromiso para cumplir con los shows, ser amable con la gente; fue todo un aprendizaje.\u00a0<\/em><\/p>\n<\/div><\/div>\n\n\n\n<p><em>Desde que Ale naci\u00f3 tuvimos el apoyo de toda la familia, todos lo sumaron como uno m\u00e1s y lo trataron como uno m\u00e1s; fue muy importante eso. Luego, naci\u00f3 su hermano menor y eran como mellizos (porque se llevan casi un a\u00f1o y 20 meses) y para su hermana mayor, Melisa, (que se llevan cinco a\u00f1os) era un juego estar con \u00e9l, estimularlo le sal\u00eda espont\u00e1neamente. As\u00ed que desde el lado de la familia, abuelos, t\u00edos, todos fueron realmente muy muy buenos con Ale, eso fue lo que \u00e9l recibi\u00f3, la contenci\u00f3n familiar.<\/em><\/p>\n\n\n<div class=\"wp-block-image\">\n<figure class=\"aligncenter size-large\"><img loading=\"lazy\" decoding=\"async\" width=\"1024\" height=\"768\" src=\"https:\/\/lasilusiones.com.ar\/blog\/wp-content\/uploads\/2023\/11\/WhatsApp-Image-2023-11-21-at-13.34.01-1024x768.jpeg\" alt=\"\" class=\"wp-image-2512\" srcset=\"https:\/\/lasilusiones.com.ar\/blog\/wp-content\/uploads\/2023\/11\/WhatsApp-Image-2023-11-21-at-13.34.01-1024x768.jpeg 1024w, https:\/\/lasilusiones.com.ar\/blog\/wp-content\/uploads\/2023\/11\/WhatsApp-Image-2023-11-21-at-13.34.01-300x225.jpeg 300w, https:\/\/lasilusiones.com.ar\/blog\/wp-content\/uploads\/2023\/11\/WhatsApp-Image-2023-11-21-at-13.34.01-768x576.jpeg 768w, https:\/\/lasilusiones.com.ar\/blog\/wp-content\/uploads\/2023\/11\/WhatsApp-Image-2023-11-21-at-13.34.01-1536x1152.jpeg 1536w, https:\/\/lasilusiones.com.ar\/blog\/wp-content\/uploads\/2023\/11\/WhatsApp-Image-2023-11-21-at-13.34.01.jpeg 1600w\" sizes=\"auto, (max-width: 1024px) 100vw, 1024px\" \/><\/figure>\n<\/div>\n\n\n<p class=\"has-text-align-center has-regular-font-size\">\u00a1Gracias Patricia por tan hermoso recorrido de vida!<\/p>\n","protected":false},"excerpt":{"rendered":"<p>\u00daltimo viernes del mes, con la historia de Ale, artista de la sede Lan\u00fas, a trav\u00e9s de las palabras y vivencias de Patricia, su mam\u00e1.&hellip;<\/p>\n","protected":false},"author":2,"featured_media":1973,"comment_status":"open","ping_status":"open","sticky":false,"template":"","format":"standard","meta":{"_monsterinsights_skip_tracking":false,"_monsterinsights_sitenote_active":false,"_monsterinsights_sitenote_note":"","_monsterinsights_sitenote_category":0,"footnotes":""},"categories":[4],"tags":[],"class_list":["post-2509","post","type-post","status-publish","format-standard","has-post-thumbnail","hentry","category-articulo"],"_links":{"self":[{"href":"https:\/\/lasilusiones.com.ar\/blog\/wp-json\/wp\/v2\/posts\/2509","targetHints":{"allow":["GET"]}}],"collection":[{"href":"https:\/\/lasilusiones.com.ar\/blog\/wp-json\/wp\/v2\/posts"}],"about":[{"href":"https:\/\/lasilusiones.com.ar\/blog\/wp-json\/wp\/v2\/types\/post"}],"author":[{"embeddable":true,"href":"https:\/\/lasilusiones.com.ar\/blog\/wp-json\/wp\/v2\/users\/2"}],"replies":[{"embeddable":true,"href":"https:\/\/lasilusiones.com.ar\/blog\/wp-json\/wp\/v2\/comments?post=2509"}],"version-history":[{"count":13,"href":"https:\/\/lasilusiones.com.ar\/blog\/wp-json\/wp\/v2\/posts\/2509\/revisions"}],"predecessor-version":[{"id":2526,"href":"https:\/\/lasilusiones.com.ar\/blog\/wp-json\/wp\/v2\/posts\/2509\/revisions\/2526"}],"wp:featuredmedia":[{"embeddable":true,"href":"https:\/\/lasilusiones.com.ar\/blog\/wp-json\/wp\/v2\/media\/1973"}],"wp:attachment":[{"href":"https:\/\/lasilusiones.com.ar\/blog\/wp-json\/wp\/v2\/media?parent=2509"}],"wp:term":[{"taxonomy":"category","embeddable":true,"href":"https:\/\/lasilusiones.com.ar\/blog\/wp-json\/wp\/v2\/categories?post=2509"},{"taxonomy":"post_tag","embeddable":true,"href":"https:\/\/lasilusiones.com.ar\/blog\/wp-json\/wp\/v2\/tags?post=2509"}],"curies":[{"name":"wp","href":"https:\/\/api.w.org\/{rel}","templated":true}]}}