{"id":2528,"date":"2023-11-30T01:10:23","date_gmt":"2023-11-30T04:10:23","guid":{"rendered":"https:\/\/lasilusiones.com.ar\/blog\/?p=2528"},"modified":"2023-11-30T01:10:23","modified_gmt":"2023-11-30T04:10:23","slug":"30-de-noviembre-dia-del-teatro-nacional","status":"publish","type":"post","link":"https:\/\/lasilusiones.com.ar\/blog\/30-de-noviembre-dia-del-teatro-nacional\/","title":{"rendered":"30 de noviembre: D\u00eda del Teatro Nacional"},"content":{"rendered":"\n<p>Esta fecha fue establecida para conmemorar la inauguraci\u00f3n del\u00a0<strong>Teatro de la Rancher\u00eda<\/strong>, en 1783. Estaba ubicado en la intersecci\u00f3n de las actuales calles Alsina y Per\u00fa y fue el primer espacio donde se representaron piezas dram\u00e1ticas en Buenos Aires.<\/p>\n\n\n\n<p>Parte del elenco de &#8220;El Gran Burgu\u00e9s&#8221;, obra de la sede CABA estrenada en 2017 y que tuvo varias presentaciones este a\u00f1o, nos cont\u00f3 qu\u00e9 es para ellos el teatro, qu\u00e9 les gusta y por qu\u00e9 es importante en sus vidas.<\/p>\n\n\n\n<p>&#8220;<em>El teatro, para m\u00ed, es todo lo que est\u00e1 bien. Me siento feliz, me siento vivo gracias al teatro. Hoy estoy haciendo algo que me encanta hacer. Hago trato desde chiquito, lo llevo en la sangre. Amo el teatro, es m\u00ed vida<\/em>&#8220;. <strong>&#8211;<\/strong> <strong>Santi Demarco<\/strong>.<\/p>\n\n\n\n<p>&#8220;<em>Para m\u00ed es importante el teatro porque es mi lugar en el mundo, es lo que me gusta desde chico y es como mi segunda casa. Adem\u00e1s, puedo expresarme, trabajar en equipo y compartirlo con buenas personas, que es mucho mejor. Amo el teatro, es lo que me hace feliz<\/em>&#8220;. <strong>&#8211; Jorge Maxi Ortiz<\/strong><\/p>\n\n\n\n<p>&#8220;<em>El teatro es un arte que te permite ser m\u00e1s expresivo con tu cuerpo y te pod\u00e9s explayar m\u00e1s. Es un trabajo por el que  los artistas recibimos nuestro propio dinero y, <em>al mismo tiempo<\/em><\/em>, <em>es un hobbie . Me encanta actuar, hacer personajes y olvidar por momentos que soy yo. Significa tiempo de liberarse, de hacer lo que nos gusta, de trabajo de compromiso, de empatizar con los dem\u00e1s artistas y formar un buen v\u00ednculo<\/em>&#8220;. <strong>&#8211; Mili Gonz\u00e1lez Llanos<\/strong><\/p>\n\n\n\n<p>&#8220;<em>Es una disciplina que me encanta pero, para mi, tambi\u00e9n es terap\u00e9utico. Si tengo un mal d\u00eda o tengo un problema, voy a un ensayo o me subo al escenario y me olvido de todo eso, porque al meterse en el personaje, en el mundo de la obra, uno se sumerge en eso y ya no es la persona con el problema sino el personaje que est\u00e1 interpretando, jugando. Hay que hacerlo as\u00ed para que sea lindo para el p\u00fablico que lo ve y para uno mismo. Lo lindo del teatro es que te rod\u00e9as de personas que te moldean, el elenco que te acompa\u00f1a te ayuda a ser mejor persona y a crecer cada vez m\u00e1s. Es un combo, uno adem\u00e1s de darle algo a la gente, tambi\u00e9n recibe<\/em>&#8220;. <strong>&#8211; Fer Pacheco<\/strong><\/p>\n\n\n\n<figure class=\"wp-block-gallery aligncenter has-nested-images columns-default is-cropped wp-block-gallery-1 is-layout-flex wp-block-gallery-is-layout-flex\">\n<figure class=\"wp-block-image size-large\"><img loading=\"lazy\" decoding=\"async\" width=\"1024\" height=\"1012\" data-id=\"2529\" src=\"https:\/\/lasilusiones.com.ar\/blog\/wp-content\/uploads\/2023\/11\/WhatsApp-Image-2023-11-30-at-01.09.09-1024x1012.jpeg\" alt=\"\" class=\"wp-image-2529\" srcset=\"https:\/\/lasilusiones.com.ar\/blog\/wp-content\/uploads\/2023\/11\/WhatsApp-Image-2023-11-30-at-01.09.09-1024x1012.jpeg 1024w, https:\/\/lasilusiones.com.ar\/blog\/wp-content\/uploads\/2023\/11\/WhatsApp-Image-2023-11-30-at-01.09.09-300x296.jpeg 300w, https:\/\/lasilusiones.com.ar\/blog\/wp-content\/uploads\/2023\/11\/WhatsApp-Image-2023-11-30-at-01.09.09-768x759.jpeg 768w, https:\/\/lasilusiones.com.ar\/blog\/wp-content\/uploads\/2023\/11\/WhatsApp-Image-2023-11-30-at-01.09.09.jpeg 1080w\" sizes=\"auto, (max-width: 1024px) 100vw, 1024px\" \/><\/figure>\n\n\n\n<figure class=\"wp-block-image size-large\"><img loading=\"lazy\" decoding=\"async\" width=\"1024\" height=\"1012\" data-id=\"2530\" src=\"https:\/\/lasilusiones.com.ar\/blog\/wp-content\/uploads\/2023\/11\/WhatsApp-Image-2023-11-30-at-01.09.23-1024x1012.jpeg\" alt=\"\" class=\"wp-image-2530\" srcset=\"https:\/\/lasilusiones.com.ar\/blog\/wp-content\/uploads\/2023\/11\/WhatsApp-Image-2023-11-30-at-01.09.23-1024x1012.jpeg 1024w, https:\/\/lasilusiones.com.ar\/blog\/wp-content\/uploads\/2023\/11\/WhatsApp-Image-2023-11-30-at-01.09.23-300x296.jpeg 300w, https:\/\/lasilusiones.com.ar\/blog\/wp-content\/uploads\/2023\/11\/WhatsApp-Image-2023-11-30-at-01.09.23-768x759.jpeg 768w, https:\/\/lasilusiones.com.ar\/blog\/wp-content\/uploads\/2023\/11\/WhatsApp-Image-2023-11-30-at-01.09.23.jpeg 1080w\" sizes=\"auto, (max-width: 1024px) 100vw, 1024px\" \/><\/figure>\n\n\n\n<figure class=\"wp-block-image size-large\"><img loading=\"lazy\" decoding=\"async\" width=\"1024\" height=\"1007\" data-id=\"2531\" src=\"https:\/\/lasilusiones.com.ar\/blog\/wp-content\/uploads\/2023\/11\/WhatsApp-Image-2023-11-30-at-01.08.56-1024x1007.jpeg\" alt=\"\" class=\"wp-image-2531\" srcset=\"https:\/\/lasilusiones.com.ar\/blog\/wp-content\/uploads\/2023\/11\/WhatsApp-Image-2023-11-30-at-01.08.56-1024x1007.jpeg 1024w, https:\/\/lasilusiones.com.ar\/blog\/wp-content\/uploads\/2023\/11\/WhatsApp-Image-2023-11-30-at-01.08.56-300x295.jpeg 300w, https:\/\/lasilusiones.com.ar\/blog\/wp-content\/uploads\/2023\/11\/WhatsApp-Image-2023-11-30-at-01.08.56-768x755.jpeg 768w, https:\/\/lasilusiones.com.ar\/blog\/wp-content\/uploads\/2023\/11\/WhatsApp-Image-2023-11-30-at-01.08.56.jpeg 1080w\" sizes=\"auto, (max-width: 1024px) 100vw, 1024px\" \/><\/figure>\n<\/figure>\n\n\n\n<p class=\"has-text-align-center\"><strong>Y para vos que nos le\u00e9s \u00bfqu\u00e9 es el teatro?<\/strong><\/p>\n","protected":false},"excerpt":{"rendered":"<p>Esta fecha fue establecida para conmemorar la inauguraci\u00f3n del\u00a0Teatro de la Rancher\u00eda, en 1783. Estaba ubicado en la intersecci\u00f3n de las actuales calles Alsina y&hellip;<\/p>\n","protected":false},"author":2,"featured_media":0,"comment_status":"open","ping_status":"open","sticky":false,"template":"","format":"standard","meta":{"_monsterinsights_skip_tracking":false,"_monsterinsights_sitenote_active":false,"_monsterinsights_sitenote_note":"","_monsterinsights_sitenote_category":0,"footnotes":""},"categories":[4],"tags":[],"class_list":["post-2528","post","type-post","status-publish","format-standard","hentry","category-articulo"],"_links":{"self":[{"href":"https:\/\/lasilusiones.com.ar\/blog\/wp-json\/wp\/v2\/posts\/2528","targetHints":{"allow":["GET"]}}],"collection":[{"href":"https:\/\/lasilusiones.com.ar\/blog\/wp-json\/wp\/v2\/posts"}],"about":[{"href":"https:\/\/lasilusiones.com.ar\/blog\/wp-json\/wp\/v2\/types\/post"}],"author":[{"embeddable":true,"href":"https:\/\/lasilusiones.com.ar\/blog\/wp-json\/wp\/v2\/users\/2"}],"replies":[{"embeddable":true,"href":"https:\/\/lasilusiones.com.ar\/blog\/wp-json\/wp\/v2\/comments?post=2528"}],"version-history":[{"count":1,"href":"https:\/\/lasilusiones.com.ar\/blog\/wp-json\/wp\/v2\/posts\/2528\/revisions"}],"predecessor-version":[{"id":2532,"href":"https:\/\/lasilusiones.com.ar\/blog\/wp-json\/wp\/v2\/posts\/2528\/revisions\/2532"}],"wp:attachment":[{"href":"https:\/\/lasilusiones.com.ar\/blog\/wp-json\/wp\/v2\/media?parent=2528"}],"wp:term":[{"taxonomy":"category","embeddable":true,"href":"https:\/\/lasilusiones.com.ar\/blog\/wp-json\/wp\/v2\/categories?post=2528"},{"taxonomy":"post_tag","embeddable":true,"href":"https:\/\/lasilusiones.com.ar\/blog\/wp-json\/wp\/v2\/tags?post=2528"}],"curies":[{"name":"wp","href":"https:\/\/api.w.org\/{rel}","templated":true}]}}