{"id":2533,"date":"2023-12-01T08:02:40","date_gmt":"2023-12-01T11:02:40","guid":{"rendered":"https:\/\/lasilusiones.com.ar\/blog\/?p=2533"},"modified":"2023-12-01T08:25:53","modified_gmt":"2023-12-01T11:25:53","slug":"conociendo-a-nuestra-comunidad-36","status":"publish","type":"post","link":"https:\/\/lasilusiones.com.ar\/blog\/conociendo-a-nuestra-comunidad-36\/","title":{"rendered":"Conociendo a nuestra comunidad"},"content":{"rendered":"\n<p>\u00daltimo viernes del \u00faltimo mes del a\u00f1o. Compartimos con ustedes la historia que nos trae Silvana, mam\u00e1 de Luli, artista de Lan\u00fas. <\/p>\n\n\n\n<p class=\"has-regular-font-size\"><em>Soy Silvana, mam\u00e1 de Luciana, todos la conocen como <strong>Luli<\/strong>. Les cuento que Luli naci\u00f3 en el s\u00e9ptimo mes de gestaci\u00f3n, era muy chiquita, pes\u00f3 1,450 kg. Al nacer supimos que ten\u00eda una &#8220;alteraci\u00f3n gen\u00e9tica&#8221; (as\u00ed nos dijo la neonat\u00f3loga) que, obviamente, se confirm\u00f3 como trisom\u00eda 21. La noticia nos sorprendi\u00f3 mucho porque en ning\u00fan momento se sospechaba y sent\u00ed que el mundo se me ven\u00eda encima. Empec\u00e9 a preguntarme una y otra vez &#8220;\u00bfpor qu\u00e9 a m\u00ed?&#8221;, ese interrogante que tambi\u00e9n le pas\u00f3 a muchas mamis que pasamos por esto. Luli me necesitaba as\u00ed que hab\u00eda que pensar cu\u00e1l ser\u00eda su futuro, hablar con los hermanos y contarles la verdad. No me fue f\u00e1cil recorrer m\u00e9dicos y hospitales. Ahora puedo decir que es una hija muy feliz, que <strong>sin ella no ser\u00edamos nosotros como familia<\/strong>.<\/em><\/p>\n\n\n\n<p class=\"has-regular-font-size\"><em>Luli estuvo integrada en un jard\u00edn hasta que nos aconsejaron que pase una escuela especial y as\u00ed hasta el 2015, luego de su breve enfermedad (estuvo internada 62 d\u00edas), decidimos cambiar el plan escolar y buscar mejores opciones. para ella. En 2016 comenz\u00f3 en una escuela nueva (CEEP) y, por recomendaci\u00f3n de una amiga, empez\u00f3 teatro en Las Ilusiones. Antes, en el 2013 hab\u00eda comenzado en la Comunidad Gu\u00eda N\u00famero 56, en la Colonia Mariposas, un grupo hermoso, inclusivo, donde aprenden a vivir de la naturaleza, la supervivencia y logran valores humanos como la solidaridad, la empat\u00eda y ayudar al pr\u00f3jimo.<\/em><\/p>\n\n\n\n<figure class=\"wp-block-gallery has-nested-images columns-default is-cropped wp-block-gallery-1 is-layout-flex wp-block-gallery-is-layout-flex\">\n<figure class=\"wp-block-image size-large\"><img loading=\"lazy\" decoding=\"async\" width=\"768\" height=\"1024\" data-id=\"2534\" src=\"https:\/\/lasilusiones.com.ar\/blog\/wp-content\/uploads\/2023\/12\/WhatsApp-Image-2023-11-29-at-18.36.05-768x1024.jpeg\" alt=\"\" class=\"wp-image-2534\" srcset=\"https:\/\/lasilusiones.com.ar\/blog\/wp-content\/uploads\/2023\/12\/WhatsApp-Image-2023-11-29-at-18.36.05-768x1024.jpeg 768w, https:\/\/lasilusiones.com.ar\/blog\/wp-content\/uploads\/2023\/12\/WhatsApp-Image-2023-11-29-at-18.36.05-225x300.jpeg 225w, https:\/\/lasilusiones.com.ar\/blog\/wp-content\/uploads\/2023\/12\/WhatsApp-Image-2023-11-29-at-18.36.05.jpeg 780w\" sizes=\"auto, (max-width: 768px) 100vw, 768px\" \/><\/figure>\n\n\n\n<figure class=\"wp-block-image size-large\"><img loading=\"lazy\" decoding=\"async\" width=\"768\" height=\"1024\" data-id=\"2535\" src=\"https:\/\/lasilusiones.com.ar\/blog\/wp-content\/uploads\/2023\/12\/WhatsApp-Image-2023-11-29-at-18.35.12-1-768x1024.jpeg\" alt=\"\" class=\"wp-image-2535\" srcset=\"https:\/\/lasilusiones.com.ar\/blog\/wp-content\/uploads\/2023\/12\/WhatsApp-Image-2023-11-29-at-18.35.12-1-768x1024.jpeg 768w, https:\/\/lasilusiones.com.ar\/blog\/wp-content\/uploads\/2023\/12\/WhatsApp-Image-2023-11-29-at-18.35.12-1-225x300.jpeg 225w, https:\/\/lasilusiones.com.ar\/blog\/wp-content\/uploads\/2023\/12\/WhatsApp-Image-2023-11-29-at-18.35.12-1-1152x1536.jpeg 1152w, https:\/\/lasilusiones.com.ar\/blog\/wp-content\/uploads\/2023\/12\/WhatsApp-Image-2023-11-29-at-18.35.12-1.jpeg 1200w\" sizes=\"auto, (max-width: 768px) 100vw, 768px\" \/><\/figure>\n\n\n\n<figure class=\"wp-block-image size-large\"><img loading=\"lazy\" decoding=\"async\" width=\"768\" height=\"1024\" data-id=\"2536\" src=\"https:\/\/lasilusiones.com.ar\/blog\/wp-content\/uploads\/2023\/12\/WhatsApp-Image-2023-11-29-at-18.35.12-768x1024.jpeg\" alt=\"\" class=\"wp-image-2536\" srcset=\"https:\/\/lasilusiones.com.ar\/blog\/wp-content\/uploads\/2023\/12\/WhatsApp-Image-2023-11-29-at-18.35.12-768x1024.jpeg 768w, https:\/\/lasilusiones.com.ar\/blog\/wp-content\/uploads\/2023\/12\/WhatsApp-Image-2023-11-29-at-18.35.12-225x300.jpeg 225w, https:\/\/lasilusiones.com.ar\/blog\/wp-content\/uploads\/2023\/12\/WhatsApp-Image-2023-11-29-at-18.35.12-1152x1536.jpeg 1152w, https:\/\/lasilusiones.com.ar\/blog\/wp-content\/uploads\/2023\/12\/WhatsApp-Image-2023-11-29-at-18.35.12.jpeg 1200w\" sizes=\"auto, (max-width: 768px) 100vw, 768px\" \/><\/figure>\n<\/figure>\n\n\n\n<p class=\"has-regular-font-size\"><em><strong>Luciana es muy feliz haciendo lo que le gusta, pone lo mejor de s\u00ed y tratamos, como familia, de acompa\u00f1arla en lo que es mejor para ella. <\/strong>Como pap\u00e1s, agradecemos mucho a Las Ilusiones por todo el empe\u00f1o, ansias y ganas de que nuestros hijos aprendan y sean felices a trav\u00e9s del arte, la m\u00fasica y el baile. <\/em><\/p>\n\n\n<div class=\"wp-block-image\">\n<figure class=\"aligncenter size-large\"><img loading=\"lazy\" decoding=\"async\" width=\"1024\" height=\"576\" src=\"https:\/\/lasilusiones.com.ar\/blog\/wp-content\/uploads\/2023\/12\/WhatsApp-Image-2023-11-29-at-18.33.06-1024x576.jpeg\" alt=\"\" class=\"wp-image-2537\" srcset=\"https:\/\/lasilusiones.com.ar\/blog\/wp-content\/uploads\/2023\/12\/WhatsApp-Image-2023-11-29-at-18.33.06-1024x576.jpeg 1024w, https:\/\/lasilusiones.com.ar\/blog\/wp-content\/uploads\/2023\/12\/WhatsApp-Image-2023-11-29-at-18.33.06-300x169.jpeg 300w, https:\/\/lasilusiones.com.ar\/blog\/wp-content\/uploads\/2023\/12\/WhatsApp-Image-2023-11-29-at-18.33.06-768x432.jpeg 768w, https:\/\/lasilusiones.com.ar\/blog\/wp-content\/uploads\/2023\/12\/WhatsApp-Image-2023-11-29-at-18.33.06.jpeg 1280w\" sizes=\"auto, (max-width: 1024px) 100vw, 1024px\" \/><\/figure>\n<\/div>\n\n\n<p class=\"has-text-align-center\"><strong>\u00a1Gracias familia por contarnos este hermoso recorrido de vida!<\/strong><\/p>\n","protected":false},"excerpt":{"rendered":"<p>\u00daltimo viernes del \u00faltimo mes del a\u00f1o. Compartimos con ustedes la historia que nos trae Silvana, mam\u00e1 de Luli, artista de Lan\u00fas. Soy Silvana, mam\u00e1&hellip;<\/p>\n","protected":false},"author":2,"featured_media":1973,"comment_status":"open","ping_status":"open","sticky":false,"template":"","format":"standard","meta":{"_monsterinsights_skip_tracking":false,"_monsterinsights_sitenote_active":false,"_monsterinsights_sitenote_note":"","_monsterinsights_sitenote_category":0,"footnotes":""},"categories":[4],"tags":[],"class_list":["post-2533","post","type-post","status-publish","format-standard","has-post-thumbnail","hentry","category-articulo"],"_links":{"self":[{"href":"https:\/\/lasilusiones.com.ar\/blog\/wp-json\/wp\/v2\/posts\/2533","targetHints":{"allow":["GET"]}}],"collection":[{"href":"https:\/\/lasilusiones.com.ar\/blog\/wp-json\/wp\/v2\/posts"}],"about":[{"href":"https:\/\/lasilusiones.com.ar\/blog\/wp-json\/wp\/v2\/types\/post"}],"author":[{"embeddable":true,"href":"https:\/\/lasilusiones.com.ar\/blog\/wp-json\/wp\/v2\/users\/2"}],"replies":[{"embeddable":true,"href":"https:\/\/lasilusiones.com.ar\/blog\/wp-json\/wp\/v2\/comments?post=2533"}],"version-history":[{"count":3,"href":"https:\/\/lasilusiones.com.ar\/blog\/wp-json\/wp\/v2\/posts\/2533\/revisions"}],"predecessor-version":[{"id":2540,"href":"https:\/\/lasilusiones.com.ar\/blog\/wp-json\/wp\/v2\/posts\/2533\/revisions\/2540"}],"wp:featuredmedia":[{"embeddable":true,"href":"https:\/\/lasilusiones.com.ar\/blog\/wp-json\/wp\/v2\/media\/1973"}],"wp:attachment":[{"href":"https:\/\/lasilusiones.com.ar\/blog\/wp-json\/wp\/v2\/media?parent=2533"}],"wp:term":[{"taxonomy":"category","embeddable":true,"href":"https:\/\/lasilusiones.com.ar\/blog\/wp-json\/wp\/v2\/categories?post=2533"},{"taxonomy":"post_tag","embeddable":true,"href":"https:\/\/lasilusiones.com.ar\/blog\/wp-json\/wp\/v2\/tags?post=2533"}],"curies":[{"name":"wp","href":"https:\/\/api.w.org\/{rel}","templated":true}]}}