{"id":2541,"date":"2023-12-03T14:11:49","date_gmt":"2023-12-03T17:11:49","guid":{"rendered":"https:\/\/lasilusiones.com.ar\/blog\/?p=2541"},"modified":"2023-12-03T14:19:28","modified_gmt":"2023-12-03T17:19:28","slug":"3-de-diciembre-dia-internacional-de-las-personas-con-discapacidad-2","status":"publish","type":"post","link":"https:\/\/lasilusiones.com.ar\/blog\/3-de-diciembre-dia-internacional-de-las-personas-con-discapacidad-2\/","title":{"rendered":"3 de diciembre: D\u00eda Internacional de las Personas con Discapacidad"},"content":{"rendered":"\n<p><\/p>\n\n\n\n<p>Este d\u00eda fue declarado en 1992 por la Asamblea General de las Naciones Unidas con el objetivo de promover los derechos, el bienestar y el desarrollo de las personas con discapacidad, en los distintos \u00e1mbitos de la sociedad, promoviendo su inclusi\u00f3n en la vida social, econ\u00f3mica, cultural y pol\u00edtica.<\/p>\n\n\n\n<p>Las distintas iniciativas que llevamos adelante desde hace 15 a\u00f1os, apuntan a colaborar con este objetivo. Cada a\u00f1o, vamos por nuevos desaf\u00edos y sumamos al arte, la idea de autonom\u00eda y de inclusi\u00f3n laboral. En este sentido, la semana pasada <strong>terminamos de filmar nuestra primera serie, <\/strong>de ocho cap\u00edtulos. En ella trabajaron los artistas que pasaron por la capacitaci\u00f3n con &#8220;<strong>Tu Productora<\/strong>&#8221; y fueron 8 d\u00edas de 8 o 9 horas de rodaje. La producci\u00f3n audiovisual estuvo a cargo de ONG &#8220;Yo Tambi\u00e9n&#8221;, cont\u00f3 con el apoyo de Disney y el auspicio de Despuntado y ASDRA.<\/p>\n\n\n\n<p>Les dejamos el <a href=\"https:\/\/www.instagram.com\/reel\/C0ZGjd-uSYP\/?igshid=MzY1NDJmNzMyNQ==\" data-type=\"link\" data-id=\"https:\/\/www.instagram.com\/reel\/C0ZGjd-uSYP\/?igshid=MzY1NDJmNzMyNQ==\">link al reel<\/a> con el resumen de lo que fue esta hermosa experiencia.<\/p>\n\n\n\n<p><\/p>\n\n\n\n<figure class=\"wp-block-gallery aligncenter has-nested-images columns-default is-cropped wp-block-gallery-1 is-layout-flex wp-block-gallery-is-layout-flex\">\n<figure class=\"wp-block-image size-large\"><img loading=\"lazy\" decoding=\"async\" width=\"1022\" height=\"1024\" data-id=\"2547\" src=\"https:\/\/lasilusiones.com.ar\/blog\/wp-content\/uploads\/2023\/12\/WhatsApp-Image-2023-12-03-at-14.00.19-1-1022x1024.jpeg\" alt=\"\" class=\"wp-image-2547\" srcset=\"https:\/\/lasilusiones.com.ar\/blog\/wp-content\/uploads\/2023\/12\/WhatsApp-Image-2023-12-03-at-14.00.19-1-1022x1024.jpeg 1022w, https:\/\/lasilusiones.com.ar\/blog\/wp-content\/uploads\/2023\/12\/WhatsApp-Image-2023-12-03-at-14.00.19-1-300x300.jpeg 300w, https:\/\/lasilusiones.com.ar\/blog\/wp-content\/uploads\/2023\/12\/WhatsApp-Image-2023-12-03-at-14.00.19-1-150x150.jpeg 150w, https:\/\/lasilusiones.com.ar\/blog\/wp-content\/uploads\/2023\/12\/WhatsApp-Image-2023-12-03-at-14.00.19-1-768x769.jpeg 768w, https:\/\/lasilusiones.com.ar\/blog\/wp-content\/uploads\/2023\/12\/WhatsApp-Image-2023-12-03-at-14.00.19-1.jpeg 1075w\" sizes=\"auto, (max-width: 1022px) 100vw, 1022px\" \/><figcaption class=\"wp-element-caption\">Vive TAO<\/figcaption><\/figure>\n\n\n\n<figure class=\"wp-block-image size-large\"><img loading=\"lazy\" decoding=\"async\" width=\"751\" height=\"1024\" data-id=\"2546\" src=\"https:\/\/lasilusiones.com.ar\/blog\/wp-content\/uploads\/2023\/12\/WhatsApp-Image-2023-12-03-at-13.59.49-1-751x1024.jpeg\" alt=\"\" class=\"wp-image-2546\" srcset=\"https:\/\/lasilusiones.com.ar\/blog\/wp-content\/uploads\/2023\/12\/WhatsApp-Image-2023-12-03-at-13.59.49-1-751x1024.jpeg 751w, https:\/\/lasilusiones.com.ar\/blog\/wp-content\/uploads\/2023\/12\/WhatsApp-Image-2023-12-03-at-13.59.49-1-220x300.jpeg 220w, https:\/\/lasilusiones.com.ar\/blog\/wp-content\/uploads\/2023\/12\/WhatsApp-Image-2023-12-03-at-13.59.49-1-768x1047.jpeg 768w, https:\/\/lasilusiones.com.ar\/blog\/wp-content\/uploads\/2023\/12\/WhatsApp-Image-2023-12-03-at-13.59.49-1.jpeg 1079w\" sizes=\"auto, (max-width: 751px) 100vw, 751px\" \/><figcaption class=\"wp-element-caption\">Filmaci\u00f3n de la serie<\/figcaption><\/figure>\n<\/figure>\n\n\n\n<figure class=\"wp-block-gallery aligncenter has-nested-images columns-default is-cropped wp-block-gallery-2 is-layout-flex wp-block-gallery-is-layout-flex\">\n<figure class=\"wp-block-image size-large\"><img loading=\"lazy\" decoding=\"async\" width=\"1024\" height=\"1009\" data-id=\"2549\" src=\"https:\/\/lasilusiones.com.ar\/blog\/wp-content\/uploads\/2023\/12\/WhatsApp-Image-2023-12-03-at-14.00.28-1-1024x1009.jpeg\" alt=\"\" class=\"wp-image-2549\" srcset=\"https:\/\/lasilusiones.com.ar\/blog\/wp-content\/uploads\/2023\/12\/WhatsApp-Image-2023-12-03-at-14.00.28-1-1024x1009.jpeg 1024w, https:\/\/lasilusiones.com.ar\/blog\/wp-content\/uploads\/2023\/12\/WhatsApp-Image-2023-12-03-at-14.00.28-1-300x296.jpeg 300w, https:\/\/lasilusiones.com.ar\/blog\/wp-content\/uploads\/2023\/12\/WhatsApp-Image-2023-12-03-at-14.00.28-1-768x757.jpeg 768w, https:\/\/lasilusiones.com.ar\/blog\/wp-content\/uploads\/2023\/12\/WhatsApp-Image-2023-12-03-at-14.00.28-1.jpeg 1079w\" sizes=\"auto, (max-width: 1024px) 100vw, 1024px\" \/><figcaption class=\"wp-element-caption\">Los Bonette<\/figcaption><\/figure>\n\n\n\n<figure class=\"wp-block-image size-large\"><img loading=\"lazy\" decoding=\"async\" width=\"1024\" height=\"682\" data-id=\"2548\" src=\"https:\/\/lasilusiones.com.ar\/blog\/wp-content\/uploads\/2023\/12\/WhatsApp-Image-2023-12-03-at-14.00.06-1-1024x682.jpeg\" alt=\"\" class=\"wp-image-2548\" srcset=\"https:\/\/lasilusiones.com.ar\/blog\/wp-content\/uploads\/2023\/12\/WhatsApp-Image-2023-12-03-at-14.00.06-1-1024x682.jpeg 1024w, https:\/\/lasilusiones.com.ar\/blog\/wp-content\/uploads\/2023\/12\/WhatsApp-Image-2023-12-03-at-14.00.06-1-300x200.jpeg 300w, https:\/\/lasilusiones.com.ar\/blog\/wp-content\/uploads\/2023\/12\/WhatsApp-Image-2023-12-03-at-14.00.06-1-768x512.jpeg 768w, https:\/\/lasilusiones.com.ar\/blog\/wp-content\/uploads\/2023\/12\/WhatsApp-Image-2023-12-03-at-14.00.06-1.jpeg 1079w\" sizes=\"auto, (max-width: 1024px) 100vw, 1024px\" \/><figcaption class=\"wp-element-caption\">Las Ilusiones<\/figcaption><\/figure>\n<\/figure>\n","protected":false},"excerpt":{"rendered":"<p>Este d\u00eda fue declarado en 1992 por la Asamblea General de las Naciones Unidas con el objetivo de promover los derechos, el bienestar y el&hellip;<\/p>\n","protected":false},"author":2,"featured_media":0,"comment_status":"open","ping_status":"open","sticky":false,"template":"","format":"standard","meta":{"_monsterinsights_skip_tracking":false,"_monsterinsights_sitenote_active":false,"_monsterinsights_sitenote_note":"","_monsterinsights_sitenote_category":0,"footnotes":""},"categories":[4],"tags":[],"class_list":["post-2541","post","type-post","status-publish","format-standard","hentry","category-articulo"],"_links":{"self":[{"href":"https:\/\/lasilusiones.com.ar\/blog\/wp-json\/wp\/v2\/posts\/2541","targetHints":{"allow":["GET"]}}],"collection":[{"href":"https:\/\/lasilusiones.com.ar\/blog\/wp-json\/wp\/v2\/posts"}],"about":[{"href":"https:\/\/lasilusiones.com.ar\/blog\/wp-json\/wp\/v2\/types\/post"}],"author":[{"embeddable":true,"href":"https:\/\/lasilusiones.com.ar\/blog\/wp-json\/wp\/v2\/users\/2"}],"replies":[{"embeddable":true,"href":"https:\/\/lasilusiones.com.ar\/blog\/wp-json\/wp\/v2\/comments?post=2541"}],"version-history":[{"count":6,"href":"https:\/\/lasilusiones.com.ar\/blog\/wp-json\/wp\/v2\/posts\/2541\/revisions"}],"predecessor-version":[{"id":2555,"href":"https:\/\/lasilusiones.com.ar\/blog\/wp-json\/wp\/v2\/posts\/2541\/revisions\/2555"}],"wp:attachment":[{"href":"https:\/\/lasilusiones.com.ar\/blog\/wp-json\/wp\/v2\/media?parent=2541"}],"wp:term":[{"taxonomy":"category","embeddable":true,"href":"https:\/\/lasilusiones.com.ar\/blog\/wp-json\/wp\/v2\/categories?post=2541"},{"taxonomy":"post_tag","embeddable":true,"href":"https:\/\/lasilusiones.com.ar\/blog\/wp-json\/wp\/v2\/tags?post=2541"}],"curies":[{"name":"wp","href":"https:\/\/api.w.org\/{rel}","templated":true}]}}