{"id":2557,"date":"2023-12-15T07:52:02","date_gmt":"2023-12-15T10:52:02","guid":{"rendered":"https:\/\/lasilusiones.com.ar\/blog\/?p=2557"},"modified":"2023-12-29T14:04:41","modified_gmt":"2023-12-29T17:04:41","slug":"conociendo-a-nuestra-comunidad-37","status":"publish","type":"post","link":"https:\/\/lasilusiones.com.ar\/blog\/conociendo-a-nuestra-comunidad-37\/","title":{"rendered":"Conociendo a nuestra comunidad"},"content":{"rendered":"\n<p>Hoy compartimos la \u00faltima historia del a\u00f1o y nos la trae Silvina, mam\u00e1 de Inti, artista de Olivos.<\/p>\n\n\n\n<p><em>Nos enteramos de que Inti ten\u00eda S\u00edndrome de Down cuando estaba por cumplir sus 3 a\u00f1os. No sab\u00edamos que esto pod\u00eda pasar. Para mi te daban esta noticia durante el embarazo o cuando el o la beb\u00e9 nac\u00eda. Hasta sus 3 a\u00f1os Inti no hab\u00eda presentado ning\u00fan comportamiento que llamara la atenci\u00f3n. Fue el lenguaje (o la falta de \u00e9ste) lo que activ\u00f3 la alarma de que hab\u00eda que investigar.<\/em><\/p>\n\n\n\n<div class=\"wp-block-media-text is-stacked-on-mobile\" style=\"grid-template-columns:41% auto\"><figure class=\"wp-block-media-text__media\"><img loading=\"lazy\" decoding=\"async\" width=\"576\" height=\"1024\" src=\"https:\/\/lasilusiones.com.ar\/blog\/wp-content\/uploads\/2023\/12\/WhatsApp-Image-2023-12-12-at-17.35.06-1-576x1024.jpeg\" alt=\"\" class=\"wp-image-2559 size-full\" srcset=\"https:\/\/lasilusiones.com.ar\/blog\/wp-content\/uploads\/2023\/12\/WhatsApp-Image-2023-12-12-at-17.35.06-1-576x1024.jpeg 576w, https:\/\/lasilusiones.com.ar\/blog\/wp-content\/uploads\/2023\/12\/WhatsApp-Image-2023-12-12-at-17.35.06-1-169x300.jpeg 169w, https:\/\/lasilusiones.com.ar\/blog\/wp-content\/uploads\/2023\/12\/WhatsApp-Image-2023-12-12-at-17.35.06-1-768x1365.jpeg 768w, https:\/\/lasilusiones.com.ar\/blog\/wp-content\/uploads\/2023\/12\/WhatsApp-Image-2023-12-12-at-17.35.06-1-864x1536.jpeg 864w, https:\/\/lasilusiones.com.ar\/blog\/wp-content\/uploads\/2023\/12\/WhatsApp-Image-2023-12-12-at-17.35.06-1.jpeg 900w\" sizes=\"auto, (max-width: 576px) 100vw, 576px\" \/><\/figure><div class=\"wp-block-media-text__content\">\n<p><em>Justo hab\u00edamos comenzado a cumplir un sue\u00f1o en familia. Un viaje en casa rodante por Am\u00e9rica Latina. Un viaje que ven\u00edamos planeando hac\u00eda varios a\u00f1os y que en ese a\u00f1o hab\u00edamos decidido llevar adelante. Somos de Buenos Aires y ya est\u00e1bamos en Neuqu\u00e9n yendo hacia el sur argentino, cuando en una consulta en una guardia nos dijeron que ser\u00eda mejor investigar qu\u00e9 pasaba. En el hospital p\u00fablico de Neuqu\u00e9n nos atendieron s\u00faper bien, sab\u00edan que est\u00e1bamos de paso e hicieron todo lo posible por acelerar los estudios.<\/em><\/p>\n<\/div><\/div>\n\n\n\n<p><em>El d\u00eda que nos dieron la noticia fue un shock. Inti era una ni\u00f1a con S\u00edndrome de Down, en su modalidad mosaico. No todas sus c\u00e9lulas estaban alteradas, por eso hab\u00eda estado solapado y ning\u00fan m\u00e9dico se hab\u00eda dado cuenta. En ese momento se nos activaron todos los miedos, dudas y preguntas. \u00bfPor qu\u00e9 a nosotros? \u00bfQu\u00e9 hacemos? \u00bfNos volvemos? \u00bfQu\u00e9 ser\u00e1 lo mejor para ella? As\u00ed como hubo gente que nos dijo que ten\u00edamos que volver para que Inti empezara a hacer terapias; hubo otros que nos apoyaron en nuestras ganas de viajar. \u201cSi Inti naci\u00f3 en esta familia, tiene que aprender a vivir de la manera que ustedes quieren vivir. No ser\u00eda justo para ella que por haberse enterado ahora de su diagn\u00f3stico, dejen atr\u00e1s todo lo que ten\u00edan pensado vivir\u201d. Recuerdo que estas fueron las palabras de un m\u00e9dico con el que consultamos y que nos anim\u00f3 a seguir lo que dec\u00eda nuestro coraz\u00f3n. La verdad que el deseo de seguir viaje, de cumplir con ese sue\u00f1o y esa aventura con nuestros hijos era muy fuerte para nosotros. Al menos quer\u00edamos intentarlo. Si no resultaba, no pasaba nada. Siempre pod\u00edamos volver.<\/em><\/p>\n\n\n\n<div class=\"wp-block-media-text has-media-on-the-right is-stacked-on-mobile\" style=\"grid-template-columns:auto 37%\"><div class=\"wp-block-media-text__content\">\n<p><em>As\u00ed que as\u00ed fue. Cruzamos nuestra primera frontera hacia Chile y all\u00ed comenz\u00f3 un viaje que finalmente dur\u00f3 5 a\u00f1os. Inti creci\u00f3 a la par de su hermano compartiendo con personas de todas las edades, de diferentes culturas y en distintos lugares. Para nosotros en ese momento era importante poder transmitirles a nuestros hijos que los sue\u00f1os pueden cumplirse, que podemos vivir con pocas cosas, las que realmente son necesarias. Fue en viaje que nos afianz\u00f3 como familia.<\/em><\/p>\n<\/div><figure class=\"wp-block-media-text__media\"><img loading=\"lazy\" decoding=\"async\" width=\"576\" height=\"1024\" src=\"https:\/\/lasilusiones.com.ar\/blog\/wp-content\/uploads\/2023\/12\/WhatsApp-Image-2023-12-12-at-17.38.00-576x1024.jpeg\" alt=\"\" class=\"wp-image-2560 size-full\" srcset=\"https:\/\/lasilusiones.com.ar\/blog\/wp-content\/uploads\/2023\/12\/WhatsApp-Image-2023-12-12-at-17.38.00-576x1024.jpeg 576w, https:\/\/lasilusiones.com.ar\/blog\/wp-content\/uploads\/2023\/12\/WhatsApp-Image-2023-12-12-at-17.38.00-169x300.jpeg 169w, https:\/\/lasilusiones.com.ar\/blog\/wp-content\/uploads\/2023\/12\/WhatsApp-Image-2023-12-12-at-17.38.00-768x1365.jpeg 768w, https:\/\/lasilusiones.com.ar\/blog\/wp-content\/uploads\/2023\/12\/WhatsApp-Image-2023-12-12-at-17.38.00-864x1536.jpeg 864w, https:\/\/lasilusiones.com.ar\/blog\/wp-content\/uploads\/2023\/12\/WhatsApp-Image-2023-12-12-at-17.38.00.jpeg 900w\" sizes=\"auto, (max-width: 576px) 100vw, 576px\" \/><\/figure><\/div>\n\n\n\n<div class=\"wp-block-media-text is-stacked-on-mobile\"><figure class=\"wp-block-media-text__media\"><img loading=\"lazy\" decoding=\"async\" width=\"768\" height=\"1024\" src=\"https:\/\/lasilusiones.com.ar\/blog\/wp-content\/uploads\/2023\/12\/WhatsApp-Image-2023-12-12-at-17.36.29-768x1024.jpeg\" alt=\"\" class=\"wp-image-2561 size-full\" srcset=\"https:\/\/lasilusiones.com.ar\/blog\/wp-content\/uploads\/2023\/12\/WhatsApp-Image-2023-12-12-at-17.36.29-768x1024.jpeg 768w, https:\/\/lasilusiones.com.ar\/blog\/wp-content\/uploads\/2023\/12\/WhatsApp-Image-2023-12-12-at-17.36.29-225x300.jpeg 225w, https:\/\/lasilusiones.com.ar\/blog\/wp-content\/uploads\/2023\/12\/WhatsApp-Image-2023-12-12-at-17.36.29-1152x1536.jpeg 1152w, https:\/\/lasilusiones.com.ar\/blog\/wp-content\/uploads\/2023\/12\/WhatsApp-Image-2023-12-12-at-17.36.29.jpeg 1200w\" sizes=\"auto, (max-width: 768px) 100vw, 768px\" \/><\/figure><div class=\"wp-block-media-text__content\">\n<p><em>Con respecto a Inti, fuimos buscando informaci\u00f3n, consultamos diferentes profesionales en los distintos pa\u00edses que visitamos. Fue creciendo como cualquier otra ni\u00f1a. En varias oportunidades los dos tambi\u00e9n fueron a la escuela. A los 3 a\u00f1os y medio llegamos a M\u00e9xico y al poco tiempo empez\u00f3 la pandemia. Pasamos este tiempo de incertidumbre mundial en nuestra casita rodante en la selva y, quiz\u00e1s, fue all\u00ed que comenzamos a pensar en nuestra vuelta.&nbsp;<\/em><\/p>\n\n\n\n<p><em>Ya nuestros hijos estaban m\u00e1s grandes y necesitaban una vida un poco m\u00e1s estable, sobre todo por los amigos para Tahiel, el m\u00e1s grande, y los apoyos m\u00e1s constantes para Inti.<\/em><\/p>\n<\/div><\/div>\n\n\n\n<p><em>Hace 2 a\u00f1os y medio que volvimos a Buenos Aires. Inti va a la escuela p\u00fablica con integraci\u00f3n. Hace sus terapias y varias actividades. Es una ni\u00f1a alegre, extrovertida, intensa y charlatana (ahora s\u00ed habla jeje). Este a\u00f1o empez\u00f3 en Las ilusiones porque le encanta el baile y actuar. Ya hab\u00eda estado en otro lugar tomando clases de baile, pero me pareci\u00f3 que ser\u00eda lindo para ella compartir m\u00e1s tiempo con chicos y chicas con S\u00edndrome de Down. Inti va feliz a sus clases as\u00ed que continuar\u00e1 seguro el pr\u00f3ximo a\u00f1o.<\/em><\/p>\n\n\n\n<figure class=\"wp-block-image size-large\"><img loading=\"lazy\" decoding=\"async\" width=\"1024\" height=\"576\" src=\"https:\/\/lasilusiones.com.ar\/blog\/wp-content\/uploads\/2023\/12\/WhatsApp-Image-2023-12-12-at-17.30.58-1024x576.jpeg\" alt=\"\" class=\"wp-image-2562\" srcset=\"https:\/\/lasilusiones.com.ar\/blog\/wp-content\/uploads\/2023\/12\/WhatsApp-Image-2023-12-12-at-17.30.58-1024x576.jpeg 1024w, https:\/\/lasilusiones.com.ar\/blog\/wp-content\/uploads\/2023\/12\/WhatsApp-Image-2023-12-12-at-17.30.58-300x169.jpeg 300w, https:\/\/lasilusiones.com.ar\/blog\/wp-content\/uploads\/2023\/12\/WhatsApp-Image-2023-12-12-at-17.30.58-768x432.jpeg 768w, https:\/\/lasilusiones.com.ar\/blog\/wp-content\/uploads\/2023\/12\/WhatsApp-Image-2023-12-12-at-17.30.58-1536x864.jpeg 1536w, https:\/\/lasilusiones.com.ar\/blog\/wp-content\/uploads\/2023\/12\/WhatsApp-Image-2023-12-12-at-17.30.58.jpeg 1600w\" sizes=\"auto, (max-width: 1024px) 100vw, 1024px\" \/><\/figure>\n\n\n\n<p class=\"has-regular-font-size\"><\/p>\n\n\n\n<p class=\"has-text-align-center has-regular-font-size\"><strong>\u00a1Gracias familia por compartir esta historia de vida y de sue\u00f1os cumplidos!<\/strong><\/p>\n\n\n\n<p class=\"has-text-align-center has-regular-font-size\"><strong>Y gracias a todos los que este a\u00f1o nos permitieron entrar en sus recorridos de alegr\u00edas, tristezas, esperanzas y lucha.<\/strong><\/p>\n","protected":false},"excerpt":{"rendered":"<p>Hoy compartimos la \u00faltima historia del a\u00f1o y nos la trae Silvina, mam\u00e1 de Inti, artista de Olivos. Nos enteramos de que Inti ten\u00eda S\u00edndrome&hellip;<\/p>\n","protected":false},"author":2,"featured_media":1973,"comment_status":"open","ping_status":"open","sticky":false,"template":"","format":"standard","meta":{"_monsterinsights_skip_tracking":false,"_monsterinsights_sitenote_active":false,"_monsterinsights_sitenote_note":"","_monsterinsights_sitenote_category":0,"footnotes":""},"categories":[4],"tags":[],"class_list":["post-2557","post","type-post","status-publish","format-standard","has-post-thumbnail","hentry","category-articulo"],"_links":{"self":[{"href":"https:\/\/lasilusiones.com.ar\/blog\/wp-json\/wp\/v2\/posts\/2557","targetHints":{"allow":["GET"]}}],"collection":[{"href":"https:\/\/lasilusiones.com.ar\/blog\/wp-json\/wp\/v2\/posts"}],"about":[{"href":"https:\/\/lasilusiones.com.ar\/blog\/wp-json\/wp\/v2\/types\/post"}],"author":[{"embeddable":true,"href":"https:\/\/lasilusiones.com.ar\/blog\/wp-json\/wp\/v2\/users\/2"}],"replies":[{"embeddable":true,"href":"https:\/\/lasilusiones.com.ar\/blog\/wp-json\/wp\/v2\/comments?post=2557"}],"version-history":[{"count":3,"href":"https:\/\/lasilusiones.com.ar\/blog\/wp-json\/wp\/v2\/posts\/2557\/revisions"}],"predecessor-version":[{"id":2565,"href":"https:\/\/lasilusiones.com.ar\/blog\/wp-json\/wp\/v2\/posts\/2557\/revisions\/2565"}],"wp:featuredmedia":[{"embeddable":true,"href":"https:\/\/lasilusiones.com.ar\/blog\/wp-json\/wp\/v2\/media\/1973"}],"wp:attachment":[{"href":"https:\/\/lasilusiones.com.ar\/blog\/wp-json\/wp\/v2\/media?parent=2557"}],"wp:term":[{"taxonomy":"category","embeddable":true,"href":"https:\/\/lasilusiones.com.ar\/blog\/wp-json\/wp\/v2\/categories?post=2557"},{"taxonomy":"post_tag","embeddable":true,"href":"https:\/\/lasilusiones.com.ar\/blog\/wp-json\/wp\/v2\/tags?post=2557"}],"curies":[{"name":"wp","href":"https:\/\/api.w.org\/{rel}","templated":true}]}}