{"id":2581,"date":"2024-03-21T07:04:40","date_gmt":"2024-03-21T10:04:40","guid":{"rendered":"https:\/\/lasilusiones.com.ar\/blog\/?p=2581"},"modified":"2024-03-21T07:04:41","modified_gmt":"2024-03-21T10:04:41","slug":"21-de-marzo-dia-internacional-de-las-personas-con-sindrome-de-down","status":"publish","type":"post","link":"https:\/\/lasilusiones.com.ar\/blog\/21-de-marzo-dia-internacional-de-las-personas-con-sindrome-de-down\/","title":{"rendered":"21 de marzo: D\u00eda Internacional de las Personas con S\u00edndrome de Down"},"content":{"rendered":"\n<p><\/p>\n\n\n\n<p>Con el objetivo de generar una mayor conciencia, valorar la dignidad de las personas con discapacidad intelectual y la importancia de la diversidad de la sociedad, en 2011, la Asamblea General de la ONU, design\u00f3 esta fecha como el D\u00eda Mundial del S\u00edndrome de Down.<\/p>\n\n\n\n<p>En l\u00edneas generales, sabemos que este s\u00edndrome es una alteraci\u00f3n gen\u00e9tica del cromosoma 21, originada por la existencia de material gen\u00e9tico extra. Lo que todav\u00eda a veces olvidamos (al igual que con otros tipos de discapacidad) <strong>es que este s\u00edndrome es s\u00f3lo una caracter\u00edstica m\u00e1s de la persona, que no la define y que, muchas veces, es el entorno el que condiciona o limita.\u00a0<\/strong><\/p>\n\n\n\n<p>Desde el arte, las oportunidades laborales, los viajes o el fomento de la vida independiente, en Las Ilusiones trabajamos incansablemente, por un mundo que nos de lugar a todos, que nos incluya, que nos deje brillar, expandir y ser con nuestros pares, en la sociedad.&nbsp;<\/p>\n\n\n\n<p>Es as\u00ed, que con mucho orgullo y alegr\u00eda, <strong>hoy les presentamos nuestra miniserie \u201c<em>De este lado<\/em>\u201d<\/strong>. Una producci\u00f3n\u00a0 de ocho cap\u00edtulos, en la que actuaron los y las artistas que se capacitaron de manera gratuita con el programa \u201cTu Productora\u201d. Fue un desaf\u00edo de 8 d\u00edas de rodaje, de 72 horas en total. La realizaci\u00f3n audiovisual estuvo a cargo de la ONG \u201cYo Tambi\u00e9n\u201d, cont\u00f3 con el apoyo de Disney y el auspicio de Despuntado y ASDRA.\u00a0<\/p>\n\n\n\n<p>Les compartimos las palabras de Nacho y Nina, director y vice directora de nuestra Compa\u00f1\u00eda.<\/p>\n\n\n\n<p>\u201c<em>En el transcurso de estos 16 a\u00f1os de construcci\u00f3n y de trabajo en equipo, en Las Ilusiones hemos puesto la mirada siempre en la persona con discapacidad, teniendo en cuenta su familia, el entorno y la comunidad. La serie que se estrena hoy es, sin dudas, la coronaci\u00f3n de este proceso enorme que venimos haciendo desde el 2009.<\/em><\/p>\n\n\n\n<p><em>Nuestro objetivo es visibilizar el potencial de las personas con discapacidad y, adem\u00e1s, derribar los mitos que hay alrededor de ellas y su vida cotidiana. En lo personal, estoy sumamente contento, me gener\u00f3 una alegr\u00eda enorme ver la postproducci\u00f3n; se me dibujaba sola la sonrisa en la cara porque no puedo estar m\u00e1s orgulloso de ser el fundador y el director general de esta organizaci\u00f3n que, a\u00f1o a a\u00f1o, sigue sorprendiendo; con el valor enorme que tenemos que es la iniciativa y la mejora continua.<\/em>\u201d, Juan Ignacio Acosta<\/p>\n\n\n\n<p>&#8220;\u2019<strong><em>De este lado\u2019<\/em><\/strong><em> es un proyecto audiovisual que no s\u00f3lo visibiliza el crecimiento art\u00edstico de los actores y actrices que trabajaron en ella, quienes recibieron una capacitaci\u00f3n como requisito para participar de la serie, sino que tambi\u00e9n busca acercar al p\u00fablico un contenido que le permita reflexionar sobre la participaci\u00f3n cotidiana real de las personas con discapacidad en la sociedad. La elecci\u00f3n de que el estreno del primer cap\u00edtulo sea el 21 de marzo fue con la intenci\u00f3n de sumarnos a la concientizaci\u00f3n del D\u00eda Internacional del S\u00edndrome de Down con un producto que cuestiona y evidencia m\u00faltiples realidades, invitando a repensarnos en qu\u00e9 lugar nos posicionamos cuando nos vinculamos con personas con S\u00edndrome de Down. Lo m\u00e1s relevante es que cada historia fue inspirada en relatos que nos fueron acercando las personas con discapacidad y artistas tambi\u00e9n, con la finalidad de ser escuchados. Estamos convencidos que poder alzar la voz y acompa\u00f1ar ese proceso es una de las formas que nosotros, como comunidad, pudimos encontrar para conocer y valorar la singularidad e identidad de cada persona con discapacidad que la vida y el arte ponen en nuestro camino.\u00a0Esperamos que puedan disfrutar de cada cap\u00edtulo de esta serie con el coraz\u00f3n y reflexionar finalmente de qu\u00e9 lado est\u00e1n.\u201d &#8211; <\/em>Cinthia \u00c1vila.<\/p>\n\n\n\n<p>Les compartimos el primer cap\u00edtulo \u201c<a href=\"https:\/\/youtu.be\/IA1e5miJqfE\">Convivencia<\/a>\u201d. \u00a1Qu\u00e9 lo disfruten!<\/p>\n\n\n\n<p class=\"has-text-align-center\" style=\"font-size:16px\"><strong>\u00a1Sigamos caminando hacia una sociedad m\u00e1s abierta, que nos abrace de igual a igual y que brinde m\u00e1s y mejores oportunidades<\/strong>!<\/p>\n","protected":false},"excerpt":{"rendered":"<p>Con el objetivo de generar una mayor conciencia, valorar la dignidad de las personas con discapacidad intelectual y la importancia de la diversidad de la&hellip;<\/p>\n","protected":false},"author":2,"featured_media":0,"comment_status":"open","ping_status":"open","sticky":false,"template":"","format":"standard","meta":{"_monsterinsights_skip_tracking":false,"_monsterinsights_sitenote_active":false,"_monsterinsights_sitenote_note":"","_monsterinsights_sitenote_category":0,"footnotes":""},"categories":[4],"tags":[],"class_list":["post-2581","post","type-post","status-publish","format-standard","hentry","category-articulo"],"_links":{"self":[{"href":"https:\/\/lasilusiones.com.ar\/blog\/wp-json\/wp\/v2\/posts\/2581","targetHints":{"allow":["GET"]}}],"collection":[{"href":"https:\/\/lasilusiones.com.ar\/blog\/wp-json\/wp\/v2\/posts"}],"about":[{"href":"https:\/\/lasilusiones.com.ar\/blog\/wp-json\/wp\/v2\/types\/post"}],"author":[{"embeddable":true,"href":"https:\/\/lasilusiones.com.ar\/blog\/wp-json\/wp\/v2\/users\/2"}],"replies":[{"embeddable":true,"href":"https:\/\/lasilusiones.com.ar\/blog\/wp-json\/wp\/v2\/comments?post=2581"}],"version-history":[{"count":1,"href":"https:\/\/lasilusiones.com.ar\/blog\/wp-json\/wp\/v2\/posts\/2581\/revisions"}],"predecessor-version":[{"id":2582,"href":"https:\/\/lasilusiones.com.ar\/blog\/wp-json\/wp\/v2\/posts\/2581\/revisions\/2582"}],"wp:attachment":[{"href":"https:\/\/lasilusiones.com.ar\/blog\/wp-json\/wp\/v2\/media?parent=2581"}],"wp:term":[{"taxonomy":"category","embeddable":true,"href":"https:\/\/lasilusiones.com.ar\/blog\/wp-json\/wp\/v2\/categories?post=2581"},{"taxonomy":"post_tag","embeddable":true,"href":"https:\/\/lasilusiones.com.ar\/blog\/wp-json\/wp\/v2\/tags?post=2581"}],"curies":[{"name":"wp","href":"https:\/\/api.w.org\/{rel}","templated":true}]}}