{"id":2588,"date":"2024-04-02T08:53:24","date_gmt":"2024-04-02T11:53:24","guid":{"rendered":"https:\/\/lasilusiones.com.ar\/blog\/?p=2588"},"modified":"2024-04-02T10:04:50","modified_gmt":"2024-04-02T13:04:50","slug":"2-de-abril-dia-mundial-de-concienciacion-sobre-el-autismo-2","status":"publish","type":"post","link":"https:\/\/lasilusiones.com.ar\/blog\/2-de-abril-dia-mundial-de-concienciacion-sobre-el-autismo-2\/","title":{"rendered":"2 de abril: D\u00eda Mundial de Concienciaci\u00f3n sobre el Autismo"},"content":{"rendered":"\n<p>Esta fecha fue declarada por la Asamblea General de las Naciones Unidas en 2007. Es una oportunidad para informarnos y conocer, para promover acciones y apoyos necesarios para que las personas con Trastorno del Espectro Autista (TEA) puedan desarrollarse plenamente.<\/p>\n\n\n\n<p>En nuestro pa\u00eds, la Ley Nacional N\u00b0 27.043 declara de inter\u00e9s nacional el abordaje integral e interdisciplinario de las personas que presentan TEA y plantea la importancia de la coordinaci\u00f3n de acciones para la inclusi\u00f3n en los diferentes niveles educativos, laborales y sociales, de acuerdo con lo establecido por la Convenci\u00f3n de los Derechos de las Personas con Discapacidad (CDPD).<\/p>\n\n\n\n<p>Diego y Marisa, son los pap\u00e1s de Santiago, de 14 a\u00f1os, artista de la sede CABA.  Nos dejaron estas palabras con respecto a este d\u00eda.<\/p>\n\n\n\n<div class=\"wp-block-media-text is-stacked-on-mobile\"><figure class=\"wp-block-media-text__media\"><img loading=\"lazy\" decoding=\"async\" width=\"768\" height=\"1024\" src=\"https:\/\/lasilusiones.com.ar\/blog\/wp-content\/uploads\/2024\/04\/IMG-20240328-WA00161-768x1024.jpg\" alt=\"\" class=\"wp-image-2589 size-full\" srcset=\"https:\/\/lasilusiones.com.ar\/blog\/wp-content\/uploads\/2024\/04\/IMG-20240328-WA00161-768x1024.jpg 768w, https:\/\/lasilusiones.com.ar\/blog\/wp-content\/uploads\/2024\/04\/IMG-20240328-WA00161-225x300.jpg 225w, https:\/\/lasilusiones.com.ar\/blog\/wp-content\/uploads\/2024\/04\/IMG-20240328-WA00161-1152x1536.jpg 1152w, https:\/\/lasilusiones.com.ar\/blog\/wp-content\/uploads\/2024\/04\/IMG-20240328-WA00161.jpg 1200w\" sizes=\"auto, (max-width: 768px) 100vw, 768px\" \/><\/figure><div class=\"wp-block-media-text__content\">\n<p><em>En el 2011, producto del virus H1N1 Influenza y con un cuadro de bronqueolitis agudo, Santy hizo una convulsi\u00f3n que dur\u00f3 mucho tiempo y le produjo un da\u00f1o cerebral. A su recuperaci\u00f3n notamos un gran cambio a nivel sensorial, motoro, intelectual y emocional.&nbsp;Despu\u00e9s de andar mucho tiempo recorriendo entre profesionales de la salud lo diagnosticaron con retraso madurativo del lenguaje y el habla. Nosotros, al convivir, conocemos sus necesidades y comportamientos y fuimos encontrando, en el d\u00eda a d\u00eda, rasgos de una persona con autismo.<\/em><\/p>\n\n\n\n<p><em>Muchas veces en el CUD figuran un par de palabras pero sabemos que en la cotidianidad nos encontramos con m\u00e1s comportamientos que se acercan a la condici\u00f3n de autismo.&nbsp;<\/em><\/p>\n\n\n\n<p><strong><em>Sentimos que cuidar y acompa\u00f1ar a Santy es un gran acto de amor, aparejado de estr\u00e9s, incertidumbre y todo el tiempo es un gran desaf\u00edo. Ya sea en su independencia o en las actividades de la vida diaria, nosotros los padres ponemos muchas expectativas de inclusi\u00f3n: en el colegio, en las actividades sociales, el club, etc y, muchas veces, no se encuentra empat\u00eda, paciencia y contenci\u00f3n para una persona que no \u201cencaja\u201d en el grupo.&nbsp;<\/em><\/strong><\/p>\n\n\n\n<p><em>Hoy Santiago se encuentra feliz realizando sus actividades terap\u00e9uticas en forma individual y compartiendo con sus pares en Las Ilusiones donde nos recibieron con los brazos abiertos, atendiendo, escuchando y acompa\u00f1ando a cada alumno, mirando todas las posibilidades, intereses y motivaciones.<\/em><\/p>\n\n\n\n<p>\u00a1Gracias familia por compartir!<\/p>\n\n\n\n<p class=\"has-text-align-center\"><strong>Y que importante mirar desde las posibilidades.<\/strong><\/p>\n<\/div><\/div>\n","protected":false},"excerpt":{"rendered":"<p>Esta fecha fue declarada por la Asamblea General de las Naciones Unidas en 2007. Es una oportunidad para informarnos y conocer, para promover acciones y&hellip;<\/p>\n","protected":false},"author":2,"featured_media":0,"comment_status":"open","ping_status":"open","sticky":false,"template":"","format":"standard","meta":{"_monsterinsights_skip_tracking":false,"_monsterinsights_sitenote_active":false,"_monsterinsights_sitenote_note":"","_monsterinsights_sitenote_category":0,"footnotes":""},"categories":[4],"tags":[],"class_list":["post-2588","post","type-post","status-publish","format-standard","hentry","category-articulo"],"_links":{"self":[{"href":"https:\/\/lasilusiones.com.ar\/blog\/wp-json\/wp\/v2\/posts\/2588","targetHints":{"allow":["GET"]}}],"collection":[{"href":"https:\/\/lasilusiones.com.ar\/blog\/wp-json\/wp\/v2\/posts"}],"about":[{"href":"https:\/\/lasilusiones.com.ar\/blog\/wp-json\/wp\/v2\/types\/post"}],"author":[{"embeddable":true,"href":"https:\/\/lasilusiones.com.ar\/blog\/wp-json\/wp\/v2\/users\/2"}],"replies":[{"embeddable":true,"href":"https:\/\/lasilusiones.com.ar\/blog\/wp-json\/wp\/v2\/comments?post=2588"}],"version-history":[{"count":4,"href":"https:\/\/lasilusiones.com.ar\/blog\/wp-json\/wp\/v2\/posts\/2588\/revisions"}],"predecessor-version":[{"id":2593,"href":"https:\/\/lasilusiones.com.ar\/blog\/wp-json\/wp\/v2\/posts\/2588\/revisions\/2593"}],"wp:attachment":[{"href":"https:\/\/lasilusiones.com.ar\/blog\/wp-json\/wp\/v2\/media?parent=2588"}],"wp:term":[{"taxonomy":"category","embeddable":true,"href":"https:\/\/lasilusiones.com.ar\/blog\/wp-json\/wp\/v2\/categories?post=2588"},{"taxonomy":"post_tag","embeddable":true,"href":"https:\/\/lasilusiones.com.ar\/blog\/wp-json\/wp\/v2\/tags?post=2588"}],"curies":[{"name":"wp","href":"https:\/\/api.w.org\/{rel}","templated":true}]}}