{"id":263,"date":"2019-02-22T13:15:59","date_gmt":"2019-02-22T16:15:59","guid":{"rendered":"https:\/\/lasilusiones.com.ar\/blog\/?p=263"},"modified":"2019-02-22T13:15:59","modified_gmt":"2019-02-22T16:15:59","slug":"una-gran-propuesta-de-arte-inclusivo-llega-al-festival-de-teatro-de-la-provincia-de-buenos-aires-revista-pronto","status":"publish","type":"post","link":"https:\/\/lasilusiones.com.ar\/blog\/una-gran-propuesta-de-arte-inclusivo-llega-al-festival-de-teatro-de-la-provincia-de-buenos-aires-revista-pronto\/","title":{"rendered":"Una gran propuesta de arte inclusivo llega al Festival de Teatro de la Provincia de Buenos Aires &#8211; Revista Pronto"},"content":{"rendered":"<h1 class=\"title\">Una gran propuesta de arte inclusivo llega al Festival de Teatro de la Provincia de Buenos Aires<\/h1>\n<div class=\"summary\">\n<p>La compa\u00f1\u00eda \u201cLas ilusiones\u201d presentar\u00e1\u00a0su obra \u201cVenecia\u201d en la sala de la \u00a0Fundaci\u00f3n Soldi de Glew. La entrada ser\u00e1 libre y gratuita para el p\u00fablico.<\/p>\n<\/div>\n<div class=\"content-data\">\n<div class=\"content-body inner-article-data\">\n<div class=\"body espectaculos\">\n<p>La sede de Lan\u00fas de esta compa\u00f1\u00eda art\u00edstica de actores con discapacidad intelectual presentar\u00e1 una comedia apta para toda la familia el pr\u00f3ximo 28 de febrero a las 20.30 horas&#8230;.<\/p>\n<\/div>\n<\/div>\n<\/div>\n<p><a href=\"https:\/\/www.pronto.com.ar\/articulo\/espectaculos\/gran-propuesta-arte-inclusivo-llega-festival-teatro-provincia-buenos-aires\/20190222125757315734.html\">PARA LEER TODA LA NOTA CLICK AC\u00c1<\/a><\/p>\n<p>&nbsp;<\/p>\n<p><img loading=\"lazy\" decoding=\"async\" class=\"alignnone size-medium wp-image-264\" src=\"https:\/\/lasilusiones.com.ar\/blog\/wp-content\/uploads\/2019\/08\/Revista-Pronto-_22-de-febrero-300x296.jpg\" alt=\"\" width=\"300\" height=\"296\" \/><\/p>\n","protected":false},"excerpt":{"rendered":"<p>Una gran propuesta de arte inclusivo llega al Festival de Teatro de la Provincia de Buenos Aires La compa\u00f1\u00eda \u201cLas ilusiones\u201d presentar\u00e1\u00a0su obra \u201cVenecia\u201d en&hellip;<\/p>\n","protected":false},"author":1,"featured_media":264,"comment_status":"open","ping_status":"open","sticky":false,"template":"","format":"standard","meta":{"_monsterinsights_skip_tracking":false,"_monsterinsights_sitenote_active":false,"_monsterinsights_sitenote_note":"","_monsterinsights_sitenote_category":0,"footnotes":""},"categories":[6,8],"tags":[],"class_list":["post-263","post","type-post","status-publish","format-standard","has-post-thumbnail","hentry","category-funciones","category-prensa"],"_links":{"self":[{"href":"https:\/\/lasilusiones.com.ar\/blog\/wp-json\/wp\/v2\/posts\/263","targetHints":{"allow":["GET"]}}],"collection":[{"href":"https:\/\/lasilusiones.com.ar\/blog\/wp-json\/wp\/v2\/posts"}],"about":[{"href":"https:\/\/lasilusiones.com.ar\/blog\/wp-json\/wp\/v2\/types\/post"}],"author":[{"embeddable":true,"href":"https:\/\/lasilusiones.com.ar\/blog\/wp-json\/wp\/v2\/users\/1"}],"replies":[{"embeddable":true,"href":"https:\/\/lasilusiones.com.ar\/blog\/wp-json\/wp\/v2\/comments?post=263"}],"version-history":[{"count":0,"href":"https:\/\/lasilusiones.com.ar\/blog\/wp-json\/wp\/v2\/posts\/263\/revisions"}],"wp:featuredmedia":[{"embeddable":true,"href":"https:\/\/lasilusiones.com.ar\/blog\/wp-json\/"}],"wp:attachment":[{"href":"https:\/\/lasilusiones.com.ar\/blog\/wp-json\/wp\/v2\/media?parent=263"}],"wp:term":[{"taxonomy":"category","embeddable":true,"href":"https:\/\/lasilusiones.com.ar\/blog\/wp-json\/wp\/v2\/categories?post=263"},{"taxonomy":"post_tag","embeddable":true,"href":"https:\/\/lasilusiones.com.ar\/blog\/wp-json\/wp\/v2\/tags?post=263"}],"curies":[{"name":"wp","href":"https:\/\/api.w.org\/{rel}","templated":true}]}}