{"id":2635,"date":"2024-06-07T07:41:02","date_gmt":"2024-06-07T10:41:02","guid":{"rendered":"https:\/\/lasilusiones.com.ar\/blog\/?p=2635"},"modified":"2024-06-07T07:41:02","modified_gmt":"2024-06-07T10:41:02","slug":"7-de-junio-dia-del-periodista","status":"publish","type":"post","link":"https:\/\/lasilusiones.com.ar\/blog\/7-de-junio-dia-del-periodista\/","title":{"rendered":"7 de junio: D\u00eda del Periodista"},"content":{"rendered":"\n<p><\/p>\n\n\n\n<p>Hoy es el <strong>D\u00eda del Periodista<\/strong>, fecha que conmemora la impresi\u00f3n del primer ejemplar de \u201c<em>La Gazeta de Buenos Ayres<\/em>\u201d, un peri\u00f3dico semanal pensado como medio de difusi\u00f3n de las ideas de la Primera Junta de Gobierno, en 1810. Fue creado por\u00a0 Mariano Moreno, abogado, periodista, pol\u00edtico y part\u00edcipe de la Revoluci\u00f3n de Mayo. Este d\u00eda fue establecido en 1938 por el Primer Congreso Nacional de Periodistas celebrado en C\u00f3rdoba.<\/p>\n\n\n<div class=\"wp-block-image\">\n<figure class=\"aligncenter size-full is-resized\"><img loading=\"lazy\" decoding=\"async\" width=\"876\" height=\"268\" src=\"https:\/\/lasilusiones.com.ar\/blog\/wp-content\/uploads\/2024\/06\/image.png\" alt=\"\" class=\"wp-image-2636\" style=\"width:596px;height:auto\" srcset=\"https:\/\/lasilusiones.com.ar\/blog\/wp-content\/uploads\/2024\/06\/image.png 876w, https:\/\/lasilusiones.com.ar\/blog\/wp-content\/uploads\/2024\/06\/image-300x92.png 300w, https:\/\/lasilusiones.com.ar\/blog\/wp-content\/uploads\/2024\/06\/image-768x235.png 768w\" sizes=\"auto, (max-width: 876px) 100vw, 876px\" \/><\/figure>\n<\/div>\n\n\n<p><strong>Mart\u00edn Alejandro Papa<\/strong>, forma parte del programa TAO, donde realiz\u00f3 un entrenamiento de vida independiente en la Casa TAO junto con Santi Puiggari y Juani Torres (baterista de Los Bonette). Mientras est\u00e1 en la b\u00fasqueda de departamento para poder irse a vivir junto a sus amigos, se dedica a esta profesi\u00f3n que ama: es <strong>periodista deportivo<\/strong>. Charlamos con \u00e9l para celebrar este d\u00eda y nos cuente algo de su vida.<\/p>\n\n\n\n<ul class=\"wp-block-list\">\n<li><strong>\u00bfC\u00f3mo elegiste esta profesi\u00f3n?<\/strong><\/li>\n<\/ul>\n\n\n\n<p><em>Decid\u00ed ser periodista porque a m\u00ed me encanta el deporte lo miro mucho por tele y tambi\u00e9n lo practico. Estudi\u00e9 en el Instituto 20 de junio &#8211; Scuole CCI y actualmente estoy trabajando en una radio todos los lunes a la ma\u00f1ana y hago video en TikTok dando informaci\u00f3n deportiva para que la gente est\u00e9 bien informada de todos los deportes. Tambi\u00e9n doy clases de tenis en la fundaci\u00f3n Bacigalupo, donde le ense\u00f1o a chicos con discapacidad<\/em>.<\/p>\n\n\n\n<ul class=\"wp-block-list\">\n<li><strong>\u00bfTen\u00e9s alg\u00fan sue\u00f1o para tu carrera?<\/strong><\/li>\n<\/ul>\n\n\n\n<div class=\"wp-block-media-text is-stacked-on-mobile\"><figure class=\"wp-block-media-text__media\"><img loading=\"lazy\" decoding=\"async\" width=\"720\" height=\"212\" src=\"https:\/\/lasilusiones.com.ar\/blog\/wp-content\/uploads\/2024\/06\/sabatini-1.jpg\" alt=\"\" class=\"wp-image-2640 size-full\" srcset=\"https:\/\/lasilusiones.com.ar\/blog\/wp-content\/uploads\/2024\/06\/sabatini-1.jpg 720w, https:\/\/lasilusiones.com.ar\/blog\/wp-content\/uploads\/2024\/06\/sabatini-1-300x88.jpg 300w\" sizes=\"auto, (max-width: 720px) 100vw, 720px\" \/><\/figure><div class=\"wp-block-media-text__content\">\n<p><\/p>\n\n\n\n<p><em>Mi sue\u00f1o es llegar a trabajar en los programas de televisi\u00f3n, eso es lo que m\u00e1s quiero. De chiquito no me gustaba hacer entrevistas, pensaba dedicarme a otras profesiones pero de grande me empez\u00f3 a gustar. Hice entrevistas a varios famosos, fueron experiencias muy lindas, como cuando entrevist\u00e9 a Gaby Sabatini (foto) y tambi\u00e9n a jugadores y ex jugadores de f\u00fatbol.<\/em><\/p>\n<\/div><\/div>\n\n\n\n<ul class=\"wp-block-list\">\n<li><strong>Contanos algo de vos\u00a0<\/strong><\/li>\n<\/ul>\n\n\n\n<p><em>Tengo 29 a\u00f1os, una hermosa familia que me apoya siempre en todo lo que hago; mis padres Daniel y Amelia y mi hermana mayor, Julieta. Ellos son muy buenos, me han ense\u00f1ado mucho, para avanzar, para ir adelante siempre. Hace poquito tuve una experiencia de vivir con dos amigos, para aprender a convivir juntos en una casa y estuvo muy hermoso. Ah\u00ed aprend\u00ed a llevarme bien con otros amigos, a conocer c\u00f3mo es vivir con otras personas que no conoc\u00eda. En lo social tengo muchos amigos y tengo a mi novia que se llama Sof\u00eda, estamos juntos hace 15 a\u00f1os y so\u00f1amos con poder casarnos, vivir juntos y formar una familia.<\/em><\/p>\n\n\n\n<figure class=\"wp-block-gallery has-nested-images columns-default is-cropped wp-block-gallery-1 is-layout-flex wp-block-gallery-is-layout-flex\">\n<figure class=\"wp-block-image size-large\"><img loading=\"lazy\" decoding=\"async\" width=\"585\" height=\"453\" data-id=\"2641\" src=\"https:\/\/lasilusiones.com.ar\/blog\/wp-content\/uploads\/2024\/06\/familia.jpg\" alt=\"\" class=\"wp-image-2641\" srcset=\"https:\/\/lasilusiones.com.ar\/blog\/wp-content\/uploads\/2024\/06\/familia.jpg 585w, https:\/\/lasilusiones.com.ar\/blog\/wp-content\/uploads\/2024\/06\/familia-300x232.jpg 300w\" sizes=\"auto, (max-width: 585px) 100vw, 585px\" \/><\/figure>\n\n\n\n<figure class=\"wp-block-image size-large\"><img loading=\"lazy\" decoding=\"async\" width=\"1024\" height=\"576\" data-id=\"2642\" src=\"https:\/\/lasilusiones.com.ar\/blog\/wp-content\/uploads\/2024\/06\/novia-1024x576.jpg\" alt=\"\" class=\"wp-image-2642\" srcset=\"https:\/\/lasilusiones.com.ar\/blog\/wp-content\/uploads\/2024\/06\/novia-1024x576.jpg 1024w, https:\/\/lasilusiones.com.ar\/blog\/wp-content\/uploads\/2024\/06\/novia-300x169.jpg 300w, https:\/\/lasilusiones.com.ar\/blog\/wp-content\/uploads\/2024\/06\/novia-768x432.jpg 768w, https:\/\/lasilusiones.com.ar\/blog\/wp-content\/uploads\/2024\/06\/novia-1536x864.jpg 1536w, https:\/\/lasilusiones.com.ar\/blog\/wp-content\/uploads\/2024\/06\/novia.jpg 1592w\" sizes=\"auto, (max-width: 1024px) 100vw, 1024px\" \/><\/figure>\n<\/figure>\n\n\n\n<p><\/p>\n\n\n\n<p class=\"has-text-align-center\"><strong>\u00a1Gracias Mart\u00edn por compartir algo de tu vida con nosotros y saludamos a todos los periodistas en su d\u00eda!<\/strong><\/p>\n","protected":false},"excerpt":{"rendered":"<p>Hoy es el D\u00eda del Periodista, fecha que conmemora la impresi\u00f3n del primer ejemplar de \u201cLa Gazeta de Buenos Ayres\u201d, un peri\u00f3dico semanal pensado como&hellip;<\/p>\n","protected":false},"author":2,"featured_media":0,"comment_status":"open","ping_status":"open","sticky":false,"template":"","format":"standard","meta":{"_monsterinsights_skip_tracking":false,"_monsterinsights_sitenote_active":false,"_monsterinsights_sitenote_note":"","_monsterinsights_sitenote_category":0,"footnotes":""},"categories":[4],"tags":[],"class_list":["post-2635","post","type-post","status-publish","format-standard","hentry","category-articulo"],"_links":{"self":[{"href":"https:\/\/lasilusiones.com.ar\/blog\/wp-json\/wp\/v2\/posts\/2635","targetHints":{"allow":["GET"]}}],"collection":[{"href":"https:\/\/lasilusiones.com.ar\/blog\/wp-json\/wp\/v2\/posts"}],"about":[{"href":"https:\/\/lasilusiones.com.ar\/blog\/wp-json\/wp\/v2\/types\/post"}],"author":[{"embeddable":true,"href":"https:\/\/lasilusiones.com.ar\/blog\/wp-json\/wp\/v2\/users\/2"}],"replies":[{"embeddable":true,"href":"https:\/\/lasilusiones.com.ar\/blog\/wp-json\/wp\/v2\/comments?post=2635"}],"version-history":[{"count":1,"href":"https:\/\/lasilusiones.com.ar\/blog\/wp-json\/wp\/v2\/posts\/2635\/revisions"}],"predecessor-version":[{"id":2643,"href":"https:\/\/lasilusiones.com.ar\/blog\/wp-json\/wp\/v2\/posts\/2635\/revisions\/2643"}],"wp:attachment":[{"href":"https:\/\/lasilusiones.com.ar\/blog\/wp-json\/wp\/v2\/media?parent=2635"}],"wp:term":[{"taxonomy":"category","embeddable":true,"href":"https:\/\/lasilusiones.com.ar\/blog\/wp-json\/wp\/v2\/categories?post=2635"},{"taxonomy":"post_tag","embeddable":true,"href":"https:\/\/lasilusiones.com.ar\/blog\/wp-json\/wp\/v2\/tags?post=2635"}],"curies":[{"name":"wp","href":"https:\/\/api.w.org\/{rel}","templated":true}]}}