{"id":2645,"date":"2024-06-17T11:27:16","date_gmt":"2024-06-17T14:27:16","guid":{"rendered":"https:\/\/lasilusiones.com.ar\/blog\/?p=2645"},"modified":"2024-06-17T11:29:42","modified_gmt":"2024-06-17T14:29:42","slug":"ley-14519-correcta-denominacion-de-las-personas-con-discapacidad","status":"publish","type":"post","link":"https:\/\/lasilusiones.com.ar\/blog\/ley-14519-correcta-denominacion-de-las-personas-con-discapacidad\/","title":{"rendered":"Ley 14519: correcta denominaci\u00f3n de las Personas con Discapacidad"},"content":{"rendered":"\n<p><\/p>\n\n\n\n<p>La Provincia de Buenos Aires, en l\u00ednea con la Convenci\u00f3n sobre los Derechos de las Personas con Discapacidad, estableci\u00f3, mediante la sanci\u00f3n de la Ley 14519 como obligatoria la denominaci\u00f3n <strong>&#8220;Persona con Discapacidad&#8221;<\/strong> para toda persona que, conforme lo establece el Art\u00edculo 1 del Tratado de Derechos Humanos, <em>tenga deficiencias f\u00edsicas, mentales, intelectuales o sensoriales a largo plazo que, al interactuar con diversas barreras, puedan impedir su participaci\u00f3n plena y efectiva en la sociedad, en igualdad de condiciones con las dem\u00e1s<\/em>.<\/p>\n\n\n\n<p>Como sostenemos desde nuestra comunidad, <strong><em>la discapacidad no define a la persona<\/em><\/strong>, s\u00f3lo es una caracter\u00edstica m\u00e1s que la acompa\u00f1a y que contemplamos como una singularidad propia para potenciar las posibilidades y alcanzar nuevas potencialidades junto al sujeto.\u00a0<\/p>\n\n\n\n<p>Estamos convencidos de que al mencionar la palabra \u201cpersona\u201d <strong>contribuimos a visibilizar los derechos humanos <\/strong>que le pertenecen, en pos de una b\u00fasqueda de igualdad de oportunidades que garanticen una vida digna y placentera.\u00a0\u00a0<\/p>\n\n\n\n<p>M\u00e1s all\u00e1 de la Ley, que nos aporta las herramientas para hablar de las personas con discapacidad como sujeto de derecho, es un aspecto cultural, siendo el<strong> inicio de toda construcci\u00f3n social inclusiva<\/strong>.\u00a0\u00a0<\/p>\n\n\n\n<p>Puede parecer s\u00f3lo una cuesti\u00f3n de maneras, pero el lenguaje, la forma en que nombramos, construye realidades. Construir un mundo m\u00e1s emp\u00e1tico, inclusivo, justo y con oportunidades para todos, empieza por desnaturalizar las formas habituales con las que nombramos al otro, diferente a uno.\u00a0<\/p>\n\n\n\n<p>Pod\u00e9s acceder <a href=\"https:\/\/normas.gba.gob.ar\/documentos\/Byv2ws4V.html\" data-type=\"link\" data-id=\"https:\/\/normas.gba.gob.ar\/documentos\/Byv2ws4V.html\">al texto en este link<\/a> y te dejamos <a href=\"https:\/\/www.youtube.com\/watch?v=-m9Thm0YK5k\" data-type=\"link\" data-id=\"https:\/\/www.youtube.com\/watch?v=-m9Thm0YK5k\">este video de Los Bonette<\/a>, para reflexionar desde el arte.<\/p>\n","protected":false},"excerpt":{"rendered":"<p>La Provincia de Buenos Aires, en l\u00ednea con la Convenci\u00f3n sobre los Derechos de las Personas con Discapacidad, estableci\u00f3, mediante la sanci\u00f3n de la Ley&hellip;<\/p>\n","protected":false},"author":2,"featured_media":0,"comment_status":"open","ping_status":"open","sticky":false,"template":"","format":"standard","meta":{"_monsterinsights_skip_tracking":false,"_monsterinsights_sitenote_active":false,"_monsterinsights_sitenote_note":"","_monsterinsights_sitenote_category":0,"footnotes":""},"categories":[4],"tags":[],"class_list":["post-2645","post","type-post","status-publish","format-standard","hentry","category-articulo"],"_links":{"self":[{"href":"https:\/\/lasilusiones.com.ar\/blog\/wp-json\/wp\/v2\/posts\/2645","targetHints":{"allow":["GET"]}}],"collection":[{"href":"https:\/\/lasilusiones.com.ar\/blog\/wp-json\/wp\/v2\/posts"}],"about":[{"href":"https:\/\/lasilusiones.com.ar\/blog\/wp-json\/wp\/v2\/types\/post"}],"author":[{"embeddable":true,"href":"https:\/\/lasilusiones.com.ar\/blog\/wp-json\/wp\/v2\/users\/2"}],"replies":[{"embeddable":true,"href":"https:\/\/lasilusiones.com.ar\/blog\/wp-json\/wp\/v2\/comments?post=2645"}],"version-history":[{"count":3,"href":"https:\/\/lasilusiones.com.ar\/blog\/wp-json\/wp\/v2\/posts\/2645\/revisions"}],"predecessor-version":[{"id":2648,"href":"https:\/\/lasilusiones.com.ar\/blog\/wp-json\/wp\/v2\/posts\/2645\/revisions\/2648"}],"wp:attachment":[{"href":"https:\/\/lasilusiones.com.ar\/blog\/wp-json\/wp\/v2\/media?parent=2645"}],"wp:term":[{"taxonomy":"category","embeddable":true,"href":"https:\/\/lasilusiones.com.ar\/blog\/wp-json\/wp\/v2\/categories?post=2645"},{"taxonomy":"post_tag","embeddable":true,"href":"https:\/\/lasilusiones.com.ar\/blog\/wp-json\/wp\/v2\/tags?post=2645"}],"curies":[{"name":"wp","href":"https:\/\/api.w.org\/{rel}","templated":true}]}}