{"id":2655,"date":"2024-07-20T12:39:20","date_gmt":"2024-07-20T15:39:20","guid":{"rendered":"https:\/\/lasilusiones.com.ar\/blog\/?p=2655"},"modified":"2024-07-20T12:39:20","modified_gmt":"2024-07-20T15:39:20","slug":"20-de-julio-dia-de-la-amistad","status":"publish","type":"post","link":"https:\/\/lasilusiones.com.ar\/blog\/20-de-julio-dia-de-la-amistad\/","title":{"rendered":"20 de julio: D\u00eda de la Amistad"},"content":{"rendered":"\n<p>Hoy, 20 de julio, en Argentina y en otros pa\u00edses, se festeja el D\u00eda de la Amistad.&nbsp;<\/p>\n\n\n\n<p>Una fecha para celebrar a esas personas que, m\u00e1s all\u00e1 de donde se encuentren f\u00edsicamente, est\u00e1n cerca de nuestro coraz\u00f3n. Con una palabra, un silencio, un abrazo o una sonrisa, nos acompa\u00f1an cada d\u00eda. <\/p>\n\n\n\n<p>En Las Ilusiones hemos hecho grandes amistades y por eso quisimos compartir sus palabras sobre c\u00f3mo viven la amistad.<\/p>\n\n\n\n<p><em>\u201cHola amigos y amigas de las ilusiones, soy <strong>Gisela Amarillo<\/strong> de la compa\u00f1\u00eda teatral <strong>Oveja Negra.<\/strong> Me invitaron a hablar un poquito sobre la amistad en esta semana de julio, y para m\u00ed, la amistad es algo muy importante de la vida, es algo sagrado, es algo que me contiene, es mi familia. Tambi\u00e9n pienso en relaci\u00f3n a Juan y a Las Ilusiones, que hacemos una amistad en esta lucha por visibilizar a las personas, por el arte. Siento que las ilusiones y las ovejas somos amigas porque nos encontramos en este camino,&nbsp; \u00bfno? Un camino de hacer un mundo mejor, m\u00e1s ancho y m\u00e1s justo. As\u00ed que, \u00a1A festejar el d\u00eda del amigo y de la amiga y a ser muy felices con la amistad que es algo realmente hermoso que exista!\u201d<\/em><\/p>\n\n\n\n<p><em>&#8220;Hola, soy <strong>Omi<\/strong> de <strong>Magia Inclusiva<\/strong>. Con Ale nos conocemos hace 10 a\u00f1os, nuestro v\u00ednculo surgi\u00f3 a partir de Las Ilusiones, \u00e9l era artista de la comunidad y Nina me lo present\u00f3 para que pueda trabajar como asistente en mi show de magia, propuesta que nunca sucedi\u00f3 porque a ra\u00edz de esta idea naci\u00f3 &#8220;MAGIA INCLUSIVA&#8221; y Ale se convirti\u00f3 en el mago del espect\u00e1culo y yo su asistente. Nosotros decimos que somos amigos y socios, compartimos muchas cosas juntos, desde lo laboral m\u00e1s&nbsp;all\u00e1 de la rutina de los shows que hacemos en la cotidianeidad, tambi\u00e9n compartimos giras, hemos convivido muchos d\u00edas de viaje y eso nos permiti\u00f3 conocernos desde otro lugar. Desde lo personal compartimos tiempo juntos como amigos y&nbsp;tambi\u00e9n con nuestras familias, estamos presentes en los cumplea\u00f1os y en muchas ocasiones disfrutamos de tardes de playa, meriendas y cenas.&nbsp;Ser amigo de Ale, es aprender cada d\u00eda algo nuevo en un v\u00ednculo que se fortalece de ambas partes aceptandonos cada uno desde nuestra singularidad como en todas las amistades.\u201d &#8211; Omi <\/em><\/p>\n\n\n\n<p><em>&#8220;Omi es un gran amigo, \u00e9l me ense\u00f1a hacer magia y me da consejos de amistad.&nbsp;A mi me gusta ir a cenar con \u00e9l, tomar un mate con churros en la playa, ir a su casa a tomar un caf\u00e9, eso es ser amigos.&nbsp;Es importante ser buena onda con los amigos y mandar mensaje de WhatsApp para saber c\u00f3mo andan.\u201d &#8211; Ale<\/em><\/p>\n\n\n\n<p>&#8220;<em>Hoy, en el D\u00eda de la amistad, queremos saludar a nuestros amigos y amigas de Las Ilusiones, que conocemos tambi\u00e9n\u00a0hace muchos a\u00f1os y han sido un eslab\u00f3n fundamental en nuestro encuentro con Ale. \u00a1Gracias a esta bella comunidad por ser lugar de encuentro para celebrar muchas amistades!\u201d &#8211; Ale y Omi<\/em><\/p>\n\n\n\n<p class=\"has-text-align-center\"><strong>Y de parte de todas las personas que formamos esta hermosa familia<\/strong>:<\/p>\n\n\n\n<p class=\"has-text-align-center\"><strong>\u00a1Feliz d\u00eda de la Amistad!<\/strong><\/p>\n","protected":false},"excerpt":{"rendered":"<p>Hoy, 20 de julio, en Argentina y en otros pa\u00edses, se festeja el D\u00eda de la Amistad.&nbsp; Una fecha para celebrar a esas personas que,&hellip;<\/p>\n","protected":false},"author":2,"featured_media":0,"comment_status":"open","ping_status":"open","sticky":false,"template":"","format":"standard","meta":{"_monsterinsights_skip_tracking":false,"_monsterinsights_sitenote_active":false,"_monsterinsights_sitenote_note":"","_monsterinsights_sitenote_category":0,"footnotes":""},"categories":[4],"tags":[],"class_list":["post-2655","post","type-post","status-publish","format-standard","hentry","category-articulo"],"_links":{"self":[{"href":"https:\/\/lasilusiones.com.ar\/blog\/wp-json\/wp\/v2\/posts\/2655","targetHints":{"allow":["GET"]}}],"collection":[{"href":"https:\/\/lasilusiones.com.ar\/blog\/wp-json\/wp\/v2\/posts"}],"about":[{"href":"https:\/\/lasilusiones.com.ar\/blog\/wp-json\/wp\/v2\/types\/post"}],"author":[{"embeddable":true,"href":"https:\/\/lasilusiones.com.ar\/blog\/wp-json\/wp\/v2\/users\/2"}],"replies":[{"embeddable":true,"href":"https:\/\/lasilusiones.com.ar\/blog\/wp-json\/wp\/v2\/comments?post=2655"}],"version-history":[{"count":4,"href":"https:\/\/lasilusiones.com.ar\/blog\/wp-json\/wp\/v2\/posts\/2655\/revisions"}],"predecessor-version":[{"id":2659,"href":"https:\/\/lasilusiones.com.ar\/blog\/wp-json\/wp\/v2\/posts\/2655\/revisions\/2659"}],"wp:attachment":[{"href":"https:\/\/lasilusiones.com.ar\/blog\/wp-json\/wp\/v2\/media?parent=2655"}],"wp:term":[{"taxonomy":"category","embeddable":true,"href":"https:\/\/lasilusiones.com.ar\/blog\/wp-json\/wp\/v2\/categories?post=2655"},{"taxonomy":"post_tag","embeddable":true,"href":"https:\/\/lasilusiones.com.ar\/blog\/wp-json\/wp\/v2\/tags?post=2655"}],"curies":[{"name":"wp","href":"https:\/\/api.w.org\/{rel}","templated":true}]}}