{"id":2691,"date":"2024-09-26T07:09:17","date_gmt":"2024-09-26T10:09:17","guid":{"rendered":"https:\/\/lasilusiones.com.ar\/blog\/?p=2691"},"modified":"2024-09-26T07:09:17","modified_gmt":"2024-09-26T10:09:17","slug":"recibimos-una-nueva-distincion","status":"publish","type":"post","link":"https:\/\/lasilusiones.com.ar\/blog\/recibimos-una-nueva-distincion\/","title":{"rendered":"Recibimos una nueva distinci\u00f3n"},"content":{"rendered":"\n<p>Es un orgullo contarles que la Legislatura de la Ciudad de Buenos Aires ha distinguido, una vez m\u00e1s, a Las Ilusiones. En este caso, declar\u00e1ndonos de inter\u00e9s social y cultural, adem\u00e1s de reconocernos como promotores de los derechos de las personas con discapacidad. <\/p>\n\n\n\n<figure class=\"wp-block-image size-large\"><img loading=\"lazy\" decoding=\"async\" width=\"1024\" height=\"514\" src=\"https:\/\/lasilusiones.com.ar\/blog\/wp-content\/uploads\/2024\/09\/Screenshot_20240925_224837_Drive-1-1024x514.jpg\" alt=\"\" class=\"wp-image-2693\" srcset=\"https:\/\/lasilusiones.com.ar\/blog\/wp-content\/uploads\/2024\/09\/Screenshot_20240925_224837_Drive-1-1024x514.jpg 1024w, https:\/\/lasilusiones.com.ar\/blog\/wp-content\/uploads\/2024\/09\/Screenshot_20240925_224837_Drive-1-300x151.jpg 300w, https:\/\/lasilusiones.com.ar\/blog\/wp-content\/uploads\/2024\/09\/Screenshot_20240925_224837_Drive-1-768x386.jpg 768w, https:\/\/lasilusiones.com.ar\/blog\/wp-content\/uploads\/2024\/09\/Screenshot_20240925_224837_Drive-1-1536x772.jpg 1536w, https:\/\/lasilusiones.com.ar\/blog\/wp-content\/uploads\/2024\/09\/Screenshot_20240925_224837_Drive-1.jpg 1700w\" sizes=\"auto, (max-width: 1024px) 100vw, 1024px\" \/><\/figure>\n\n\n\n<p><\/p>\n\n\n\n<p>Es una alegr\u00eda muy grande seguir recibiendo reconocimientos en estos 16 a\u00f1os de recorrido. Como tambi\u00e9n nos hace muy felices que tantas familias nos sigan acompa\u00f1ando y confiando en este proyecto. <\/p>\n\n\n\n<p>\u00a1Gracias!<\/p>\n","protected":false},"excerpt":{"rendered":"<p>Es un orgullo contarles que la Legislatura de la Ciudad de Buenos Aires ha distinguido, una vez m\u00e1s, a Las Ilusiones. En este caso, declar\u00e1ndonos&hellip;<\/p>\n","protected":false},"author":1,"featured_media":0,"comment_status":"open","ping_status":"open","sticky":false,"template":"","format":"standard","meta":{"_monsterinsights_skip_tracking":false,"_monsterinsights_sitenote_active":false,"_monsterinsights_sitenote_note":"","_monsterinsights_sitenote_category":0,"footnotes":""},"categories":[4],"tags":[],"class_list":["post-2691","post","type-post","status-publish","format-standard","hentry","category-articulo"],"_links":{"self":[{"href":"https:\/\/lasilusiones.com.ar\/blog\/wp-json\/wp\/v2\/posts\/2691","targetHints":{"allow":["GET"]}}],"collection":[{"href":"https:\/\/lasilusiones.com.ar\/blog\/wp-json\/wp\/v2\/posts"}],"about":[{"href":"https:\/\/lasilusiones.com.ar\/blog\/wp-json\/wp\/v2\/types\/post"}],"author":[{"embeddable":true,"href":"https:\/\/lasilusiones.com.ar\/blog\/wp-json\/wp\/v2\/users\/1"}],"replies":[{"embeddable":true,"href":"https:\/\/lasilusiones.com.ar\/blog\/wp-json\/wp\/v2\/comments?post=2691"}],"version-history":[{"count":1,"href":"https:\/\/lasilusiones.com.ar\/blog\/wp-json\/wp\/v2\/posts\/2691\/revisions"}],"predecessor-version":[{"id":2694,"href":"https:\/\/lasilusiones.com.ar\/blog\/wp-json\/wp\/v2\/posts\/2691\/revisions\/2694"}],"wp:attachment":[{"href":"https:\/\/lasilusiones.com.ar\/blog\/wp-json\/wp\/v2\/media?parent=2691"}],"wp:term":[{"taxonomy":"category","embeddable":true,"href":"https:\/\/lasilusiones.com.ar\/blog\/wp-json\/wp\/v2\/categories?post=2691"},{"taxonomy":"post_tag","embeddable":true,"href":"https:\/\/lasilusiones.com.ar\/blog\/wp-json\/wp\/v2\/tags?post=2691"}],"curies":[{"name":"wp","href":"https:\/\/api.w.org\/{rel}","templated":true}]}}