{"id":270,"date":"2019-09-27T17:04:04","date_gmt":"2019-09-27T20:04:04","guid":{"rendered":"https:\/\/lasilusiones.com.ar\/blog\/?p=270"},"modified":"2019-09-27T17:04:04","modified_gmt":"2019-09-27T20:04:04","slug":"el-actor-anthony-jara-fue-entrevistado-por-el-diario-tiempo-argentino","status":"publish","type":"post","link":"https:\/\/lasilusiones.com.ar\/blog\/el-actor-anthony-jara-fue-entrevistado-por-el-diario-tiempo-argentino\/","title":{"rendered":"El actor Anthony Jara fue entrevistado por el diario Tiempo Argentino"},"content":{"rendered":"<h1 class=\"art-headline\">Tiene S\u00edndrome de Down, trabaja en el Mercado Central y sue\u00f1a con ser un actor famoso<\/h1>\n<div class=\"art-lead\">\n<p>Anthony Jara tiene 37 a\u00f1os y vive en Gonz\u00e1lez Cat\u00e1n. Su ejemplo derriba los mitos sobre la discapacidad intelectual. &#8220;Quiero tener prestigio&#8221;, reconoce.<\/p>\n<p><img loading=\"lazy\" decoding=\"async\" class=\"alignnone size-medium wp-image-271\" src=\"https:\/\/lasilusiones.com.ar\/blog\/wp-content\/uploads\/2019\/10\/Anthony-300x201.jpg\" alt=\"\" width=\"300\" height=\"201\" \/><\/p>\n<\/div>\n<p>&nbsp;<\/p>\n<p><a href=\"https:\/\/www.tiempoar.com.ar\/nota\/tiene-sindrome-de-down-trabaja-en-el-mercado-central-y-suena-con-ser-un-actor-famoso\">Para leer la nota completa CLICK AQU\u00cd<\/a><\/p>\n","protected":false},"excerpt":{"rendered":"<p>Tiene S\u00edndrome de Down, trabaja en el Mercado Central y sue\u00f1a con ser un actor famoso Anthony Jara tiene 37 a\u00f1os y vive en Gonz\u00e1lez&hellip;<\/p>\n","protected":false},"author":1,"featured_media":271,"comment_status":"open","ping_status":"open","sticky":false,"template":"","format":"standard","meta":{"_monsterinsights_skip_tracking":false,"_monsterinsights_sitenote_active":false,"_monsterinsights_sitenote_note":"","_monsterinsights_sitenote_category":0,"footnotes":""},"categories":[8],"tags":[],"class_list":["post-270","post","type-post","status-publish","format-standard","has-post-thumbnail","hentry","category-prensa"],"_links":{"self":[{"href":"https:\/\/lasilusiones.com.ar\/blog\/wp-json\/wp\/v2\/posts\/270","targetHints":{"allow":["GET"]}}],"collection":[{"href":"https:\/\/lasilusiones.com.ar\/blog\/wp-json\/wp\/v2\/posts"}],"about":[{"href":"https:\/\/lasilusiones.com.ar\/blog\/wp-json\/wp\/v2\/types\/post"}],"author":[{"embeddable":true,"href":"https:\/\/lasilusiones.com.ar\/blog\/wp-json\/wp\/v2\/users\/1"}],"replies":[{"embeddable":true,"href":"https:\/\/lasilusiones.com.ar\/blog\/wp-json\/wp\/v2\/comments?post=270"}],"version-history":[{"count":0,"href":"https:\/\/lasilusiones.com.ar\/blog\/wp-json\/wp\/v2\/posts\/270\/revisions"}],"wp:featuredmedia":[{"embeddable":true,"href":"https:\/\/lasilusiones.com.ar\/blog\/wp-json\/"}],"wp:attachment":[{"href":"https:\/\/lasilusiones.com.ar\/blog\/wp-json\/wp\/v2\/media?parent=270"}],"wp:term":[{"taxonomy":"category","embeddable":true,"href":"https:\/\/lasilusiones.com.ar\/blog\/wp-json\/wp\/v2\/categories?post=270"},{"taxonomy":"post_tag","embeddable":true,"href":"https:\/\/lasilusiones.com.ar\/blog\/wp-json\/wp\/v2\/tags?post=270"}],"curies":[{"name":"wp","href":"https:\/\/api.w.org\/{rel}","templated":true}]}}