{"id":2713,"date":"2024-11-22T07:40:21","date_gmt":"2024-11-22T10:40:21","guid":{"rendered":"https:\/\/lasilusiones.com.ar\/blog\/?p=2713"},"modified":"2024-11-22T07:40:22","modified_gmt":"2024-11-22T10:40:22","slug":"22-de-noviembre-dia-internacional-de-la-musica","status":"publish","type":"post","link":"https:\/\/lasilusiones.com.ar\/blog\/22-de-noviembre-dia-internacional-de-la-musica\/","title":{"rendered":"22 de noviembre: D\u00eda Internacional de la M\u00fasica"},"content":{"rendered":"\n<p><\/p>\n\n\n\n<p>Esta fecha se celebra en homenaje a Santa Cecilia, patrona de la m\u00fasica. En Las Ilusiones, la m\u00fasica est\u00e1 muy presente, la cantamos, la bailamos, la disfrutamos en todas sus formas. As\u00ed es que hace varios a\u00f1os decidimos formar nuestra propia y ya famosa banda: Los Bonette. <\/p>\n\n\n\n<p>Con muchos logros, varias presentaciones y videoclips incluidos, la banda se va transformando con el paso del tiempo, permitiendo a nuevos artistas formar parte, sumar su aporte y disfrutar la experiencia. Juani Torres, baterista, sigue firme marcando el pulso desde el inicio de Los Bonette. En abril se sumaron Santiago Sala, m\u00fasicoterapeuta y referente de canto en Conectados, como coordinador y guitarrista de la banda y Jorge Maxi Ortiz y Nicol\u00e1s Trent\u00edn, artistas de CABA, en voz y percusi\u00f3n. Conversamos con ellos sobre qu\u00e9 sienten formando parte de la banda.<br><\/p>\n\n\n\n<p><strong>\u00bfC\u00f3mo fue la propuesta de sumarse a Los Bonette?<\/strong><\/p>\n\n\n\n<p><strong>Jorge Maxi:<\/strong> Varias veces hab\u00eda recibido invitaciones por parte de la banda para que vaya a cantar o colaborar en diferentes lugares. Ahora me convocaron y soy parte de la banda oficialmente. Estoy contento con eso y con poder mostrarles a todos que tambi\u00e9n s\u00e9 cantar, adem\u00e1s de actuar (que es lo que m\u00e1s me gusta). Hoy soy el cantante de la banda.<\/p>\n\n\n\n<p><strong>Nico:<\/strong> Luz Ferrari me sugiri\u00f3 formar parte de este proyecto. Mi rol en la banda es un poco de percusi\u00f3n, tocar el piano y cantar. Primero me convocaron para un reemplazo y me gust\u00f3 estar porque tambi\u00e9n me gusta para conocer m\u00e1s gente, tener m\u00e1s grupos de amigos.\u00a0<\/p>\n\n\n\n<p><strong>Santi:<\/strong> Nacho me comunic\u00f3 la posibilidad de coordinar el espacio y acced\u00ed sin pensarlo. Ya hab\u00eda intentado participar en el pasado y, por una cuesti\u00f3n de tiempos, no se pudo. \u00a1As\u00ed que fue una felicidad enorme! Mi rol, en lo musical, es tocar la guitarra y acompa\u00f1ar con la voz. En los ensayos intentamos armar un espacio donde cada uno pueda explorar y jugar. Vamos proponiendo temas seg\u00fan lo que guste a cada uno y en alguno que conectamos y sale bien, decimos: <em>\u2018Bueno, vamos con este\u2019<\/em>. Luego, dependiendo de la canci\u00f3n, su tonalidad o tiempo, vamos pensando distintas adaptaciones musicales para sumar sonidos nuevos y, gracias a esto, vamos pasando por varios instrumentos y g\u00e9neros musicales.<\/p>\n\n\n\n<p>Por su parte, <strong>Juani<\/strong> nos dijo que estaba contento con sus nuevos compa\u00f1eros, que es lindo que est\u00e9n, y que recuerda cuando Lu y Agos lo invitaron a participar: &#8220;<em>Me gusta estar en la banda porque hacemos recitales y shows<\/em>&#8220;. <\/p>\n\n\n\n<p><strong>\u00bfQu\u00e9 temas les gustar\u00eda tocar en vivo?<\/strong><\/p>\n\n\n\n<p><strong>Jorge Maxi:<\/strong> Me gustar\u00eda cantar \u201cLa ventanita\u201d o el tema de la selecci\u00f3n \u201cMuchachos\u201d.<\/p>\n\n\n\n<p><strong>Nico: <\/strong>La canci\u00f3n que m\u00e1s me gusta cantar es el tema de R\u00e1faga \u201cUna cerveza\u201d.<\/p>\n\n\n\n<p><strong>Juani: <\/strong>&#8220;Si me tomo una cerveza&#8221;, de Rombai.<\/p>\n\n\n\n<p><strong>\u00bfQu\u00e9 la m\u00fasica para ustedes?<\/strong><\/p>\n\n\n\n<p><strong>Jorge Maxi<\/strong>: La m\u00fasica para mi es una compa\u00f1\u00eda en los diferentes estados de \u00e1nimo.\u00a0<\/p>\n\n\n\n<p><strong>Nico:<\/strong> La m\u00fasica yo la tomo como una terapia, cuando yo estuve mal, con cosas emocionales, yo siento que la m\u00fasica me salv\u00f3, me gusta por eso porque siento que la m\u00fasica es como un refugio.<\/p>\n\n\n\n<p><strong>Santi:<\/strong> Uff, qu\u00e9 pregunta dif\u00edcil de responder. La m\u00fasica es una parte fundamental de mi vida, me acompa\u00f1a desde siempre, es dif\u00edcil de resumir. Tengo recuerdos donde la m\u00fasica estuvo presente desde muy chico. Comenc\u00e9 con clases de guitarra a los 10 a\u00f1os para poder acompa\u00f1ar canciones y cantarlas y, a los pocos a\u00f1os, comenzamos una banda con mis amigos del barrio. Desde ah\u00ed fui pasando por varios grupos musicales distintos, en algunos tocando la guitarra, en otros cantando o acompa\u00f1ando con otro instrumento y as\u00ed hasta que en 2021 me recib\u00ed de musicoterapeuta, donde pude profundizar y fortalecer la conexi\u00f3n entre la m\u00fasica y las personas. La m\u00fasica tiene el poder de unir a las personas m\u00e1s all\u00e1 de cualquier barrera. Es el mejor canal (desde mi punto de vista) para expresarse y conectar con uno y con los dem\u00e1s.<\/p>\n\n\n\n<p>Por \u00faltimo, le consultamos a Santi cu\u00e1les eran sus deseos para el futuro de la banda y esto nos respondi\u00f3: &#8220;<em>Espero seguir sumando ensayos, trabajar en canciones nuevas, hacer canciones propias de la banda, grabarlas y filmar m\u00e1s videoclips y canciones y, por supuesto, m\u00e1s shows en vivo&#8221;.<\/em><\/p>\n\n\n\n<p><\/p>\n\n\n\n<p class=\"has-text-align-center\" style=\"font-size:18px\"><strong>\u00bfY qu\u00e9 es la m\u00fasica para ustedes que nos leen?<em><br><\/em><\/strong><\/p>\n\n\n\n<p><\/p>\n","protected":false},"excerpt":{"rendered":"<p>Esta fecha se celebra en homenaje a Santa Cecilia, patrona de la m\u00fasica. En Las Ilusiones, la m\u00fasica est\u00e1 muy presente, la cantamos, la bailamos,&hellip;<\/p>\n","protected":false},"author":2,"featured_media":0,"comment_status":"open","ping_status":"open","sticky":false,"template":"","format":"standard","meta":{"_monsterinsights_skip_tracking":false,"_monsterinsights_sitenote_active":false,"_monsterinsights_sitenote_note":"","_monsterinsights_sitenote_category":0,"footnotes":""},"categories":[4],"tags":[],"class_list":["post-2713","post","type-post","status-publish","format-standard","hentry","category-articulo"],"_links":{"self":[{"href":"https:\/\/lasilusiones.com.ar\/blog\/wp-json\/wp\/v2\/posts\/2713","targetHints":{"allow":["GET"]}}],"collection":[{"href":"https:\/\/lasilusiones.com.ar\/blog\/wp-json\/wp\/v2\/posts"}],"about":[{"href":"https:\/\/lasilusiones.com.ar\/blog\/wp-json\/wp\/v2\/types\/post"}],"author":[{"embeddable":true,"href":"https:\/\/lasilusiones.com.ar\/blog\/wp-json\/wp\/v2\/users\/2"}],"replies":[{"embeddable":true,"href":"https:\/\/lasilusiones.com.ar\/blog\/wp-json\/wp\/v2\/comments?post=2713"}],"version-history":[{"count":1,"href":"https:\/\/lasilusiones.com.ar\/blog\/wp-json\/wp\/v2\/posts\/2713\/revisions"}],"predecessor-version":[{"id":2714,"href":"https:\/\/lasilusiones.com.ar\/blog\/wp-json\/wp\/v2\/posts\/2713\/revisions\/2714"}],"wp:attachment":[{"href":"https:\/\/lasilusiones.com.ar\/blog\/wp-json\/wp\/v2\/media?parent=2713"}],"wp:term":[{"taxonomy":"category","embeddable":true,"href":"https:\/\/lasilusiones.com.ar\/blog\/wp-json\/wp\/v2\/categories?post=2713"},{"taxonomy":"post_tag","embeddable":true,"href":"https:\/\/lasilusiones.com.ar\/blog\/wp-json\/wp\/v2\/tags?post=2713"}],"curies":[{"name":"wp","href":"https:\/\/api.w.org\/{rel}","templated":true}]}}